{"id":8694,"date":"2024-02-14T13:45:39","date_gmt":"2024-02-14T16:45:39","guid":{"rendered":"https:\/\/sulsc.com\/?p=8694"},"modified":"2024-02-14T13:45:39","modified_gmt":"2024-02-14T16:45:39","slug":"no-sul-de-sc-mae-e-filha-34-e-4-anos-morrem-em-acidente-na-br-101","status":"publish","type":"post","link":"https:\/\/sulsc.com\/index.php\/2024\/02\/14\/no-sul-de-sc-mae-e-filha-34-e-4-anos-morrem-em-acidente-na-br-101\/","title":{"rendered":"No Sul de SC, m\u00e3e e filha (34 e 4 anos) morrem em acidente na BR-101"},"content":{"rendered":"<p><img fetchpriority=\"high\" decoding=\"async\" class=\"aligncenter  wp-image-8695\" src=\"http:\/\/sulsc.com\/wp-content\/uploads\/2024\/02\/1-3.png\" alt=\"\" width=\"722\" height=\"561\" \/><br \/>\nUm acidente com mortes ocorreu em <strong>S\u00e3o Jo\u00e3o do Sul<\/strong>, na microrregi\u00e3o de <strong>Ararangu\u00e1 <\/strong>(divisa com o RS), por volta das 6h45 desta quarta-feira (14), no Km 450 no sentido Sul da BR-101. Um Peugeot\/2008 com placas de Porto Alegre (RS) saiu de pista e capotou. O condutor do ve\u00edculo, um homem de 39 anos, sofreu les\u00f5es graves e foi encaminhado para atendimento m\u00e9dico. No entanto, duas passageiras n\u00e3o resistiram ao impacto. Uma mulher de 38 anos e a filha do casal, 4, morreram no local.<\/p>\n<p>As circunst\u00e2ncias que levaram \u00e0 sa\u00edda de pista e ao capotamento est\u00e3o sendo investigadas pelas autoridades competentes. O local do acidente foi isolado pela Pol\u00edcia Rodovi\u00e1ria Federal (PRF) para a realiza\u00e7\u00e3o dos procedimentos legais pela Policia Cient\u00edfica de SC.<\/p>\n<p>A equipe de resgate e as autoridades continuam trabalhando para esclarecer os fatos da causa. A chuva e a aquaplanagem do carro podem ter sido motivos da perda de controle do Peugeot pelo motorista e o seguido capotamento. Os corpos de m\u00e3e e filha foram levados ao IML de Ararangu\u00e1 e ser\u00e3o liberados \u00e0 fam\u00edlia ainda durante esta tarde. O pai e marido das v\u00edtimas segue internado em estado grav\u00edssimo.<\/p>\n","protected":false},"excerpt":{"rendered":"<p>Um acidente com mortes ocorreu em S\u00e3o Jo\u00e3o do Sul, na microrregi\u00e3o de Ararangu\u00e1 (divisa com o RS), por volta das 6h45 desta quarta-feira (14), no Km 450 no sentido Sul da BR-101. Um Peugeot\/2008 com placas de Porto Alegre (RS) saiu de pista e capotou. O condutor do ve\u00edculo, um homem de 39 anos, &hellip;<\/p>\n<p class=\"read-more\"> <a class=\"\" href=\"https:\/\/sulsc.com\/index.php\/2024\/02\/14\/no-sul-de-sc-mae-e-filha-34-e-4-anos-morrem-em-acidente-na-br-101\/\"> <span class=\"screen-reader-text\">No Sul de SC, m\u00e3e e filha (34 e 4 anos) morrem em acidente na BR-101<\/span> Read More &raquo;<\/a><\/p>\n","protected":false},"author":3,"featured_media":8695,"comment_status":"open","ping_status":"open","sticky":false,"template":"","format":"standard","meta":{"site-sidebar-layout":"default","site-content-layout":"","ast-site-content-layout":"default","site-content-style":"default","site-sidebar-style":"default","ast-global-header-display":"","ast-banner-title-visibility":"","ast-main-header-display":"","ast-hfb-above-header-display":"","ast-hfb-below-header-display":"","ast-hfb-mobile-header-display":"","site-post-title":"","ast-breadcrumbs-content":"","ast-featured-img":"","footer-sml-layout":"","theme-transparent-header-meta":"default","adv-header-id-meta":"","stick-header-meta":"","header-above-stick-meta":"","header-main-stick-meta":"","header-below-stick-meta":"","astra-migrate-meta-layouts":"set","footnotes":""},"categories":[24],"tags":[224,1267,273,1266,1265,219,247],"yoast_head":"<!-- This site is optimized with the Yoast SEO plugin v21.4 - https:\/\/yoast.com\/wordpress\/plugins\/seo\/ -->\n<title>No Sul de SC, m\u00e3e e filha (34 e 4 anos) morrem em acidente na BR-101 -<\/title>\n<meta name=\"robots\" content=\"index, follow, max-snippet:-1, max-image-preview:large, max-video-preview:-1\" \/>\n<link rel=\"canonical\" href=\"https:\/\/sulsc.com\/index.php\/2024\/02\/14\/no-sul-de-sc-mae-e-filha-34-e-4-anos-morrem-em-acidente-na-br-101\/\" \/>\n<meta property=\"og:locale\" content=\"en_US\" \/>\n<meta property=\"og:type\" content=\"article\" \/>\n<meta property=\"og:title\" content=\"No Sul de SC, m\u00e3e e filha (34 e 4 anos) morrem em acidente na BR-101 -\" \/>\n<meta property=\"og:description\" content=\"Um acidente com mortes ocorreu em S\u00e3o Jo\u00e3o do Sul, na microrregi\u00e3o de Ararangu\u00e1 (divisa com o RS), por volta das 6h45 desta quarta-feira (14), no Km 450 no sentido Sul da BR-101. Um Peugeot\/2008 com placas de Porto Alegre (RS) saiu de pista e capotou. O condutor do ve\u00edculo, um homem de 39 anos, &hellip; No Sul de SC, m\u00e3e e filha (34 e 4 anos) morrem em acidente na BR-101 Read More &raquo;\" \/>\n<meta property=\"og:url\" content=\"https:\/\/sulsc.com\/index.php\/2024\/02\/14\/no-sul-de-sc-mae-e-filha-34-e-4-anos-morrem-em-acidente-na-br-101\/\" \/>\n<meta property=\"article:author\" content=\"https:\/\/www.facebook.com\/profile.php?id=61559278119680\" \/>\n<meta property=\"article:published_time\" content=\"2024-02-14T16:45:39+00:00\" \/>\n<meta property=\"og:image\" content=\"http:\/\/sulsc.com\/wp-content\/uploads\/2024\/02\/1-3.png\" \/>\n\t<meta property=\"og:image:width\" content=\"452\" \/>\n\t<meta property=\"og:image:height\" content=\"449\" \/>\n\t<meta property=\"og:image:type\" content=\"image\/png\" \/>\n<meta name=\"author\" content=\"Reda\u00e7\u00e3o Sul SC\" \/>\n<meta name=\"twitter:card\" content=\"summary_large_image\" \/>\n<meta name=\"twitter:creator\" content=\"@https:\/\/twitter.com\/PortalSulSC\" \/>\n<meta name=\"twitter:label1\" content=\"Written by\" \/>\n\t<meta name=\"twitter:data1\" content=\"Reda\u00e7\u00e3o Sul SC\" \/>\n\t<meta name=\"twitter:label2\" content=\"Est. reading time\" \/>\n\t<meta name=\"twitter:data2\" content=\"2 minutes\" \/>\n<script type=\"application\/ld+json\" class=\"yoast-schema-graph\">{\"@context\":\"https:\/\/schema.org\",\"@graph\":[{\"@type\":\"WebPage\",\"@id\":\"https:\/\/sulsc.com\/index.php\/2024\/02\/14\/no-sul-de-sc-mae-e-filha-34-e-4-anos-morrem-em-acidente-na-br-101\/\",\"url\":\"https:\/\/sulsc.com\/index.php\/2024\/02\/14\/no-sul-de-sc-mae-e-filha-34-e-4-anos-morrem-em-acidente-na-br-101\/\",\"name\":\"No Sul de SC, m\u00e3e e filha (34 e 4 anos) morrem em acidente na BR-101 -\",\"isPartOf\":{\"@id\":\"https:\/\/sulsc.com\/#website\"},\"datePublished\":\"2024-02-14T16:45:39+00:00\",\"dateModified\":\"2024-02-14T16:45:39+00:00\",\"author\":{\"@id\":\"https:\/\/sulsc.com\/#\/schema\/person\/84d2fc571684f6248ba83092f07750a3\"},\"breadcrumb\":{\"@id\":\"https:\/\/sulsc.com\/index.php\/2024\/02\/14\/no-sul-de-sc-mae-e-filha-34-e-4-anos-morrem-em-acidente-na-br-101\/#breadcrumb\"},\"inLanguage\":\"en-US\",\"potentialAction\":[{\"@type\":\"ReadAction\",\"target\":[\"https:\/\/sulsc.com\/index.php\/2024\/02\/14\/no-sul-de-sc-mae-e-filha-34-e-4-anos-morrem-em-acidente-na-br-101\/\"]}]},{\"@type\":\"BreadcrumbList\",\"@id\":\"https:\/\/sulsc.com\/index.php\/2024\/02\/14\/no-sul-de-sc-mae-e-filha-34-e-4-anos-morrem-em-acidente-na-br-101\/#breadcrumb\",\"itemListElement\":[{\"@type\":\"ListItem\",\"position\":1,\"name\":\"In\u00edcio\",\"item\":\"https:\/\/sulsc.com\/\"},{\"@type\":\"ListItem\",\"position\":2,\"name\":\"No Sul de SC, m\u00e3e e filha (34 e 4 anos) morrem em acidente na BR-101\"}]},{\"@type\":\"WebSite\",\"@id\":\"https:\/\/sulsc.com\/#website\",\"url\":\"https:\/\/sulsc.com\/\",\"name\":\"\",\"description\":\"\",\"potentialAction\":[{\"@type\":\"SearchAction\",\"target\":{\"@type\":\"EntryPoint\",\"urlTemplate\":\"https:\/\/sulsc.com\/?s={search_term_string}\"},\"query-input\":\"required name=search_term_string\"}],\"inLanguage\":\"en-US\"},{\"@type\":\"Person\",\"@id\":\"https:\/\/sulsc.com\/#\/schema\/person\/84d2fc571684f6248ba83092f07750a3\",\"name\":\"Reda\u00e7\u00e3o Sul SC\",\"image\":{\"@type\":\"ImageObject\",\"inLanguage\":\"en-US\",\"@id\":\"https:\/\/sulsc.com\/#\/schema\/person\/image\/e08d7fe2cc4ed596372063bbe852b8d0\",\"url\":\"https:\/\/sulsc.com\/wp-content\/uploads\/2023\/09\/redacao.png\",\"contentUrl\":\"https:\/\/sulsc.com\/wp-content\/uploads\/2023\/09\/redacao.png\",\"caption\":\"Reda\u00e7\u00e3o Sul SC\"},\"description\":\"Foco em um jornalismo imparcial, voltado \u00e0 qualidade dos seus conte\u00fados e, assim, levar informa\u00e7\u00e3o de valor que agregue \u00e0 vida dos leitores. Esta \u00e9 grande miss\u00e3o do Portal de Not\u00edcias Sul SC. N\u00e3o \u00e9 quantidade que muda o mundo, sempre foi e seguir\u00e1 sendo qualidade!\",\"sameAs\":[\"https:\/\/sulsc.com\/\",\"https:\/\/www.facebook.com\/profile.php?id=61559278119680\",\"https:\/\/www.instagram.com\/sulscportal\/?hl=pt-br\",\"https:\/\/twitter.com\/https:\/\/twitter.com\/PortalSulSC\",\"https:\/\/www.youtube.com\/channel\/UCv_BE8GeySluDov2n8qhVmw\"],\"url\":\"https:\/\/sulsc.com\/index.php\/author\/redacao\/\"}]}<\/script>\n<!-- \/ Yoast SEO plugin. -->","yoast_head_json":{"title":"No Sul de SC, m\u00e3e e filha (34 e 4 anos) morrem em acidente na BR-101 -","robots":{"index":"index","follow":"follow","max-snippet":"max-snippet:-1","max-image-preview":"max-image-preview:large","max-video-preview":"max-video-preview:-1"},"canonical":"https:\/\/sulsc.com\/index.php\/2024\/02\/14\/no-sul-de-sc-mae-e-filha-34-e-4-anos-morrem-em-acidente-na-br-101\/","og_locale":"en_US","og_type":"article","og_title":"No Sul de SC, m\u00e3e e filha (34 e 4 anos) morrem em acidente na BR-101 -","og_description":"Um acidente com mortes ocorreu em S\u00e3o Jo\u00e3o do Sul, na microrregi\u00e3o de Ararangu\u00e1 (divisa com o RS), por volta das 6h45 desta quarta-feira (14), no Km 450 no sentido Sul da BR-101. Um Peugeot\/2008 com placas de Porto Alegre (RS) saiu de pista e capotou. O condutor do ve\u00edculo, um homem de 39 anos, &hellip; No Sul de SC, m\u00e3e e filha (34 e 4 anos) morrem em acidente na BR-101 Read More &raquo;","og_url":"https:\/\/sulsc.com\/index.php\/2024\/02\/14\/no-sul-de-sc-mae-e-filha-34-e-4-anos-morrem-em-acidente-na-br-101\/","article_author":"https:\/\/www.facebook.com\/profile.php?id=61559278119680","article_published_time":"2024-02-14T16:45:39+00:00","og_image":[{"width":452,"height":449,"url":"http:\/\/sulsc.com\/wp-content\/uploads\/2024\/02\/1-3.png","type":"image\/png"}],"author":"Reda\u00e7\u00e3o Sul SC","twitter_card":"summary_large_image","twitter_creator":"@https:\/\/twitter.com\/PortalSulSC","twitter_misc":{"Written by":"Reda\u00e7\u00e3o Sul SC","Est. reading time":"2 minutes"},"schema":{"@context":"https:\/\/schema.org","@graph":[{"@type":"WebPage","@id":"https:\/\/sulsc.com\/index.php\/2024\/02\/14\/no-sul-de-sc-mae-e-filha-34-e-4-anos-morrem-em-acidente-na-br-101\/","url":"https:\/\/sulsc.com\/index.php\/2024\/02\/14\/no-sul-de-sc-mae-e-filha-34-e-4-anos-morrem-em-acidente-na-br-101\/","name":"No Sul de SC, m\u00e3e e filha (34 e 4 anos) morrem em acidente na BR-101 -","isPartOf":{"@id":"https:\/\/sulsc.com\/#website"},"datePublished":"2024-02-14T16:45:39+00:00","dateModified":"2024-02-14T16:45:39+00:00","author":{"@id":"https:\/\/sulsc.com\/#\/schema\/person\/84d2fc571684f6248ba83092f07750a3"},"breadcrumb":{"@id":"https:\/\/sulsc.com\/index.php\/2024\/02\/14\/no-sul-de-sc-mae-e-filha-34-e-4-anos-morrem-em-acidente-na-br-101\/#breadcrumb"},"inLanguage":"en-US","potentialAction":[{"@type":"ReadAction","target":["https:\/\/sulsc.com\/index.php\/2024\/02\/14\/no-sul-de-sc-mae-e-filha-34-e-4-anos-morrem-em-acidente-na-br-101\/"]}]},{"@type":"BreadcrumbList","@id":"https:\/\/sulsc.com\/index.php\/2024\/02\/14\/no-sul-de-sc-mae-e-filha-34-e-4-anos-morrem-em-acidente-na-br-101\/#breadcrumb","itemListElement":[{"@type":"ListItem","position":1,"name":"In\u00edcio","item":"https:\/\/sulsc.com\/"},{"@type":"ListItem","position":2,"name":"No Sul de SC, m\u00e3e e filha (34 e 4 anos) morrem em acidente na BR-101"}]},{"@type":"WebSite","@id":"https:\/\/sulsc.com\/#website","url":"https:\/\/sulsc.com\/","name":"","description":"","potentialAction":[{"@type":"SearchAction","target":{"@type":"EntryPoint","urlTemplate":"https:\/\/sulsc.com\/?s={search_term_string}"},"query-input":"required name=search_term_string"}],"inLanguage":"en-US"},{"@type":"Person","@id":"https:\/\/sulsc.com\/#\/schema\/person\/84d2fc571684f6248ba83092f07750a3","name":"Reda\u00e7\u00e3o Sul SC","image":{"@type":"ImageObject","inLanguage":"en-US","@id":"https:\/\/sulsc.com\/#\/schema\/person\/image\/e08d7fe2cc4ed596372063bbe852b8d0","url":"https:\/\/sulsc.com\/wp-content\/uploads\/2023\/09\/redacao.png","contentUrl":"https:\/\/sulsc.com\/wp-content\/uploads\/2023\/09\/redacao.png","caption":"Reda\u00e7\u00e3o Sul SC"},"description":"Foco em um jornalismo imparcial, voltado \u00e0 qualidade dos seus conte\u00fados e, assim, levar informa\u00e7\u00e3o de valor que agregue \u00e0 vida dos leitores. Esta \u00e9 grande miss\u00e3o do Portal de Not\u00edcias Sul SC. N\u00e3o \u00e9 quantidade que muda o mundo, sempre foi e seguir\u00e1 sendo qualidade!","sameAs":["https:\/\/sulsc.com\/","https:\/\/www.facebook.com\/profile.php?id=61559278119680","https:\/\/www.instagram.com\/sulscportal\/?hl=pt-br","https:\/\/twitter.com\/https:\/\/twitter.com\/PortalSulSC","https:\/\/www.youtube.com\/channel\/UCv_BE8GeySluDov2n8qhVmw"],"url":"https:\/\/sulsc.com\/index.php\/author\/redacao\/"}]}},"authors":[],"_links":{"self":[{"href":"https:\/\/sulsc.com\/index.php\/wp-json\/wp\/v2\/posts\/8694"}],"collection":[{"href":"https:\/\/sulsc.com\/index.php\/wp-json\/wp\/v2\/posts"}],"about":[{"href":"https:\/\/sulsc.com\/index.php\/wp-json\/wp\/v2\/types\/post"}],"author":[{"embeddable":true,"href":"https:\/\/sulsc.com\/index.php\/wp-json\/wp\/v2\/users\/3"}],"replies":[{"embeddable":true,"href":"https:\/\/sulsc.com\/index.php\/wp-json\/wp\/v2\/comments?post=8694"}],"version-history":[{"count":1,"href":"https:\/\/sulsc.com\/index.php\/wp-json\/wp\/v2\/posts\/8694\/revisions"}],"predecessor-version":[{"id":8696,"href":"https:\/\/sulsc.com\/index.php\/wp-json\/wp\/v2\/posts\/8694\/revisions\/8696"}],"wp:featuredmedia":[{"embeddable":true,"href":"https:\/\/sulsc.com\/index.php\/wp-json\/wp\/v2\/media\/8695"}],"wp:attachment":[{"href":"https:\/\/sulsc.com\/index.php\/wp-json\/wp\/v2\/media?parent=8694"}],"wp:term":[{"taxonomy":"category","embeddable":true,"href":"https:\/\/sulsc.com\/index.php\/wp-json\/wp\/v2\/categories?post=8694"},{"taxonomy":"post_tag","embeddable":true,"href":"https:\/\/sulsc.com\/index.php\/wp-json\/wp\/v2\/tags?post=8694"}],"curies":[{"name":"wp","href":"https:\/\/api.w.org\/{rel}","templated":true}]}}