{"id":8759,"date":"2024-02-15T15:47:51","date_gmt":"2024-02-15T18:47:51","guid":{"rendered":"https:\/\/sulsc.com\/?p=8759"},"modified":"2024-02-15T15:47:51","modified_gmt":"2024-02-15T18:47:51","slug":"acao-de-conscientizacao-sobre-transito-ocorre-nesta-sexta-16-em-tb","status":"publish","type":"post","link":"https:\/\/sulsc.com\/index.php\/2024\/02\/15\/acao-de-conscientizacao-sobre-transito-ocorre-nesta-sexta-16-em-tb\/","title":{"rendered":"A\u00e7\u00e3o de conscientiza\u00e7\u00e3o sobre tr\u00e2nsito ocorre nesta sexta (16), em TB"},"content":{"rendered":"<p><img fetchpriority=\"high\" decoding=\"async\" class=\"aligncenter size-full wp-image-8760\" src=\"http:\/\/sulsc.com\/wp-content\/uploads\/2024\/02\/3-8.jpg\" alt=\"\" width=\"1600\" height=\"1200\" srcset=\"https:\/\/sulsc.com\/wp-content\/uploads\/2024\/02\/3-8.jpg 1600w, https:\/\/sulsc.com\/wp-content\/uploads\/2024\/02\/3-8-300x225.jpg 300w, https:\/\/sulsc.com\/wp-content\/uploads\/2024\/02\/3-8-1024x768.jpg 1024w, https:\/\/sulsc.com\/wp-content\/uploads\/2024\/02\/3-8-768x576.jpg 768w, https:\/\/sulsc.com\/wp-content\/uploads\/2024\/02\/3-8-1536x1152.jpg 1536w\" sizes=\"(max-width: 1600px) 100vw, 1600px\" \/><\/p>\n<p>A CCR ViaCosteira, em parceria com a Pol\u00edcia Rodovi\u00e1ria Federal (PRF), a Ag\u00eancia Nacional de Transportes Terrestres (ANTT) e o Sest\/Senat de <strong>Crici\u00fama<\/strong>, realizam, nesta sexta-feira (16), uma a\u00e7\u00e3o de conscientiza\u00e7\u00e3o sobre dire\u00e7\u00e3o segura para condutores. A iniciativa ocorre das 7h30 \u00e0s 11h30, no viaduto do <strong>km 333<\/strong> da BR-101 Sul, em <strong>Tubar\u00e3o<\/strong>.<\/p>\n<p>Na oportunidade, os motoristas ser\u00e3o convidados a assistir a um v\u00eddeo educativo com orienta\u00e7\u00f5es sobre como trafegar em seguran\u00e7a pela rodovia. Al\u00e9m disso, os motociclistas receber\u00e3o das equipes da Concession\u00e1ria material de conscientiza\u00e7\u00e3o refor\u00e7ando a import\u00e2ncia de realizar a manuten\u00e7\u00e3o preventiva do ve\u00edculo.<\/p>\n<p>\u201cNosso compromisso com a seguran\u00e7a vi\u00e1ria \u00e9 prioridade. Por isso, a\u00e7\u00f5es como esta s\u00e3o fundamentais para contribuir na redu\u00e7\u00e3o dos acidentes e conscientiza\u00e7\u00e3o dos motoristas\u201d, pretende o coordenador de Opera\u00e7\u00f5es da CCR ViaCosteira, Henry Klein.<\/p>\n","protected":false},"excerpt":{"rendered":"<p>A CCR ViaCosteira, em parceria com a Pol\u00edcia Rodovi\u00e1ria Federal (PRF), a Ag\u00eancia Nacional de Transportes Terrestres (ANTT) e o Sest\/Senat de Crici\u00fama, realizam, nesta sexta-feira (16), uma a\u00e7\u00e3o de conscientiza\u00e7\u00e3o sobre dire\u00e7\u00e3o segura para condutores. A iniciativa ocorre das 7h30 \u00e0s 11h30, no viaduto do km 333 da BR-101 Sul, em Tubar\u00e3o. Na oportunidade, &hellip;<\/p>\n<p class=\"read-more\"> <a class=\"\" href=\"https:\/\/sulsc.com\/index.php\/2024\/02\/15\/acao-de-conscientizacao-sobre-transito-ocorre-nesta-sexta-16-em-tb\/\"> <span class=\"screen-reader-text\">A\u00e7\u00e3o de conscientiza\u00e7\u00e3o sobre tr\u00e2nsito ocorre nesta sexta (16), em TB<\/span> Read More &raquo;<\/a><\/p>\n","protected":false},"author":3,"featured_media":8760,"comment_status":"open","ping_status":"open","sticky":false,"template":"","format":"standard","meta":{"site-sidebar-layout":"default","site-content-layout":"","ast-site-content-layout":"default","site-content-style":"default","site-sidebar-style":"default","ast-global-header-display":"","ast-banner-title-visibility":"","ast-main-header-display":"","ast-hfb-above-header-display":"","ast-hfb-below-header-display":"","ast-hfb-mobile-header-display":"","site-post-title":"","ast-breadcrumbs-content":"","ast-featured-img":"","footer-sml-layout":"","theme-transparent-header-meta":"default","adv-header-id-meta":"","stick-header-meta":"","header-above-stick-meta":"","header-main-stick-meta":"","header-below-stick-meta":"","astra-migrate-meta-layouts":"set","footnotes":""},"categories":[1],"tags":[1287,273,1148,1288,476,570,903],"yoast_head":"<!-- This site is optimized with the Yoast SEO plugin v21.4 - https:\/\/yoast.com\/wordpress\/plugins\/seo\/ -->\n<title>A\u00e7\u00e3o de conscientiza\u00e7\u00e3o sobre tr\u00e2nsito ocorre nesta sexta (16), em TB -<\/title>\n<meta name=\"description\" content=\"Al\u00e9m disso, os motociclistas receber\u00e3o das equipes da Concession\u00e1ria material de conscientiza\u00e7\u00e3o refor\u00e7ando a import\u00e2ncia de realizar a manuten\u00e7\u00e3o preventiva do ve\u00edculo.\" \/>\n<meta name=\"robots\" content=\"index, follow, max-snippet:-1, max-image-preview:large, max-video-preview:-1\" \/>\n<link rel=\"canonical\" href=\"https:\/\/sulsc.com\/index.php\/2024\/02\/15\/acao-de-conscientizacao-sobre-transito-ocorre-nesta-sexta-16-em-tb\/\" \/>\n<meta property=\"og:locale\" content=\"en_US\" \/>\n<meta property=\"og:type\" content=\"article\" \/>\n<meta property=\"og:title\" content=\"A\u00e7\u00e3o de conscientiza\u00e7\u00e3o sobre tr\u00e2nsito ocorre nesta sexta (16), em TB -\" \/>\n<meta property=\"og:description\" content=\"Al\u00e9m disso, os motociclistas receber\u00e3o das equipes da Concession\u00e1ria material de conscientiza\u00e7\u00e3o refor\u00e7ando a import\u00e2ncia de realizar a manuten\u00e7\u00e3o preventiva do ve\u00edculo.\" \/>\n<meta property=\"og:url\" content=\"https:\/\/sulsc.com\/index.php\/2024\/02\/15\/acao-de-conscientizacao-sobre-transito-ocorre-nesta-sexta-16-em-tb\/\" \/>\n<meta property=\"article:author\" content=\"https:\/\/www.facebook.com\/profile.php?id=61559278119680\" \/>\n<meta property=\"article:published_time\" content=\"2024-02-15T18:47:51+00:00\" \/>\n<meta property=\"og:image\" content=\"http:\/\/sulsc.com\/wp-content\/uploads\/2024\/02\/3-8.jpg\" \/>\n\t<meta property=\"og:image:width\" content=\"1600\" \/>\n\t<meta property=\"og:image:height\" content=\"1200\" \/>\n\t<meta property=\"og:image:type\" content=\"image\/jpeg\" \/>\n<meta name=\"author\" content=\"Reda\u00e7\u00e3o Sul SC\" \/>\n<meta name=\"twitter:card\" content=\"summary_large_image\" \/>\n<meta name=\"twitter:creator\" content=\"@https:\/\/twitter.com\/PortalSulSC\" \/>\n<meta name=\"twitter:label1\" content=\"Written by\" \/>\n\t<meta name=\"twitter:data1\" content=\"Reda\u00e7\u00e3o Sul SC\" \/>\n\t<meta name=\"twitter:label2\" content=\"Est. reading time\" \/>\n\t<meta name=\"twitter:data2\" content=\"1 minute\" \/>\n<script type=\"application\/ld+json\" class=\"yoast-schema-graph\">{\"@context\":\"https:\/\/schema.org\",\"@graph\":[{\"@type\":\"WebPage\",\"@id\":\"https:\/\/sulsc.com\/index.php\/2024\/02\/15\/acao-de-conscientizacao-sobre-transito-ocorre-nesta-sexta-16-em-tb\/\",\"url\":\"https:\/\/sulsc.com\/index.php\/2024\/02\/15\/acao-de-conscientizacao-sobre-transito-ocorre-nesta-sexta-16-em-tb\/\",\"name\":\"A\u00e7\u00e3o de conscientiza\u00e7\u00e3o sobre tr\u00e2nsito ocorre nesta sexta (16), em TB -\",\"isPartOf\":{\"@id\":\"https:\/\/sulsc.com\/#website\"},\"datePublished\":\"2024-02-15T18:47:51+00:00\",\"dateModified\":\"2024-02-15T18:47:51+00:00\",\"author\":{\"@id\":\"https:\/\/sulsc.com\/#\/schema\/person\/84d2fc571684f6248ba83092f07750a3\"},\"description\":\"Al\u00e9m disso, os motociclistas receber\u00e3o das equipes da Concession\u00e1ria material de conscientiza\u00e7\u00e3o refor\u00e7ando a import\u00e2ncia de realizar a manuten\u00e7\u00e3o preventiva do ve\u00edculo.\",\"breadcrumb\":{\"@id\":\"https:\/\/sulsc.com\/index.php\/2024\/02\/15\/acao-de-conscientizacao-sobre-transito-ocorre-nesta-sexta-16-em-tb\/#breadcrumb\"},\"inLanguage\":\"en-US\",\"potentialAction\":[{\"@type\":\"ReadAction\",\"target\":[\"https:\/\/sulsc.com\/index.php\/2024\/02\/15\/acao-de-conscientizacao-sobre-transito-ocorre-nesta-sexta-16-em-tb\/\"]}]},{\"@type\":\"BreadcrumbList\",\"@id\":\"https:\/\/sulsc.com\/index.php\/2024\/02\/15\/acao-de-conscientizacao-sobre-transito-ocorre-nesta-sexta-16-em-tb\/#breadcrumb\",\"itemListElement\":[{\"@type\":\"ListItem\",\"position\":1,\"name\":\"In\u00edcio\",\"item\":\"https:\/\/sulsc.com\/\"},{\"@type\":\"ListItem\",\"position\":2,\"name\":\"A\u00e7\u00e3o de conscientiza\u00e7\u00e3o sobre tr\u00e2nsito ocorre nesta sexta (16), em TB\"}]},{\"@type\":\"WebSite\",\"@id\":\"https:\/\/sulsc.com\/#website\",\"url\":\"https:\/\/sulsc.com\/\",\"name\":\"\",\"description\":\"\",\"potentialAction\":[{\"@type\":\"SearchAction\",\"target\":{\"@type\":\"EntryPoint\",\"urlTemplate\":\"https:\/\/sulsc.com\/?s={search_term_string}\"},\"query-input\":\"required name=search_term_string\"}],\"inLanguage\":\"en-US\"},{\"@type\":\"Person\",\"@id\":\"https:\/\/sulsc.com\/#\/schema\/person\/84d2fc571684f6248ba83092f07750a3\",\"name\":\"Reda\u00e7\u00e3o Sul SC\",\"image\":{\"@type\":\"ImageObject\",\"inLanguage\":\"en-US\",\"@id\":\"https:\/\/sulsc.com\/#\/schema\/person\/image\/e08d7fe2cc4ed596372063bbe852b8d0\",\"url\":\"https:\/\/sulsc.com\/wp-content\/uploads\/2023\/09\/redacao.png\",\"contentUrl\":\"https:\/\/sulsc.com\/wp-content\/uploads\/2023\/09\/redacao.png\",\"caption\":\"Reda\u00e7\u00e3o Sul SC\"},\"description\":\"Foco em um jornalismo imparcial, voltado \u00e0 qualidade dos seus conte\u00fados e, assim, levar informa\u00e7\u00e3o de valor que agregue \u00e0 vida dos leitores. Esta \u00e9 grande miss\u00e3o do Portal de Not\u00edcias Sul SC. N\u00e3o \u00e9 quantidade que muda o mundo, sempre foi e seguir\u00e1 sendo qualidade!\",\"sameAs\":[\"https:\/\/sulsc.com\/\",\"https:\/\/www.facebook.com\/profile.php?id=61559278119680\",\"https:\/\/www.instagram.com\/sulscportal\/?hl=pt-br\",\"https:\/\/twitter.com\/https:\/\/twitter.com\/PortalSulSC\",\"https:\/\/www.youtube.com\/channel\/UCv_BE8GeySluDov2n8qhVmw\"],\"url\":\"https:\/\/sulsc.com\/index.php\/author\/redacao\/\"}]}<\/script>\n<!-- \/ Yoast SEO plugin. -->","yoast_head_json":{"title":"A\u00e7\u00e3o de conscientiza\u00e7\u00e3o sobre tr\u00e2nsito ocorre nesta sexta (16), em TB -","description":"Al\u00e9m disso, os motociclistas receber\u00e3o das equipes da Concession\u00e1ria material de conscientiza\u00e7\u00e3o refor\u00e7ando a import\u00e2ncia de realizar a manuten\u00e7\u00e3o preventiva do ve\u00edculo.","robots":{"index":"index","follow":"follow","max-snippet":"max-snippet:-1","max-image-preview":"max-image-preview:large","max-video-preview":"max-video-preview:-1"},"canonical":"https:\/\/sulsc.com\/index.php\/2024\/02\/15\/acao-de-conscientizacao-sobre-transito-ocorre-nesta-sexta-16-em-tb\/","og_locale":"en_US","og_type":"article","og_title":"A\u00e7\u00e3o de conscientiza\u00e7\u00e3o sobre tr\u00e2nsito ocorre nesta sexta (16), em TB -","og_description":"Al\u00e9m disso, os motociclistas receber\u00e3o das equipes da Concession\u00e1ria material de conscientiza\u00e7\u00e3o refor\u00e7ando a import\u00e2ncia de realizar a manuten\u00e7\u00e3o preventiva do ve\u00edculo.","og_url":"https:\/\/sulsc.com\/index.php\/2024\/02\/15\/acao-de-conscientizacao-sobre-transito-ocorre-nesta-sexta-16-em-tb\/","article_author":"https:\/\/www.facebook.com\/profile.php?id=61559278119680","article_published_time":"2024-02-15T18:47:51+00:00","og_image":[{"width":1600,"height":1200,"url":"http:\/\/sulsc.com\/wp-content\/uploads\/2024\/02\/3-8.jpg","type":"image\/jpeg"}],"author":"Reda\u00e7\u00e3o Sul SC","twitter_card":"summary_large_image","twitter_creator":"@https:\/\/twitter.com\/PortalSulSC","twitter_misc":{"Written by":"Reda\u00e7\u00e3o Sul SC","Est. reading time":"1 minute"},"schema":{"@context":"https:\/\/schema.org","@graph":[{"@type":"WebPage","@id":"https:\/\/sulsc.com\/index.php\/2024\/02\/15\/acao-de-conscientizacao-sobre-transito-ocorre-nesta-sexta-16-em-tb\/","url":"https:\/\/sulsc.com\/index.php\/2024\/02\/15\/acao-de-conscientizacao-sobre-transito-ocorre-nesta-sexta-16-em-tb\/","name":"A\u00e7\u00e3o de conscientiza\u00e7\u00e3o sobre tr\u00e2nsito ocorre nesta sexta (16), em TB -","isPartOf":{"@id":"https:\/\/sulsc.com\/#website"},"datePublished":"2024-02-15T18:47:51+00:00","dateModified":"2024-02-15T18:47:51+00:00","author":{"@id":"https:\/\/sulsc.com\/#\/schema\/person\/84d2fc571684f6248ba83092f07750a3"},"description":"Al\u00e9m disso, os motociclistas receber\u00e3o das equipes da Concession\u00e1ria material de conscientiza\u00e7\u00e3o refor\u00e7ando a import\u00e2ncia de realizar a manuten\u00e7\u00e3o preventiva do ve\u00edculo.","breadcrumb":{"@id":"https:\/\/sulsc.com\/index.php\/2024\/02\/15\/acao-de-conscientizacao-sobre-transito-ocorre-nesta-sexta-16-em-tb\/#breadcrumb"},"inLanguage":"en-US","potentialAction":[{"@type":"ReadAction","target":["https:\/\/sulsc.com\/index.php\/2024\/02\/15\/acao-de-conscientizacao-sobre-transito-ocorre-nesta-sexta-16-em-tb\/"]}]},{"@type":"BreadcrumbList","@id":"https:\/\/sulsc.com\/index.php\/2024\/02\/15\/acao-de-conscientizacao-sobre-transito-ocorre-nesta-sexta-16-em-tb\/#breadcrumb","itemListElement":[{"@type":"ListItem","position":1,"name":"In\u00edcio","item":"https:\/\/sulsc.com\/"},{"@type":"ListItem","position":2,"name":"A\u00e7\u00e3o de conscientiza\u00e7\u00e3o sobre tr\u00e2nsito ocorre nesta sexta (16), em TB"}]},{"@type":"WebSite","@id":"https:\/\/sulsc.com\/#website","url":"https:\/\/sulsc.com\/","name":"","description":"","potentialAction":[{"@type":"SearchAction","target":{"@type":"EntryPoint","urlTemplate":"https:\/\/sulsc.com\/?s={search_term_string}"},"query-input":"required name=search_term_string"}],"inLanguage":"en-US"},{"@type":"Person","@id":"https:\/\/sulsc.com\/#\/schema\/person\/84d2fc571684f6248ba83092f07750a3","name":"Reda\u00e7\u00e3o Sul SC","image":{"@type":"ImageObject","inLanguage":"en-US","@id":"https:\/\/sulsc.com\/#\/schema\/person\/image\/e08d7fe2cc4ed596372063bbe852b8d0","url":"https:\/\/sulsc.com\/wp-content\/uploads\/2023\/09\/redacao.png","contentUrl":"https:\/\/sulsc.com\/wp-content\/uploads\/2023\/09\/redacao.png","caption":"Reda\u00e7\u00e3o Sul SC"},"description":"Foco em um jornalismo imparcial, voltado \u00e0 qualidade dos seus conte\u00fados e, assim, levar informa\u00e7\u00e3o de valor que agregue \u00e0 vida dos leitores. Esta \u00e9 grande miss\u00e3o do Portal de Not\u00edcias Sul SC. N\u00e3o \u00e9 quantidade que muda o mundo, sempre foi e seguir\u00e1 sendo qualidade!","sameAs":["https:\/\/sulsc.com\/","https:\/\/www.facebook.com\/profile.php?id=61559278119680","https:\/\/www.instagram.com\/sulscportal\/?hl=pt-br","https:\/\/twitter.com\/https:\/\/twitter.com\/PortalSulSC","https:\/\/www.youtube.com\/channel\/UCv_BE8GeySluDov2n8qhVmw"],"url":"https:\/\/sulsc.com\/index.php\/author\/redacao\/"}]}},"authors":[],"_links":{"self":[{"href":"https:\/\/sulsc.com\/index.php\/wp-json\/wp\/v2\/posts\/8759"}],"collection":[{"href":"https:\/\/sulsc.com\/index.php\/wp-json\/wp\/v2\/posts"}],"about":[{"href":"https:\/\/sulsc.com\/index.php\/wp-json\/wp\/v2\/types\/post"}],"author":[{"embeddable":true,"href":"https:\/\/sulsc.com\/index.php\/wp-json\/wp\/v2\/users\/3"}],"replies":[{"embeddable":true,"href":"https:\/\/sulsc.com\/index.php\/wp-json\/wp\/v2\/comments?post=8759"}],"version-history":[{"count":1,"href":"https:\/\/sulsc.com\/index.php\/wp-json\/wp\/v2\/posts\/8759\/revisions"}],"predecessor-version":[{"id":8761,"href":"https:\/\/sulsc.com\/index.php\/wp-json\/wp\/v2\/posts\/8759\/revisions\/8761"}],"wp:featuredmedia":[{"embeddable":true,"href":"https:\/\/sulsc.com\/index.php\/wp-json\/wp\/v2\/media\/8760"}],"wp:attachment":[{"href":"https:\/\/sulsc.com\/index.php\/wp-json\/wp\/v2\/media?parent=8759"}],"wp:term":[{"taxonomy":"category","embeddable":true,"href":"https:\/\/sulsc.com\/index.php\/wp-json\/wp\/v2\/categories?post=8759"},{"taxonomy":"post_tag","embeddable":true,"href":"https:\/\/sulsc.com\/index.php\/wp-json\/wp\/v2\/tags?post=8759"}],"curies":[{"name":"wp","href":"https:\/\/api.w.org\/{rel}","templated":true}]}}