{"id":878,"date":"2023-09-07T15:36:00","date_gmt":"2023-09-07T18:36:00","guid":{"rendered":"https:\/\/sulsc.com\/?p=878"},"modified":"2023-09-07T15:36:10","modified_gmt":"2023-09-07T18:36:10","slug":"governo-do-estado-anuncia-maior-concurso-publico-da-historia-para-a-educacao-e-outras-medidas-para-servidores-de-sc","status":"publish","type":"post","link":"https:\/\/sulsc.com\/index.php\/2023\/09\/07\/governo-do-estado-anuncia-maior-concurso-publico-da-historia-para-a-educacao-e-outras-medidas-para-servidores-de-sc\/","title":{"rendered":"Governo do Estado anuncia maior concurso p\u00fablico da hist\u00f3ria para a educa\u00e7\u00e3o e outras medidas para servidores de SC"},"content":{"rendered":"<p>Um pacote de a\u00e7\u00f5es para valorizar os servidores da Educa\u00e7\u00e3o foi anunciado nesta quarta-feira (6) pelo governador Jorginho Mello. A primeira medida do pacote \u00e9 o maior concurso da hist\u00f3ria da Secretaria, com a contrata\u00e7\u00e3o de 10 mil servidores efetivos. Ser\u00e3o 8 mil novos professores contratados e 2 mil profissionais para as \u00e1reas administrativas e pedag\u00f3gicas das escolas. O investimento para as a\u00e7\u00f5es de valoriza\u00e7\u00e3o dos servidores da \u00e1rea ser\u00e1 de R$ 1,9 bilh\u00e3o.<\/p>\n<p>Os professores ser\u00e3o beneficiados tamb\u00e9m com a amplia\u00e7\u00e3o do valor do vale-alimenta\u00e7\u00e3o, que, de forma escalonada, aumenta de R$ 12 para R$ 25 at\u00e9 2026. Todos os professores passar\u00e3o a ter tamb\u00e9m acesso sem custo adicional a plano odontol\u00f3gico, por meio do plano SC Sa\u00fade, oferecido aos servidores estaduais.<\/p>\n<p>As duas medidas atendem servidores estaduais de outras \u00e1reas tamb\u00e9m, como a Sa\u00fade e a Seguran\u00e7a.<\/p>\n<figure class=\"wp-block-image size-full\">\n<p><figure id=\"attachment_256370\" aria-describedby=\"caption-attachment-256370\" style=\"width: 5000px\" class=\"wp-caption alignnone\"><img fetchpriority=\"high\" decoding=\"async\" class=\"wp-image-256370\" src=\"https:\/\/estado.sc.gov.br\/noticias\/wp-content\/uploads\/sites\/3\/2023\/09\/023_valente_060920233997.jpg\" alt=\"\" width=\"5000\" height=\"3333\" \/><figcaption id=\"caption-attachment-256370\" class=\"wp-caption-text\">Foto: Eduardo Valente \/ Secom<\/figcaption><\/figure><figcaption class=\"wp-element-caption\"><\/figcaption>Atendendo a uma demanda de todos os servidores inativos, mas em especial do professores aposentados ap\u00f3s d\u00e9cadas de servi\u00e7o p\u00fablico, o governador Jorginho Mello est\u00e1 ampliando a faixa de isen\u00e7\u00e3o da al\u00edquota dos inativos para at\u00e9 tr\u00eas sal\u00e1rios m\u00ednimos. A al\u00edquota cai do atual 14% previsto em lei para uma al\u00edquota real de 2%, at\u00e9 janeiro de 2026, para quem ganha at\u00e9 R$ 5 mil reais de aposentadoria com uma redu\u00e7\u00e3o gradual que busca isentar da cobran\u00e7a quem recebe at\u00e9 3 sal\u00e1rios m\u00ednimos.<\/figure>\n<p>O governador assinou tamb\u00e9m o decreto para escolha do Plano de Gest\u00e3o Democr\u00e1tica Escolar. A medida amplia o espa\u00e7o para a comunidade escolar escolher quais a\u00e7\u00f5es querem que sejam realizadas nas escolas de Santa Catarina.<\/p>\n<p>\u201cSempre tivemos respeito e preocupa\u00e7\u00e3o pelos nossos servidores. Na educa\u00e7\u00e3o, j\u00e1 realizamos v\u00e1rias medidas para elevar a r\u00e9gua e a qualidade de nossas escolas, e isso passa tamb\u00e9m pela valoriza\u00e7\u00e3o dos professores, por isso estamos anunciando essas a\u00e7\u00f5es\u201d, destacou o governador Jorginho Mello.<\/p>\n<p>Participaram do ato os secret\u00e1rios de Estado da Educa\u00e7\u00e3o, Aristides Cimadon, da Casa Civil, Est\u00eaner Soratto, da Fazenda, Cleverson Siewert, da Administra\u00e7\u00e3o, Mois\u00e9s Diersmann, da Ci\u00eancia, Tecnologia e Inova\u00e7\u00e3o, Marcelo Fett, da Comunica\u00e7\u00e3o, Jo\u00e3o Debiasi, e o presidente interino da Alesc, Mauricio Eskudlark, al\u00e9m do secret\u00e1rio adjunto da Infraestrutura, Ricardo Grando, secret\u00e1ria adjunta da Comunica\u00e7\u00e3o, Renata Furlanetto e secret\u00e1ria adjunta da Educa\u00e7\u00e3o, Patr\u00edcia Lueders.<\/p>\n<p>&nbsp;<\/p>\n<p><strong>Concurso P\u00fablico para 10 mil novos servidores<\/strong><\/p>\n<p>O maior concurso p\u00fablico da hist\u00f3ria da educa\u00e7\u00e3o ter\u00e1 o chamamento de 8 mil professores e 2 mil profissionais da educa\u00e7\u00e3o. O \u00faltimo concurso p\u00fablico foi realizado em 2018, para 5 mil professores.<\/p>\n<p>O chamamento tamb\u00e9m inclui assistentes da educa\u00e7\u00e3o, assistente-t\u00e9cnico pedag\u00f3gicos, supervisores, orientadores, bibliotec\u00e1rios, nutricionistas e psic\u00f3logos. Os profissionais atuar\u00e3o nas escolas e coordenadorias regionais da educa\u00e7\u00e3o.<\/p>\n<div class=\"wp-block-file\">\n<p>&nbsp;<\/p>\n<p><strong>Gest\u00e3o democr\u00e1tica para escolha do plano de gest\u00e3o<\/strong><\/p>\n<p>O governador Jorginho Mello tamb\u00e9m assinou o decreto para escolha do Plano de Gest\u00e3o Democr\u00e1tica Escolar, visando a gest\u00e3o democr\u00e1tica nas escolas estaduais. O Plano ter\u00e1 a dura\u00e7\u00e3o de quatro anos e ser\u00e1 escolhido o que tiver o maior n\u00famero de votos v\u00e1lidos apurados. Poder\u00e3o votar profissionais da educa\u00e7\u00e3o da escola, respons\u00e1veis legais e estudantes, do sexto ano ao diante.<\/p>\n<p>&nbsp;<\/p>\n<p><strong>Aumento de 108% no valor do vale alimenta\u00e7\u00e3o<\/strong><\/p>\n<p>Beneficiando 98% dos servidores estaduais, o Governo do Estado anunciou o aumento gradativo do vale alimenta\u00e7\u00e3o, com um investimento de R$ 756 milh\u00f5es.\u00a0A partir de novembro, o vale dos servidores passa de R$12,00 para R$ 18,00. Em novembro de 2024, para R$ 22,00 e, em novembro de 2025, chega a R$ 25.<\/p>\n<\/div>\n<p>&nbsp;<\/p>\n<p>Fonte: Gov. de SC<\/p>\n","protected":false},"excerpt":{"rendered":"<p>Um pacote de a\u00e7\u00f5es para valorizar os servidores da Educa\u00e7\u00e3o foi anunciado nesta quarta-feira (6) pelo governador Jorginho Mello. A primeira medida do pacote \u00e9 o maior concurso da hist\u00f3ria da Secretaria, com a contrata\u00e7\u00e3o de 10 mil servidores efetivos. Ser\u00e3o 8 mil novos professores contratados e 2 mil profissionais para as \u00e1reas administrativas e &hellip;<\/p>\n<p class=\"read-more\"> <a class=\"\" href=\"https:\/\/sulsc.com\/index.php\/2023\/09\/07\/governo-do-estado-anuncia-maior-concurso-publico-da-historia-para-a-educacao-e-outras-medidas-para-servidores-de-sc\/\"> <span class=\"screen-reader-text\">Governo do Estado anuncia maior concurso p\u00fablico da hist\u00f3ria para a educa\u00e7\u00e3o e outras medidas para servidores de SC<\/span> Read More &raquo;<\/a><\/p>\n","protected":false},"author":3,"featured_media":879,"comment_status":"open","ping_status":"open","sticky":false,"template":"","format":"standard","meta":{"site-sidebar-layout":"default","site-content-layout":"default","ast-site-content-layout":"","site-content-style":"default","site-sidebar-style":"default","ast-global-header-display":"","ast-banner-title-visibility":"","ast-main-header-display":"","ast-hfb-above-header-display":"","ast-hfb-below-header-display":"","ast-hfb-mobile-header-display":"","site-post-title":"","ast-breadcrumbs-content":"","ast-featured-img":"","footer-sml-layout":"","theme-transparent-header-meta":"default","adv-header-id-meta":"","stick-header-meta":"","header-above-stick-meta":"","header-main-stick-meta":"","header-below-stick-meta":"","astra-migrate-meta-layouts":"","footnotes":""},"categories":[1],"tags":[],"yoast_head":"<!-- This site is optimized with the Yoast SEO plugin v21.4 - https:\/\/yoast.com\/wordpress\/plugins\/seo\/ -->\n<title>Governo do Estado anuncia maior concurso p\u00fablico da hist\u00f3ria para a educa\u00e7\u00e3o e outras medidas para servidores de SC -<\/title>\n<meta name=\"robots\" content=\"index, follow, max-snippet:-1, max-image-preview:large, max-video-preview:-1\" \/>\n<link rel=\"canonical\" href=\"https:\/\/sulsc.com\/index.php\/2023\/09\/07\/governo-do-estado-anuncia-maior-concurso-publico-da-historia-para-a-educacao-e-outras-medidas-para-servidores-de-sc\/\" \/>\n<meta property=\"og:locale\" content=\"en_US\" \/>\n<meta property=\"og:type\" content=\"article\" \/>\n<meta property=\"og:title\" content=\"Governo do Estado anuncia maior concurso p\u00fablico da hist\u00f3ria para a educa\u00e7\u00e3o e outras medidas para servidores de SC -\" \/>\n<meta property=\"og:description\" content=\"Um pacote de a\u00e7\u00f5es para valorizar os servidores da Educa\u00e7\u00e3o foi anunciado nesta quarta-feira (6) pelo governador Jorginho Mello. A primeira medida do pacote \u00e9 o maior concurso da hist\u00f3ria da Secretaria, com a contrata\u00e7\u00e3o de 10 mil servidores efetivos. Ser\u00e3o 8 mil novos professores contratados e 2 mil profissionais para as \u00e1reas administrativas e &hellip; Governo do Estado anuncia maior concurso p\u00fablico da hist\u00f3ria para a educa\u00e7\u00e3o e outras medidas para servidores de SC Read More &raquo;\" \/>\n<meta property=\"og:url\" content=\"https:\/\/sulsc.com\/index.php\/2023\/09\/07\/governo-do-estado-anuncia-maior-concurso-publico-da-historia-para-a-educacao-e-outras-medidas-para-servidores-de-sc\/\" \/>\n<meta property=\"article:author\" content=\"https:\/\/www.facebook.com\/profile.php?id=61559278119680\" \/>\n<meta property=\"article:published_time\" content=\"2023-09-07T18:36:00+00:00\" \/>\n<meta property=\"article:modified_time\" content=\"2023-09-07T18:36:10+00:00\" \/>\n<meta property=\"og:image\" content=\"https:\/\/sulsc.com\/wp-content\/uploads\/2023\/09\/WhatsApp-Image-2023-09-07-at-15.23.25.jpeg\" \/>\n\t<meta property=\"og:image:width\" content=\"745\" \/>\n\t<meta property=\"og:image:height\" content=\"472\" \/>\n\t<meta property=\"og:image:type\" content=\"image\/jpeg\" \/>\n<meta name=\"author\" content=\"Reda\u00e7\u00e3o Sul SC\" \/>\n<meta name=\"twitter:card\" content=\"summary_large_image\" \/>\n<meta name=\"twitter:creator\" content=\"@https:\/\/twitter.com\/PortalSulSC\" \/>\n<meta name=\"twitter:label1\" content=\"Written by\" \/>\n\t<meta name=\"twitter:data1\" content=\"Reda\u00e7\u00e3o Sul SC\" \/>\n\t<meta name=\"twitter:label2\" content=\"Est. reading time\" \/>\n\t<meta name=\"twitter:data2\" content=\"3 minutes\" \/>\n<script type=\"application\/ld+json\" class=\"yoast-schema-graph\">{\"@context\":\"https:\/\/schema.org\",\"@graph\":[{\"@type\":\"WebPage\",\"@id\":\"https:\/\/sulsc.com\/index.php\/2023\/09\/07\/governo-do-estado-anuncia-maior-concurso-publico-da-historia-para-a-educacao-e-outras-medidas-para-servidores-de-sc\/\",\"url\":\"https:\/\/sulsc.com\/index.php\/2023\/09\/07\/governo-do-estado-anuncia-maior-concurso-publico-da-historia-para-a-educacao-e-outras-medidas-para-servidores-de-sc\/\",\"name\":\"Governo do Estado anuncia maior concurso p\u00fablico da hist\u00f3ria para a educa\u00e7\u00e3o e outras medidas para servidores de SC -\",\"isPartOf\":{\"@id\":\"https:\/\/sulsc.com\/#website\"},\"datePublished\":\"2023-09-07T18:36:00+00:00\",\"dateModified\":\"2023-09-07T18:36:10+00:00\",\"author\":{\"@id\":\"https:\/\/sulsc.com\/#\/schema\/person\/84d2fc571684f6248ba83092f07750a3\"},\"breadcrumb\":{\"@id\":\"https:\/\/sulsc.com\/index.php\/2023\/09\/07\/governo-do-estado-anuncia-maior-concurso-publico-da-historia-para-a-educacao-e-outras-medidas-para-servidores-de-sc\/#breadcrumb\"},\"inLanguage\":\"en-US\",\"potentialAction\":[{\"@type\":\"ReadAction\",\"target\":[\"https:\/\/sulsc.com\/index.php\/2023\/09\/07\/governo-do-estado-anuncia-maior-concurso-publico-da-historia-para-a-educacao-e-outras-medidas-para-servidores-de-sc\/\"]}]},{\"@type\":\"BreadcrumbList\",\"@id\":\"https:\/\/sulsc.com\/index.php\/2023\/09\/07\/governo-do-estado-anuncia-maior-concurso-publico-da-historia-para-a-educacao-e-outras-medidas-para-servidores-de-sc\/#breadcrumb\",\"itemListElement\":[{\"@type\":\"ListItem\",\"position\":1,\"name\":\"In\u00edcio\",\"item\":\"https:\/\/sulsc.com\/\"},{\"@type\":\"ListItem\",\"position\":2,\"name\":\"Governo do Estado anuncia maior concurso p\u00fablico da hist\u00f3ria para a educa\u00e7\u00e3o e outras medidas para servidores de SC\"}]},{\"@type\":\"WebSite\",\"@id\":\"https:\/\/sulsc.com\/#website\",\"url\":\"https:\/\/sulsc.com\/\",\"name\":\"\",\"description\":\"\",\"potentialAction\":[{\"@type\":\"SearchAction\",\"target\":{\"@type\":\"EntryPoint\",\"urlTemplate\":\"https:\/\/sulsc.com\/?s={search_term_string}\"},\"query-input\":\"required name=search_term_string\"}],\"inLanguage\":\"en-US\"},{\"@type\":\"Person\",\"@id\":\"https:\/\/sulsc.com\/#\/schema\/person\/84d2fc571684f6248ba83092f07750a3\",\"name\":\"Reda\u00e7\u00e3o Sul SC\",\"image\":{\"@type\":\"ImageObject\",\"inLanguage\":\"en-US\",\"@id\":\"https:\/\/sulsc.com\/#\/schema\/person\/image\/e08d7fe2cc4ed596372063bbe852b8d0\",\"url\":\"https:\/\/sulsc.com\/wp-content\/uploads\/2023\/09\/redacao.png\",\"contentUrl\":\"https:\/\/sulsc.com\/wp-content\/uploads\/2023\/09\/redacao.png\",\"caption\":\"Reda\u00e7\u00e3o Sul SC\"},\"description\":\"Foco em um jornalismo imparcial, voltado \u00e0 qualidade dos seus conte\u00fados e, assim, levar informa\u00e7\u00e3o de valor que agregue \u00e0 vida dos leitores. Esta \u00e9 grande miss\u00e3o do Portal de Not\u00edcias Sul SC. N\u00e3o \u00e9 quantidade que muda o mundo, sempre foi e seguir\u00e1 sendo qualidade!\",\"sameAs\":[\"https:\/\/sulsc.com\/\",\"https:\/\/www.facebook.com\/profile.php?id=61559278119680\",\"https:\/\/www.instagram.com\/sulscportal\/?hl=pt-br\",\"https:\/\/twitter.com\/https:\/\/twitter.com\/PortalSulSC\",\"https:\/\/www.youtube.com\/channel\/UCv_BE8GeySluDov2n8qhVmw\"],\"url\":\"https:\/\/sulsc.com\/index.php\/author\/redacao\/\"}]}<\/script>\n<!-- \/ Yoast SEO plugin. -->","yoast_head_json":{"title":"Governo do Estado anuncia maior concurso p\u00fablico da hist\u00f3ria para a educa\u00e7\u00e3o e outras medidas para servidores de SC -","robots":{"index":"index","follow":"follow","max-snippet":"max-snippet:-1","max-image-preview":"max-image-preview:large","max-video-preview":"max-video-preview:-1"},"canonical":"https:\/\/sulsc.com\/index.php\/2023\/09\/07\/governo-do-estado-anuncia-maior-concurso-publico-da-historia-para-a-educacao-e-outras-medidas-para-servidores-de-sc\/","og_locale":"en_US","og_type":"article","og_title":"Governo do Estado anuncia maior concurso p\u00fablico da hist\u00f3ria para a educa\u00e7\u00e3o e outras medidas para servidores de SC -","og_description":"Um pacote de a\u00e7\u00f5es para valorizar os servidores da Educa\u00e7\u00e3o foi anunciado nesta quarta-feira (6) pelo governador Jorginho Mello. A primeira medida do pacote \u00e9 o maior concurso da hist\u00f3ria da Secretaria, com a contrata\u00e7\u00e3o de 10 mil servidores efetivos. Ser\u00e3o 8 mil novos professores contratados e 2 mil profissionais para as \u00e1reas administrativas e &hellip; Governo do Estado anuncia maior concurso p\u00fablico da hist\u00f3ria para a educa\u00e7\u00e3o e outras medidas para servidores de SC Read More &raquo;","og_url":"https:\/\/sulsc.com\/index.php\/2023\/09\/07\/governo-do-estado-anuncia-maior-concurso-publico-da-historia-para-a-educacao-e-outras-medidas-para-servidores-de-sc\/","article_author":"https:\/\/www.facebook.com\/profile.php?id=61559278119680","article_published_time":"2023-09-07T18:36:00+00:00","article_modified_time":"2023-09-07T18:36:10+00:00","og_image":[{"width":745,"height":472,"url":"https:\/\/sulsc.com\/wp-content\/uploads\/2023\/09\/WhatsApp-Image-2023-09-07-at-15.23.25.jpeg","type":"image\/jpeg"}],"author":"Reda\u00e7\u00e3o Sul SC","twitter_card":"summary_large_image","twitter_creator":"@https:\/\/twitter.com\/PortalSulSC","twitter_misc":{"Written by":"Reda\u00e7\u00e3o Sul SC","Est. reading time":"3 minutes"},"schema":{"@context":"https:\/\/schema.org","@graph":[{"@type":"WebPage","@id":"https:\/\/sulsc.com\/index.php\/2023\/09\/07\/governo-do-estado-anuncia-maior-concurso-publico-da-historia-para-a-educacao-e-outras-medidas-para-servidores-de-sc\/","url":"https:\/\/sulsc.com\/index.php\/2023\/09\/07\/governo-do-estado-anuncia-maior-concurso-publico-da-historia-para-a-educacao-e-outras-medidas-para-servidores-de-sc\/","name":"Governo do Estado anuncia maior concurso p\u00fablico da hist\u00f3ria para a educa\u00e7\u00e3o e outras medidas para servidores de SC -","isPartOf":{"@id":"https:\/\/sulsc.com\/#website"},"datePublished":"2023-09-07T18:36:00+00:00","dateModified":"2023-09-07T18:36:10+00:00","author":{"@id":"https:\/\/sulsc.com\/#\/schema\/person\/84d2fc571684f6248ba83092f07750a3"},"breadcrumb":{"@id":"https:\/\/sulsc.com\/index.php\/2023\/09\/07\/governo-do-estado-anuncia-maior-concurso-publico-da-historia-para-a-educacao-e-outras-medidas-para-servidores-de-sc\/#breadcrumb"},"inLanguage":"en-US","potentialAction":[{"@type":"ReadAction","target":["https:\/\/sulsc.com\/index.php\/2023\/09\/07\/governo-do-estado-anuncia-maior-concurso-publico-da-historia-para-a-educacao-e-outras-medidas-para-servidores-de-sc\/"]}]},{"@type":"BreadcrumbList","@id":"https:\/\/sulsc.com\/index.php\/2023\/09\/07\/governo-do-estado-anuncia-maior-concurso-publico-da-historia-para-a-educacao-e-outras-medidas-para-servidores-de-sc\/#breadcrumb","itemListElement":[{"@type":"ListItem","position":1,"name":"In\u00edcio","item":"https:\/\/sulsc.com\/"},{"@type":"ListItem","position":2,"name":"Governo do Estado anuncia maior concurso p\u00fablico da hist\u00f3ria para a educa\u00e7\u00e3o e outras medidas para servidores de SC"}]},{"@type":"WebSite","@id":"https:\/\/sulsc.com\/#website","url":"https:\/\/sulsc.com\/","name":"","description":"","potentialAction":[{"@type":"SearchAction","target":{"@type":"EntryPoint","urlTemplate":"https:\/\/sulsc.com\/?s={search_term_string}"},"query-input":"required name=search_term_string"}],"inLanguage":"en-US"},{"@type":"Person","@id":"https:\/\/sulsc.com\/#\/schema\/person\/84d2fc571684f6248ba83092f07750a3","name":"Reda\u00e7\u00e3o Sul SC","image":{"@type":"ImageObject","inLanguage":"en-US","@id":"https:\/\/sulsc.com\/#\/schema\/person\/image\/e08d7fe2cc4ed596372063bbe852b8d0","url":"https:\/\/sulsc.com\/wp-content\/uploads\/2023\/09\/redacao.png","contentUrl":"https:\/\/sulsc.com\/wp-content\/uploads\/2023\/09\/redacao.png","caption":"Reda\u00e7\u00e3o Sul SC"},"description":"Foco em um jornalismo imparcial, voltado \u00e0 qualidade dos seus conte\u00fados e, assim, levar informa\u00e7\u00e3o de valor que agregue \u00e0 vida dos leitores. Esta \u00e9 grande miss\u00e3o do Portal de Not\u00edcias Sul SC. N\u00e3o \u00e9 quantidade que muda o mundo, sempre foi e seguir\u00e1 sendo qualidade!","sameAs":["https:\/\/sulsc.com\/","https:\/\/www.facebook.com\/profile.php?id=61559278119680","https:\/\/www.instagram.com\/sulscportal\/?hl=pt-br","https:\/\/twitter.com\/https:\/\/twitter.com\/PortalSulSC","https:\/\/www.youtube.com\/channel\/UCv_BE8GeySluDov2n8qhVmw"],"url":"https:\/\/sulsc.com\/index.php\/author\/redacao\/"}]}},"authors":[],"_links":{"self":[{"href":"https:\/\/sulsc.com\/index.php\/wp-json\/wp\/v2\/posts\/878"}],"collection":[{"href":"https:\/\/sulsc.com\/index.php\/wp-json\/wp\/v2\/posts"}],"about":[{"href":"https:\/\/sulsc.com\/index.php\/wp-json\/wp\/v2\/types\/post"}],"author":[{"embeddable":true,"href":"https:\/\/sulsc.com\/index.php\/wp-json\/wp\/v2\/users\/3"}],"replies":[{"embeddable":true,"href":"https:\/\/sulsc.com\/index.php\/wp-json\/wp\/v2\/comments?post=878"}],"version-history":[{"count":2,"href":"https:\/\/sulsc.com\/index.php\/wp-json\/wp\/v2\/posts\/878\/revisions"}],"predecessor-version":[{"id":881,"href":"https:\/\/sulsc.com\/index.php\/wp-json\/wp\/v2\/posts\/878\/revisions\/881"}],"wp:featuredmedia":[{"embeddable":true,"href":"https:\/\/sulsc.com\/index.php\/wp-json\/wp\/v2\/media\/879"}],"wp:attachment":[{"href":"https:\/\/sulsc.com\/index.php\/wp-json\/wp\/v2\/media?parent=878"}],"wp:term":[{"taxonomy":"category","embeddable":true,"href":"https:\/\/sulsc.com\/index.php\/wp-json\/wp\/v2\/categories?post=878"},{"taxonomy":"post_tag","embeddable":true,"href":"https:\/\/sulsc.com\/index.php\/wp-json\/wp\/v2\/tags?post=878"}],"curies":[{"name":"wp","href":"https:\/\/api.w.org\/{rel}","templated":true}]}}