{"id":8799,"date":"2024-02-16T15:45:08","date_gmt":"2024-02-16T18:45:08","guid":{"rendered":"https:\/\/sulsc.com\/?p=8799"},"modified":"2024-02-16T15:45:08","modified_gmt":"2024-02-16T18:45:08","slug":"policia-civil-de-sangao-e-jaguaruna-prende-foragida-acusada-de-homicidio-praticado-em-21","status":"publish","type":"post","link":"https:\/\/sulsc.com\/index.php\/2024\/02\/16\/policia-civil-de-sangao-e-jaguaruna-prende-foragida-acusada-de-homicidio-praticado-em-21\/","title":{"rendered":"Pol\u00edcia Civil de Sang\u00e3o e Jaguaruna prende foragida acusada de homic\u00eddio praticado em 21"},"content":{"rendered":"<figure id=\"attachment_8800\" aria-describedby=\"caption-attachment-8800\" style=\"width: 1031px\" class=\"wp-caption aligncenter\"><img fetchpriority=\"high\" decoding=\"async\" class=\" wp-image-8800\" src=\"http:\/\/sulsc.com\/wp-content\/uploads\/2024\/02\/3-9.jpg\" alt=\"\" width=\"1031\" height=\"793\" \/><figcaption id=\"caption-attachment-8800\" class=\"wp-caption-text\">PCSC\/Sul SC<\/figcaption><\/figure>\n<p>Uma opera\u00e7\u00e3o conjunta da Pol\u00edcia Civil de <strong>Sang\u00e3o<\/strong> e <strong>Jaguaruna<\/strong>, nesta sexta-feira (16), resultou na pris\u00e3o de uma mulher foragida por tentativa de homic\u00eddio qualificado, em a\u00e7\u00e3o denominada &#8220;Todo Carnaval tem seu fim&#8221;.<\/p>\n<p>Ap\u00f3s uma extensa investiga\u00e7\u00e3o da Delegacia de Sang\u00e3o sobre uma s\u00e9rie de furtos em resid\u00eancias e estabelecimentos comerciais na cidade nos \u00faltimos meses, os policiais suspeitaram que uma das envolvidas poderia ser a mesma mulher procurada pelo crime ocorrido na Cidade das Praias h\u00e1 tr\u00eas anos.<\/p>\n<p>Por meio de dilig\u00eancias meticulosas, os investigadores confirmaram a identidade da foragida, que vinha se esquivando da justi\u00e7a ao modificar sua apar\u00eancia, fazendo novas tatuagens e mudando constantemente de endere\u00e7o em v\u00e1rios munic\u00edpios do Sul de SC.<\/p>\n<p>A captura da mulher, que tamb\u00e9m estava envolvida em furtos praticados em Sang\u00e3o, representa um importante golpe contra a criminalidade na regi\u00e3o. Ap\u00f3s ser interrogada, ela foi encaminhada ao Pres\u00eddio Feminino de Crici\u00fama, onde permanecer\u00e1 \u00e0 disposi\u00e7\u00e3o do Judici\u00e1rio.<\/p>\n","protected":false},"excerpt":{"rendered":"<p>Uma opera\u00e7\u00e3o conjunta da Pol\u00edcia Civil de Sang\u00e3o e Jaguaruna, nesta sexta-feira (16), resultou na pris\u00e3o de uma mulher foragida por tentativa de homic\u00eddio qualificado, em a\u00e7\u00e3o denominada &#8220;Todo Carnaval tem seu fim&#8221;. Ap\u00f3s uma extensa investiga\u00e7\u00e3o da Delegacia de Sang\u00e3o sobre uma s\u00e9rie de furtos em resid\u00eancias e estabelecimentos comerciais na cidade nos \u00faltimos &hellip;<\/p>\n<p class=\"read-more\"> <a class=\"\" href=\"https:\/\/sulsc.com\/index.php\/2024\/02\/16\/policia-civil-de-sangao-e-jaguaruna-prende-foragida-acusada-de-homicidio-praticado-em-21\/\"> <span class=\"screen-reader-text\">Pol\u00edcia Civil de Sang\u00e3o e Jaguaruna prende foragida acusada de homic\u00eddio praticado em 21<\/span> Read More &raquo;<\/a><\/p>\n","protected":false},"author":3,"featured_media":8800,"comment_status":"open","ping_status":"open","sticky":false,"template":"","format":"standard","meta":{"site-sidebar-layout":"default","site-content-layout":"","ast-site-content-layout":"default","site-content-style":"default","site-sidebar-style":"default","ast-global-header-display":"","ast-banner-title-visibility":"","ast-main-header-display":"","ast-hfb-above-header-display":"","ast-hfb-below-header-display":"","ast-hfb-mobile-header-display":"","site-post-title":"","ast-breadcrumbs-content":"","ast-featured-img":"","footer-sml-layout":"","theme-transparent-header-meta":"default","adv-header-id-meta":"","stick-header-meta":"","header-above-stick-meta":"","header-main-stick-meta":"","header-below-stick-meta":"","astra-migrate-meta-layouts":"set","footnotes":""},"categories":[8],"tags":[351,151,1297,539,448],"yoast_head":"<!-- This site is optimized with the Yoast SEO plugin v21.4 - https:\/\/yoast.com\/wordpress\/plugins\/seo\/ -->\n<title>Pol\u00edcia Civil de Sang\u00e3o e Jaguaruna prende foragida acusada de homic\u00eddio praticado em 21 -<\/title>\n<meta name=\"description\" content=\"Por meio de dilig\u00eancias meticulosas, os investigadores confirmaram a identidade da foragida, que vinha se esquivando da justi\u00e7a ao modificar sua apar\u00eancia, fazendo novas tatuagens e mudando constantemente de endere\u00e7o em v\u00e1rios munic\u00edpios do Sul de SC.\" \/>\n<meta name=\"robots\" content=\"index, follow, max-snippet:-1, max-image-preview:large, max-video-preview:-1\" \/>\n<link rel=\"canonical\" href=\"https:\/\/sulsc.com\/index.php\/2024\/02\/16\/policia-civil-de-sangao-e-jaguaruna-prende-foragida-acusada-de-homicidio-praticado-em-21\/\" \/>\n<meta property=\"og:locale\" content=\"en_US\" \/>\n<meta property=\"og:type\" content=\"article\" \/>\n<meta property=\"og:title\" content=\"Pol\u00edcia Civil de Sang\u00e3o e Jaguaruna prende foragida acusada de homic\u00eddio praticado em 21 -\" \/>\n<meta property=\"og:description\" content=\"Por meio de dilig\u00eancias meticulosas, os investigadores confirmaram a identidade da foragida, que vinha se esquivando da justi\u00e7a ao modificar sua apar\u00eancia, fazendo novas tatuagens e mudando constantemente de endere\u00e7o em v\u00e1rios munic\u00edpios do Sul de SC.\" \/>\n<meta property=\"og:url\" content=\"https:\/\/sulsc.com\/index.php\/2024\/02\/16\/policia-civil-de-sangao-e-jaguaruna-prende-foragida-acusada-de-homicidio-praticado-em-21\/\" \/>\n<meta property=\"article:author\" content=\"https:\/\/www.facebook.com\/profile.php?id=61559278119680\" \/>\n<meta property=\"article:published_time\" content=\"2024-02-16T18:45:08+00:00\" \/>\n<meta property=\"og:image\" content=\"http:\/\/sulsc.com\/wp-content\/uploads\/2024\/02\/3-9.jpg\" \/>\n\t<meta property=\"og:image:width\" content=\"946\" \/>\n\t<meta property=\"og:image:height\" content=\"752\" \/>\n\t<meta property=\"og:image:type\" content=\"image\/jpeg\" \/>\n<meta name=\"author\" content=\"Reda\u00e7\u00e3o Sul SC\" \/>\n<meta name=\"twitter:card\" content=\"summary_large_image\" \/>\n<meta name=\"twitter:creator\" content=\"@https:\/\/twitter.com\/PortalSulSC\" \/>\n<meta name=\"twitter:label1\" content=\"Written by\" \/>\n\t<meta name=\"twitter:data1\" content=\"Reda\u00e7\u00e3o Sul SC\" \/>\n\t<meta name=\"twitter:label2\" content=\"Est. reading time\" \/>\n\t<meta name=\"twitter:data2\" content=\"2 minutes\" \/>\n<script type=\"application\/ld+json\" class=\"yoast-schema-graph\">{\"@context\":\"https:\/\/schema.org\",\"@graph\":[{\"@type\":\"WebPage\",\"@id\":\"https:\/\/sulsc.com\/index.php\/2024\/02\/16\/policia-civil-de-sangao-e-jaguaruna-prende-foragida-acusada-de-homicidio-praticado-em-21\/\",\"url\":\"https:\/\/sulsc.com\/index.php\/2024\/02\/16\/policia-civil-de-sangao-e-jaguaruna-prende-foragida-acusada-de-homicidio-praticado-em-21\/\",\"name\":\"Pol\u00edcia Civil de Sang\u00e3o e Jaguaruna prende foragida acusada de homic\u00eddio praticado em 21 -\",\"isPartOf\":{\"@id\":\"https:\/\/sulsc.com\/#website\"},\"datePublished\":\"2024-02-16T18:45:08+00:00\",\"dateModified\":\"2024-02-16T18:45:08+00:00\",\"author\":{\"@id\":\"https:\/\/sulsc.com\/#\/schema\/person\/84d2fc571684f6248ba83092f07750a3\"},\"description\":\"Por meio de dilig\u00eancias meticulosas, os investigadores confirmaram a identidade da foragida, que vinha se esquivando da justi\u00e7a ao modificar sua apar\u00eancia, fazendo novas tatuagens e mudando constantemente de endere\u00e7o em v\u00e1rios munic\u00edpios do Sul de SC.\",\"breadcrumb\":{\"@id\":\"https:\/\/sulsc.com\/index.php\/2024\/02\/16\/policia-civil-de-sangao-e-jaguaruna-prende-foragida-acusada-de-homicidio-praticado-em-21\/#breadcrumb\"},\"inLanguage\":\"en-US\",\"potentialAction\":[{\"@type\":\"ReadAction\",\"target\":[\"https:\/\/sulsc.com\/index.php\/2024\/02\/16\/policia-civil-de-sangao-e-jaguaruna-prende-foragida-acusada-de-homicidio-praticado-em-21\/\"]}]},{\"@type\":\"BreadcrumbList\",\"@id\":\"https:\/\/sulsc.com\/index.php\/2024\/02\/16\/policia-civil-de-sangao-e-jaguaruna-prende-foragida-acusada-de-homicidio-praticado-em-21\/#breadcrumb\",\"itemListElement\":[{\"@type\":\"ListItem\",\"position\":1,\"name\":\"In\u00edcio\",\"item\":\"https:\/\/sulsc.com\/\"},{\"@type\":\"ListItem\",\"position\":2,\"name\":\"Pol\u00edcia Civil de Sang\u00e3o e Jaguaruna prende foragida acusada de homic\u00eddio praticado em 21\"}]},{\"@type\":\"WebSite\",\"@id\":\"https:\/\/sulsc.com\/#website\",\"url\":\"https:\/\/sulsc.com\/\",\"name\":\"\",\"description\":\"\",\"potentialAction\":[{\"@type\":\"SearchAction\",\"target\":{\"@type\":\"EntryPoint\",\"urlTemplate\":\"https:\/\/sulsc.com\/?s={search_term_string}\"},\"query-input\":\"required name=search_term_string\"}],\"inLanguage\":\"en-US\"},{\"@type\":\"Person\",\"@id\":\"https:\/\/sulsc.com\/#\/schema\/person\/84d2fc571684f6248ba83092f07750a3\",\"name\":\"Reda\u00e7\u00e3o Sul SC\",\"image\":{\"@type\":\"ImageObject\",\"inLanguage\":\"en-US\",\"@id\":\"https:\/\/sulsc.com\/#\/schema\/person\/image\/e08d7fe2cc4ed596372063bbe852b8d0\",\"url\":\"https:\/\/sulsc.com\/wp-content\/uploads\/2023\/09\/redacao.png\",\"contentUrl\":\"https:\/\/sulsc.com\/wp-content\/uploads\/2023\/09\/redacao.png\",\"caption\":\"Reda\u00e7\u00e3o Sul SC\"},\"description\":\"Foco em um jornalismo imparcial, voltado \u00e0 qualidade dos seus conte\u00fados e, assim, levar informa\u00e7\u00e3o de valor que agregue \u00e0 vida dos leitores. Esta \u00e9 grande miss\u00e3o do Portal de Not\u00edcias Sul SC. N\u00e3o \u00e9 quantidade que muda o mundo, sempre foi e seguir\u00e1 sendo qualidade!\",\"sameAs\":[\"https:\/\/sulsc.com\/\",\"https:\/\/www.facebook.com\/profile.php?id=61559278119680\",\"https:\/\/www.instagram.com\/sulscportal\/?hl=pt-br\",\"https:\/\/twitter.com\/https:\/\/twitter.com\/PortalSulSC\",\"https:\/\/www.youtube.com\/channel\/UCv_BE8GeySluDov2n8qhVmw\"],\"url\":\"https:\/\/sulsc.com\/index.php\/author\/redacao\/\"}]}<\/script>\n<!-- \/ Yoast SEO plugin. -->","yoast_head_json":{"title":"Pol\u00edcia Civil de Sang\u00e3o e Jaguaruna prende foragida acusada de homic\u00eddio praticado em 21 -","description":"Por meio de dilig\u00eancias meticulosas, os investigadores confirmaram a identidade da foragida, que vinha se esquivando da justi\u00e7a ao modificar sua apar\u00eancia, fazendo novas tatuagens e mudando constantemente de endere\u00e7o em v\u00e1rios munic\u00edpios do Sul de SC.","robots":{"index":"index","follow":"follow","max-snippet":"max-snippet:-1","max-image-preview":"max-image-preview:large","max-video-preview":"max-video-preview:-1"},"canonical":"https:\/\/sulsc.com\/index.php\/2024\/02\/16\/policia-civil-de-sangao-e-jaguaruna-prende-foragida-acusada-de-homicidio-praticado-em-21\/","og_locale":"en_US","og_type":"article","og_title":"Pol\u00edcia Civil de Sang\u00e3o e Jaguaruna prende foragida acusada de homic\u00eddio praticado em 21 -","og_description":"Por meio de dilig\u00eancias meticulosas, os investigadores confirmaram a identidade da foragida, que vinha se esquivando da justi\u00e7a ao modificar sua apar\u00eancia, fazendo novas tatuagens e mudando constantemente de endere\u00e7o em v\u00e1rios munic\u00edpios do Sul de SC.","og_url":"https:\/\/sulsc.com\/index.php\/2024\/02\/16\/policia-civil-de-sangao-e-jaguaruna-prende-foragida-acusada-de-homicidio-praticado-em-21\/","article_author":"https:\/\/www.facebook.com\/profile.php?id=61559278119680","article_published_time":"2024-02-16T18:45:08+00:00","og_image":[{"width":946,"height":752,"url":"http:\/\/sulsc.com\/wp-content\/uploads\/2024\/02\/3-9.jpg","type":"image\/jpeg"}],"author":"Reda\u00e7\u00e3o Sul SC","twitter_card":"summary_large_image","twitter_creator":"@https:\/\/twitter.com\/PortalSulSC","twitter_misc":{"Written by":"Reda\u00e7\u00e3o Sul SC","Est. reading time":"2 minutes"},"schema":{"@context":"https:\/\/schema.org","@graph":[{"@type":"WebPage","@id":"https:\/\/sulsc.com\/index.php\/2024\/02\/16\/policia-civil-de-sangao-e-jaguaruna-prende-foragida-acusada-de-homicidio-praticado-em-21\/","url":"https:\/\/sulsc.com\/index.php\/2024\/02\/16\/policia-civil-de-sangao-e-jaguaruna-prende-foragida-acusada-de-homicidio-praticado-em-21\/","name":"Pol\u00edcia Civil de Sang\u00e3o e Jaguaruna prende foragida acusada de homic\u00eddio praticado em 21 -","isPartOf":{"@id":"https:\/\/sulsc.com\/#website"},"datePublished":"2024-02-16T18:45:08+00:00","dateModified":"2024-02-16T18:45:08+00:00","author":{"@id":"https:\/\/sulsc.com\/#\/schema\/person\/84d2fc571684f6248ba83092f07750a3"},"description":"Por meio de dilig\u00eancias meticulosas, os investigadores confirmaram a identidade da foragida, que vinha se esquivando da justi\u00e7a ao modificar sua apar\u00eancia, fazendo novas tatuagens e mudando constantemente de endere\u00e7o em v\u00e1rios munic\u00edpios do Sul de SC.","breadcrumb":{"@id":"https:\/\/sulsc.com\/index.php\/2024\/02\/16\/policia-civil-de-sangao-e-jaguaruna-prende-foragida-acusada-de-homicidio-praticado-em-21\/#breadcrumb"},"inLanguage":"en-US","potentialAction":[{"@type":"ReadAction","target":["https:\/\/sulsc.com\/index.php\/2024\/02\/16\/policia-civil-de-sangao-e-jaguaruna-prende-foragida-acusada-de-homicidio-praticado-em-21\/"]}]},{"@type":"BreadcrumbList","@id":"https:\/\/sulsc.com\/index.php\/2024\/02\/16\/policia-civil-de-sangao-e-jaguaruna-prende-foragida-acusada-de-homicidio-praticado-em-21\/#breadcrumb","itemListElement":[{"@type":"ListItem","position":1,"name":"In\u00edcio","item":"https:\/\/sulsc.com\/"},{"@type":"ListItem","position":2,"name":"Pol\u00edcia Civil de Sang\u00e3o e Jaguaruna prende foragida acusada de homic\u00eddio praticado em 21"}]},{"@type":"WebSite","@id":"https:\/\/sulsc.com\/#website","url":"https:\/\/sulsc.com\/","name":"","description":"","potentialAction":[{"@type":"SearchAction","target":{"@type":"EntryPoint","urlTemplate":"https:\/\/sulsc.com\/?s={search_term_string}"},"query-input":"required name=search_term_string"}],"inLanguage":"en-US"},{"@type":"Person","@id":"https:\/\/sulsc.com\/#\/schema\/person\/84d2fc571684f6248ba83092f07750a3","name":"Reda\u00e7\u00e3o Sul SC","image":{"@type":"ImageObject","inLanguage":"en-US","@id":"https:\/\/sulsc.com\/#\/schema\/person\/image\/e08d7fe2cc4ed596372063bbe852b8d0","url":"https:\/\/sulsc.com\/wp-content\/uploads\/2023\/09\/redacao.png","contentUrl":"https:\/\/sulsc.com\/wp-content\/uploads\/2023\/09\/redacao.png","caption":"Reda\u00e7\u00e3o Sul SC"},"description":"Foco em um jornalismo imparcial, voltado \u00e0 qualidade dos seus conte\u00fados e, assim, levar informa\u00e7\u00e3o de valor que agregue \u00e0 vida dos leitores. Esta \u00e9 grande miss\u00e3o do Portal de Not\u00edcias Sul SC. N\u00e3o \u00e9 quantidade que muda o mundo, sempre foi e seguir\u00e1 sendo qualidade!","sameAs":["https:\/\/sulsc.com\/","https:\/\/www.facebook.com\/profile.php?id=61559278119680","https:\/\/www.instagram.com\/sulscportal\/?hl=pt-br","https:\/\/twitter.com\/https:\/\/twitter.com\/PortalSulSC","https:\/\/www.youtube.com\/channel\/UCv_BE8GeySluDov2n8qhVmw"],"url":"https:\/\/sulsc.com\/index.php\/author\/redacao\/"}]}},"authors":[],"_links":{"self":[{"href":"https:\/\/sulsc.com\/index.php\/wp-json\/wp\/v2\/posts\/8799"}],"collection":[{"href":"https:\/\/sulsc.com\/index.php\/wp-json\/wp\/v2\/posts"}],"about":[{"href":"https:\/\/sulsc.com\/index.php\/wp-json\/wp\/v2\/types\/post"}],"author":[{"embeddable":true,"href":"https:\/\/sulsc.com\/index.php\/wp-json\/wp\/v2\/users\/3"}],"replies":[{"embeddable":true,"href":"https:\/\/sulsc.com\/index.php\/wp-json\/wp\/v2\/comments?post=8799"}],"version-history":[{"count":1,"href":"https:\/\/sulsc.com\/index.php\/wp-json\/wp\/v2\/posts\/8799\/revisions"}],"predecessor-version":[{"id":8801,"href":"https:\/\/sulsc.com\/index.php\/wp-json\/wp\/v2\/posts\/8799\/revisions\/8801"}],"wp:featuredmedia":[{"embeddable":true,"href":"https:\/\/sulsc.com\/index.php\/wp-json\/wp\/v2\/media\/8800"}],"wp:attachment":[{"href":"https:\/\/sulsc.com\/index.php\/wp-json\/wp\/v2\/media?parent=8799"}],"wp:term":[{"taxonomy":"category","embeddable":true,"href":"https:\/\/sulsc.com\/index.php\/wp-json\/wp\/v2\/categories?post=8799"},{"taxonomy":"post_tag","embeddable":true,"href":"https:\/\/sulsc.com\/index.php\/wp-json\/wp\/v2\/tags?post=8799"}],"curies":[{"name":"wp","href":"https:\/\/api.w.org\/{rel}","templated":true}]}}