{"id":8809,"date":"2024-02-17T10:55:27","date_gmt":"2024-02-17T13:55:27","guid":{"rendered":"https:\/\/sulsc.com\/?p=8809"},"modified":"2024-02-17T10:55:27","modified_gmt":"2024-02-17T13:55:27","slug":"idoso-com-deficiencia-tem-direito-a-desconto-na-compra-de-passagem-para-acompanhante","status":"publish","type":"post","link":"https:\/\/sulsc.com\/index.php\/2024\/02\/17\/idoso-com-deficiencia-tem-direito-a-desconto-na-compra-de-passagem-para-acompanhante\/","title":{"rendered":"Idoso com defici\u00eancia tem direito a desconto na compra de passagem para acompanhante"},"content":{"rendered":"<p>O caso analisado \u00e9 de um idoso com dificuldades de locomo\u00e7\u00e3o. As empresas recusaram-se a vender passagem a\u00e9rea para o acompanhante desse consumidor com desconto de 80%, benef\u00edcio previsto por uma resolu\u00e7\u00e3o da Ag\u00eancia Nacional de Avia\u00e7\u00e3o Civil (ANAC).<\/p>\n<p>A decis\u00e3o da comarca de Lages foi favor\u00e1vel ao idoso. O autor da a\u00e7\u00e3o apresentou documenta\u00e7\u00e3o que comprova suas dificuldades de locomo\u00e7\u00e3o, mas as empresas n\u00e3o concordaram com o desconto e o fizeram pagar o valor integral do bilhete para seu acompanhante.<\/p>\n<p>O magistrado respons\u00e1vel pela decis\u00e3o destacou que o idoso teve violados os seus direitos fundamentais \u00e0 informa\u00e7\u00e3o e ao atendimento especial, conforme previsto no C\u00f3digo de Defesa do Consumidor e em outras normativas aplic\u00e1veis. Apesar da comunica\u00e7\u00e3o intensa com as empresas, o benef\u00edcio legal foi negado e o idoso ainda foi informado de que n\u00e3o seria ressarcido.<\/p>\n<p>\u201cTrata-se de situa\u00e7\u00e3o delicada que ultrapassa o mero dissabor da vida moderna, pois n\u00e3o se cuida de simples descumprimento contratual, mas sim de viola\u00e7\u00e3o \u00e0 pr\u00f3pria dignidade da pessoa com defici\u00eancia\u201d, considerou o juiz em sua decis\u00e3o.<\/p>\n<p>A companhia a\u00e9rea e o site de viagem foram condenados a pagar solidariamente R$ 1.395, referentes \u00e0s diferen\u00e7as pagas nas passagens de ida e volta, como repara\u00e7\u00e3o por danos materiais. Al\u00e9m disso, o idoso dever\u00e1 receber R$ 10 mil de indeniza\u00e7\u00e3o por danos morais. Juros e corre\u00e7\u00e3o monet\u00e1ria ser\u00e3o acrescidos aos valores determinados. Da decis\u00e3o cabe recurso ao Tribunal de Justi\u00e7a de Santa Catarina (Autos n. 5017181-60.2023.8.24.0039).<\/p>\n<p><img fetchpriority=\"high\" decoding=\"async\" class=\"alignnone size-large wp-image-8810\" src=\"http:\/\/sulsc.com\/wp-content\/uploads\/2024\/02\/idosos-em-viagem-1024x708.jpeg\" alt=\"\" width=\"1024\" height=\"708\" srcset=\"https:\/\/sulsc.com\/wp-content\/uploads\/2024\/02\/idosos-em-viagem-1024x708.jpeg 1024w, https:\/\/sulsc.com\/wp-content\/uploads\/2024\/02\/idosos-em-viagem-300x207.jpeg 300w, https:\/\/sulsc.com\/wp-content\/uploads\/2024\/02\/idosos-em-viagem-768x531.jpeg 768w, https:\/\/sulsc.com\/wp-content\/uploads\/2024\/02\/idosos-em-viagem.jpeg 1380w\" sizes=\"(max-width: 1024px) 100vw, 1024px\" \/><\/p>\n","protected":false},"excerpt":{"rendered":"<p>O caso analisado \u00e9 de um idoso com dificuldades de locomo\u00e7\u00e3o. As empresas recusaram-se a vender passagem a\u00e9rea para o acompanhante desse consumidor com desconto de 80%, benef\u00edcio previsto por uma resolu\u00e7\u00e3o da Ag\u00eancia Nacional de Avia\u00e7\u00e3o Civil (ANAC). A decis\u00e3o da comarca de Lages foi favor\u00e1vel ao idoso. O autor da a\u00e7\u00e3o apresentou documenta\u00e7\u00e3o &hellip;<\/p>\n<p class=\"read-more\"> <a class=\"\" href=\"https:\/\/sulsc.com\/index.php\/2024\/02\/17\/idoso-com-deficiencia-tem-direito-a-desconto-na-compra-de-passagem-para-acompanhante\/\"> <span class=\"screen-reader-text\">Idoso com defici\u00eancia tem direito a desconto na compra de passagem para acompanhante<\/span> Read More &raquo;<\/a><\/p>\n","protected":false},"author":3,"featured_media":8810,"comment_status":"open","ping_status":"open","sticky":false,"template":"","format":"standard","meta":{"site-sidebar-layout":"default","site-content-layout":"","ast-site-content-layout":"default","site-content-style":"default","site-sidebar-style":"default","ast-global-header-display":"","ast-banner-title-visibility":"","ast-main-header-display":"","ast-hfb-above-header-display":"","ast-hfb-below-header-display":"","ast-hfb-mobile-header-display":"","site-post-title":"","ast-breadcrumbs-content":"","ast-featured-img":"","footer-sml-layout":"","theme-transparent-header-meta":"default","adv-header-id-meta":"","stick-header-meta":"","header-above-stick-meta":"","header-main-stick-meta":"","header-below-stick-meta":"","astra-migrate-meta-layouts":"set","footnotes":""},"categories":[1],"tags":[1298,1299,129],"yoast_head":"<!-- This site is optimized with the Yoast SEO plugin v21.4 - https:\/\/yoast.com\/wordpress\/plugins\/seo\/ -->\n<title>Idoso com defici\u00eancia tem direito a desconto na compra de passagem para acompanhante -<\/title>\n<meta name=\"description\" content=\"Decis\u00e3o da comarca de Lages destaca viola\u00e7\u00e3o de direitos e condena companhia a\u00e9rea e site de viagem a pagar indeniza\u00e7\u00e3o\" \/>\n<meta name=\"robots\" content=\"index, follow, max-snippet:-1, max-image-preview:large, max-video-preview:-1\" \/>\n<link rel=\"canonical\" href=\"https:\/\/sulsc.com\/index.php\/2024\/02\/17\/idoso-com-deficiencia-tem-direito-a-desconto-na-compra-de-passagem-para-acompanhante\/\" \/>\n<meta property=\"og:locale\" content=\"en_US\" \/>\n<meta property=\"og:type\" content=\"article\" \/>\n<meta property=\"og:title\" content=\"Idoso com defici\u00eancia tem direito a desconto na compra de passagem para acompanhante -\" \/>\n<meta property=\"og:description\" content=\"Decis\u00e3o da comarca de Lages destaca viola\u00e7\u00e3o de direitos e condena companhia a\u00e9rea e site de viagem a pagar indeniza\u00e7\u00e3o\" \/>\n<meta property=\"og:url\" content=\"https:\/\/sulsc.com\/index.php\/2024\/02\/17\/idoso-com-deficiencia-tem-direito-a-desconto-na-compra-de-passagem-para-acompanhante\/\" \/>\n<meta property=\"article:author\" content=\"https:\/\/www.facebook.com\/profile.php?id=61559278119680\" \/>\n<meta property=\"article:published_time\" content=\"2024-02-17T13:55:27+00:00\" \/>\n<meta property=\"og:image\" content=\"http:\/\/sulsc.com\/wp-content\/uploads\/2024\/02\/idosos-em-viagem.jpeg\" \/>\n\t<meta property=\"og:image:width\" content=\"1380\" \/>\n\t<meta property=\"og:image:height\" content=\"954\" \/>\n\t<meta property=\"og:image:type\" content=\"image\/jpeg\" \/>\n<meta name=\"author\" content=\"Reda\u00e7\u00e3o Sul SC\" \/>\n<meta name=\"twitter:card\" content=\"summary_large_image\" \/>\n<meta name=\"twitter:creator\" content=\"@https:\/\/twitter.com\/PortalSulSC\" \/>\n<meta name=\"twitter:label1\" content=\"Written by\" \/>\n\t<meta name=\"twitter:data1\" content=\"Reda\u00e7\u00e3o Sul SC\" \/>\n\t<meta name=\"twitter:label2\" content=\"Est. reading time\" \/>\n\t<meta name=\"twitter:data2\" content=\"2 minutes\" \/>\n<script type=\"application\/ld+json\" class=\"yoast-schema-graph\">{\"@context\":\"https:\/\/schema.org\",\"@graph\":[{\"@type\":\"WebPage\",\"@id\":\"https:\/\/sulsc.com\/index.php\/2024\/02\/17\/idoso-com-deficiencia-tem-direito-a-desconto-na-compra-de-passagem-para-acompanhante\/\",\"url\":\"https:\/\/sulsc.com\/index.php\/2024\/02\/17\/idoso-com-deficiencia-tem-direito-a-desconto-na-compra-de-passagem-para-acompanhante\/\",\"name\":\"Idoso com defici\u00eancia tem direito a desconto na compra de passagem para acompanhante -\",\"isPartOf\":{\"@id\":\"https:\/\/sulsc.com\/#website\"},\"datePublished\":\"2024-02-17T13:55:27+00:00\",\"dateModified\":\"2024-02-17T13:55:27+00:00\",\"author\":{\"@id\":\"https:\/\/sulsc.com\/#\/schema\/person\/84d2fc571684f6248ba83092f07750a3\"},\"description\":\"Decis\u00e3o da comarca de Lages destaca viola\u00e7\u00e3o de direitos e condena companhia a\u00e9rea e site de viagem a pagar indeniza\u00e7\u00e3o\",\"breadcrumb\":{\"@id\":\"https:\/\/sulsc.com\/index.php\/2024\/02\/17\/idoso-com-deficiencia-tem-direito-a-desconto-na-compra-de-passagem-para-acompanhante\/#breadcrumb\"},\"inLanguage\":\"en-US\",\"potentialAction\":[{\"@type\":\"ReadAction\",\"target\":[\"https:\/\/sulsc.com\/index.php\/2024\/02\/17\/idoso-com-deficiencia-tem-direito-a-desconto-na-compra-de-passagem-para-acompanhante\/\"]}]},{\"@type\":\"BreadcrumbList\",\"@id\":\"https:\/\/sulsc.com\/index.php\/2024\/02\/17\/idoso-com-deficiencia-tem-direito-a-desconto-na-compra-de-passagem-para-acompanhante\/#breadcrumb\",\"itemListElement\":[{\"@type\":\"ListItem\",\"position\":1,\"name\":\"In\u00edcio\",\"item\":\"https:\/\/sulsc.com\/\"},{\"@type\":\"ListItem\",\"position\":2,\"name\":\"Idoso com defici\u00eancia tem direito a desconto na compra de passagem para acompanhante\"}]},{\"@type\":\"WebSite\",\"@id\":\"https:\/\/sulsc.com\/#website\",\"url\":\"https:\/\/sulsc.com\/\",\"name\":\"\",\"description\":\"\",\"potentialAction\":[{\"@type\":\"SearchAction\",\"target\":{\"@type\":\"EntryPoint\",\"urlTemplate\":\"https:\/\/sulsc.com\/?s={search_term_string}\"},\"query-input\":\"required name=search_term_string\"}],\"inLanguage\":\"en-US\"},{\"@type\":\"Person\",\"@id\":\"https:\/\/sulsc.com\/#\/schema\/person\/84d2fc571684f6248ba83092f07750a3\",\"name\":\"Reda\u00e7\u00e3o Sul SC\",\"image\":{\"@type\":\"ImageObject\",\"inLanguage\":\"en-US\",\"@id\":\"https:\/\/sulsc.com\/#\/schema\/person\/image\/e08d7fe2cc4ed596372063bbe852b8d0\",\"url\":\"https:\/\/sulsc.com\/wp-content\/uploads\/2023\/09\/redacao.png\",\"contentUrl\":\"https:\/\/sulsc.com\/wp-content\/uploads\/2023\/09\/redacao.png\",\"caption\":\"Reda\u00e7\u00e3o Sul SC\"},\"description\":\"Foco em um jornalismo imparcial, voltado \u00e0 qualidade dos seus conte\u00fados e, assim, levar informa\u00e7\u00e3o de valor que agregue \u00e0 vida dos leitores. Esta \u00e9 grande miss\u00e3o do Portal de Not\u00edcias Sul SC. N\u00e3o \u00e9 quantidade que muda o mundo, sempre foi e seguir\u00e1 sendo qualidade!\",\"sameAs\":[\"https:\/\/sulsc.com\/\",\"https:\/\/www.facebook.com\/profile.php?id=61559278119680\",\"https:\/\/www.instagram.com\/sulscportal\/?hl=pt-br\",\"https:\/\/twitter.com\/https:\/\/twitter.com\/PortalSulSC\",\"https:\/\/www.youtube.com\/channel\/UCv_BE8GeySluDov2n8qhVmw\"],\"url\":\"https:\/\/sulsc.com\/index.php\/author\/redacao\/\"}]}<\/script>\n<!-- \/ Yoast SEO plugin. -->","yoast_head_json":{"title":"Idoso com defici\u00eancia tem direito a desconto na compra de passagem para acompanhante -","description":"Decis\u00e3o da comarca de Lages destaca viola\u00e7\u00e3o de direitos e condena companhia a\u00e9rea e site de viagem a pagar indeniza\u00e7\u00e3o","robots":{"index":"index","follow":"follow","max-snippet":"max-snippet:-1","max-image-preview":"max-image-preview:large","max-video-preview":"max-video-preview:-1"},"canonical":"https:\/\/sulsc.com\/index.php\/2024\/02\/17\/idoso-com-deficiencia-tem-direito-a-desconto-na-compra-de-passagem-para-acompanhante\/","og_locale":"en_US","og_type":"article","og_title":"Idoso com defici\u00eancia tem direito a desconto na compra de passagem para acompanhante -","og_description":"Decis\u00e3o da comarca de Lages destaca viola\u00e7\u00e3o de direitos e condena companhia a\u00e9rea e site de viagem a pagar indeniza\u00e7\u00e3o","og_url":"https:\/\/sulsc.com\/index.php\/2024\/02\/17\/idoso-com-deficiencia-tem-direito-a-desconto-na-compra-de-passagem-para-acompanhante\/","article_author":"https:\/\/www.facebook.com\/profile.php?id=61559278119680","article_published_time":"2024-02-17T13:55:27+00:00","og_image":[{"width":1380,"height":954,"url":"http:\/\/sulsc.com\/wp-content\/uploads\/2024\/02\/idosos-em-viagem.jpeg","type":"image\/jpeg"}],"author":"Reda\u00e7\u00e3o Sul SC","twitter_card":"summary_large_image","twitter_creator":"@https:\/\/twitter.com\/PortalSulSC","twitter_misc":{"Written by":"Reda\u00e7\u00e3o Sul SC","Est. reading time":"2 minutes"},"schema":{"@context":"https:\/\/schema.org","@graph":[{"@type":"WebPage","@id":"https:\/\/sulsc.com\/index.php\/2024\/02\/17\/idoso-com-deficiencia-tem-direito-a-desconto-na-compra-de-passagem-para-acompanhante\/","url":"https:\/\/sulsc.com\/index.php\/2024\/02\/17\/idoso-com-deficiencia-tem-direito-a-desconto-na-compra-de-passagem-para-acompanhante\/","name":"Idoso com defici\u00eancia tem direito a desconto na compra de passagem para acompanhante -","isPartOf":{"@id":"https:\/\/sulsc.com\/#website"},"datePublished":"2024-02-17T13:55:27+00:00","dateModified":"2024-02-17T13:55:27+00:00","author":{"@id":"https:\/\/sulsc.com\/#\/schema\/person\/84d2fc571684f6248ba83092f07750a3"},"description":"Decis\u00e3o da comarca de Lages destaca viola\u00e7\u00e3o de direitos e condena companhia a\u00e9rea e site de viagem a pagar indeniza\u00e7\u00e3o","breadcrumb":{"@id":"https:\/\/sulsc.com\/index.php\/2024\/02\/17\/idoso-com-deficiencia-tem-direito-a-desconto-na-compra-de-passagem-para-acompanhante\/#breadcrumb"},"inLanguage":"en-US","potentialAction":[{"@type":"ReadAction","target":["https:\/\/sulsc.com\/index.php\/2024\/02\/17\/idoso-com-deficiencia-tem-direito-a-desconto-na-compra-de-passagem-para-acompanhante\/"]}]},{"@type":"BreadcrumbList","@id":"https:\/\/sulsc.com\/index.php\/2024\/02\/17\/idoso-com-deficiencia-tem-direito-a-desconto-na-compra-de-passagem-para-acompanhante\/#breadcrumb","itemListElement":[{"@type":"ListItem","position":1,"name":"In\u00edcio","item":"https:\/\/sulsc.com\/"},{"@type":"ListItem","position":2,"name":"Idoso com defici\u00eancia tem direito a desconto na compra de passagem para acompanhante"}]},{"@type":"WebSite","@id":"https:\/\/sulsc.com\/#website","url":"https:\/\/sulsc.com\/","name":"","description":"","potentialAction":[{"@type":"SearchAction","target":{"@type":"EntryPoint","urlTemplate":"https:\/\/sulsc.com\/?s={search_term_string}"},"query-input":"required name=search_term_string"}],"inLanguage":"en-US"},{"@type":"Person","@id":"https:\/\/sulsc.com\/#\/schema\/person\/84d2fc571684f6248ba83092f07750a3","name":"Reda\u00e7\u00e3o Sul SC","image":{"@type":"ImageObject","inLanguage":"en-US","@id":"https:\/\/sulsc.com\/#\/schema\/person\/image\/e08d7fe2cc4ed596372063bbe852b8d0","url":"https:\/\/sulsc.com\/wp-content\/uploads\/2023\/09\/redacao.png","contentUrl":"https:\/\/sulsc.com\/wp-content\/uploads\/2023\/09\/redacao.png","caption":"Reda\u00e7\u00e3o Sul SC"},"description":"Foco em um jornalismo imparcial, voltado \u00e0 qualidade dos seus conte\u00fados e, assim, levar informa\u00e7\u00e3o de valor que agregue \u00e0 vida dos leitores. Esta \u00e9 grande miss\u00e3o do Portal de Not\u00edcias Sul SC. N\u00e3o \u00e9 quantidade que muda o mundo, sempre foi e seguir\u00e1 sendo qualidade!","sameAs":["https:\/\/sulsc.com\/","https:\/\/www.facebook.com\/profile.php?id=61559278119680","https:\/\/www.instagram.com\/sulscportal\/?hl=pt-br","https:\/\/twitter.com\/https:\/\/twitter.com\/PortalSulSC","https:\/\/www.youtube.com\/channel\/UCv_BE8GeySluDov2n8qhVmw"],"url":"https:\/\/sulsc.com\/index.php\/author\/redacao\/"}]}},"authors":[],"_links":{"self":[{"href":"https:\/\/sulsc.com\/index.php\/wp-json\/wp\/v2\/posts\/8809"}],"collection":[{"href":"https:\/\/sulsc.com\/index.php\/wp-json\/wp\/v2\/posts"}],"about":[{"href":"https:\/\/sulsc.com\/index.php\/wp-json\/wp\/v2\/types\/post"}],"author":[{"embeddable":true,"href":"https:\/\/sulsc.com\/index.php\/wp-json\/wp\/v2\/users\/3"}],"replies":[{"embeddable":true,"href":"https:\/\/sulsc.com\/index.php\/wp-json\/wp\/v2\/comments?post=8809"}],"version-history":[{"count":1,"href":"https:\/\/sulsc.com\/index.php\/wp-json\/wp\/v2\/posts\/8809\/revisions"}],"predecessor-version":[{"id":8811,"href":"https:\/\/sulsc.com\/index.php\/wp-json\/wp\/v2\/posts\/8809\/revisions\/8811"}],"wp:featuredmedia":[{"embeddable":true,"href":"https:\/\/sulsc.com\/index.php\/wp-json\/wp\/v2\/media\/8810"}],"wp:attachment":[{"href":"https:\/\/sulsc.com\/index.php\/wp-json\/wp\/v2\/media?parent=8809"}],"wp:term":[{"taxonomy":"category","embeddable":true,"href":"https:\/\/sulsc.com\/index.php\/wp-json\/wp\/v2\/categories?post=8809"},{"taxonomy":"post_tag","embeddable":true,"href":"https:\/\/sulsc.com\/index.php\/wp-json\/wp\/v2\/tags?post=8809"}],"curies":[{"name":"wp","href":"https:\/\/api.w.org\/{rel}","templated":true}]}}