{"id":8847,"date":"2024-02-18T16:30:17","date_gmt":"2024-02-18T19:30:17","guid":{"rendered":"https:\/\/sulsc.com\/?p=8847"},"modified":"2024-02-18T15:35:40","modified_gmt":"2024-02-18T18:35:40","slug":"ima-divulga-relatorio-de-balneabilidade-do-litoral-catarinense","status":"publish","type":"post","link":"https:\/\/sulsc.com\/index.php\/2024\/02\/18\/ima-divulga-relatorio-de-balneabilidade-do-litoral-catarinense\/","title":{"rendered":"IMA divulga relat\u00f3rio de balneabilidade do litoral catarinense"},"content":{"rendered":"<p data-raofz=\"16\">O Instituto do Meio Ambiente de Santa Catarina (IMA) divulga o relat\u00f3rio de balneabilidade com as informa\u00e7\u00f5es consolidadas dos resultados das coletas realizadas na semana de 12 a 16 de fevereiro de 2024. A informa\u00e7\u00e3o foi apresentada na sexta-feira (16), no site do Governo do Estado.<\/p>\n<p data-raofz=\"16\">De acordo com as amostras coletadas, nos 238 pontos monitorados pelo Instituto no litoral catarinense, 155 est\u00e3o pr\u00f3prios para banho, o que representa 65,13%. Em Florian\u00f3polis, dos 87 pontos, 55 est\u00e3o adequados para banho, o que equivale a 63,22%.\u00a0Todas as informa\u00e7\u00f5es, comparativos e considera\u00e7\u00f5es t\u00e9cnicas desta semana constam no relat\u00f3rio que pode ser conferido\u00a0<a href=\"https:\/\/balneabilidade.ima.sc.gov.br\/relatorio\/downloadPDF\/2024-02-16\">neste link.<\/a><\/p>\n<p data-raofz=\"16\">No site de Balneabilidade do Instituto as informa\u00e7\u00f5es s\u00e3o atualizadas automaticamente e todo cidad\u00e3o pode acompanhar durante a semana os relat\u00f3rios emitidos, bem como, o resultado mais atualizado da condi\u00e7\u00e3o de cada ponto, basta clicar nas bandeirinhas que aparecem no mapa ou conferir o menu \u2018hist\u00f3rico\u2019.<\/p>\n<p data-raofz=\"16\"><img fetchpriority=\"high\" decoding=\"async\" class=\"alignnone size-large wp-image-8848\" src=\"http:\/\/sulsc.com\/wp-content\/uploads\/2024\/02\/Ascom_IMA-1024x768.jpeg\" alt=\"\" width=\"1024\" height=\"768\" srcset=\"https:\/\/sulsc.com\/wp-content\/uploads\/2024\/02\/Ascom_IMA-1024x768.jpeg 1024w, https:\/\/sulsc.com\/wp-content\/uploads\/2024\/02\/Ascom_IMA-300x225.jpeg 300w, https:\/\/sulsc.com\/wp-content\/uploads\/2024\/02\/Ascom_IMA-768x576.jpeg 768w, https:\/\/sulsc.com\/wp-content\/uploads\/2024\/02\/Ascom_IMA-1536x1152.jpeg 1536w, https:\/\/sulsc.com\/wp-content\/uploads\/2024\/02\/Ascom_IMA.jpeg 1600w\" sizes=\"(max-width: 1024px) 100vw, 1024px\" \/><\/p>\n<p data-raofz=\"16\"><strong>Metodologia e legisla\u00e7\u00e3o<\/strong><\/p>\n<p data-raofz=\"16\">O IMA possui todos os materiais e mecanismos considerados suficientes e adequados para a execu\u00e7\u00e3o do Programa de Monitoramento da Balneabilidade no estado, o segundo maior do Brasil, com 238 pontos monitorados e vigente desde o ano de 1976.<\/p>\n<p data-raofz=\"16\">Os materiais utilizados s\u00e3o aqueles definidos pelo m\u00e9todo 9223b do\u00a0<em>Standard Methods for the Examination of Water and Wastewater<\/em>, 23\u00aa edi\u00e7\u00e3o, cuja fabrica\u00e7\u00e3o e distribui\u00e7\u00e3o \u00e9 realizada por uma \u00fanica empresa (IDEXX) com representante pr\u00f3prio no Brasil (IDEXX BRASIL LABORAT\u00d3RIOS LTDA).<\/p>\n<p data-raofz=\"16\">Quanto ao denominado mecanismo de coleta, o IMA segue os padr\u00f5es estabelecidos pelo Guia de Coleta e Preserva\u00e7\u00e3o de Amostras da Ag\u00eancia Nacional de \u00c1guas (ANA) e Companhia Ambiental do Estado de S\u00e3o Paulo (CETESB).<\/p>\n<p data-raofz=\"16\">As amostras s\u00e3o analisadas pelo m\u00e9todo fluorog\u00eanico tendo como substrato o Colilert-18, conforme diretrizes do\u00a0<em>Standard Methods for the Examination of Water and Wastewater<\/em>, 23\u00aa edi\u00e7\u00e3o, M\u00e9todo 9223 B que consiste na quantifica\u00e7\u00e3o dos coliformes totais e\u00a0<em>Escherichia coli.<\/em><\/p>\n<p data-raofz=\"16\">Conforme a Resolu\u00e7\u00e3o Conama n\u00ba 274, de 29 de novembro de 2000, o ponto \u00e9 considerado PR\u00d3PRIO quando em 80% ou mais de um conjunto de amostras coletadas nas \u00faltimas 5 semanas anteriores, no mesmo local, houver no m\u00e1ximo 800\u00a0<em>Escherichia coli\u00a0<\/em>por 100 mililitros. O ponto \u00e9 considerado IMPR\u00d3PRIO quando em mais de 20% de um conjunto de amostras coletadas nas \u00faltimas cinco semanas anteriores, no mesmo local, for superior a 800\u00a0<em>Escherichia coli\u00a0<\/em>por 100 mililitros ou quando, na \u00faltima coleta, o resultado for superior a 2000\u00a0<em>Escherichia coli<\/em>\u00a0por 100 mililitros.<\/p>\n","protected":false},"excerpt":{"rendered":"<p>O Instituto do Meio Ambiente de Santa Catarina (IMA) divulga o relat\u00f3rio de balneabilidade com as informa\u00e7\u00f5es consolidadas dos resultados das coletas realizadas na semana de 12 a 16 de fevereiro de 2024. A informa\u00e7\u00e3o foi apresentada na sexta-feira (16), no site do Governo do Estado. De acordo com as amostras coletadas, nos 238 pontos &hellip;<\/p>\n<p class=\"read-more\"> <a class=\"\" href=\"https:\/\/sulsc.com\/index.php\/2024\/02\/18\/ima-divulga-relatorio-de-balneabilidade-do-litoral-catarinense\/\"> <span class=\"screen-reader-text\">IMA divulga relat\u00f3rio de balneabilidade do litoral catarinense<\/span> Read More &raquo;<\/a><\/p>\n","protected":false},"author":3,"featured_media":8848,"comment_status":"open","ping_status":"open","sticky":false,"template":"","format":"standard","meta":{"site-sidebar-layout":"default","site-content-layout":"","ast-site-content-layout":"default","site-content-style":"default","site-sidebar-style":"default","ast-global-header-display":"","ast-banner-title-visibility":"","ast-main-header-display":"","ast-hfb-above-header-display":"","ast-hfb-below-header-display":"","ast-hfb-mobile-header-display":"","site-post-title":"","ast-breadcrumbs-content":"","ast-featured-img":"","footer-sml-layout":"","theme-transparent-header-meta":"default","adv-header-id-meta":"","stick-header-meta":"","header-above-stick-meta":"","header-main-stick-meta":"","header-below-stick-meta":"","astra-migrate-meta-layouts":"set","footnotes":""},"categories":[17],"tags":[],"yoast_head":"<!-- This site is optimized with the Yoast SEO plugin v21.4 - https:\/\/yoast.com\/wordpress\/plugins\/seo\/ -->\n<title>IMA divulga relat\u00f3rio de balneabilidade do litoral catarinense -<\/title>\n<meta name=\"robots\" content=\"index, follow, max-snippet:-1, max-image-preview:large, max-video-preview:-1\" \/>\n<link rel=\"canonical\" href=\"https:\/\/sulsc.com\/index.php\/2024\/02\/18\/ima-divulga-relatorio-de-balneabilidade-do-litoral-catarinense\/\" \/>\n<meta property=\"og:locale\" content=\"en_US\" \/>\n<meta property=\"og:type\" content=\"article\" \/>\n<meta property=\"og:title\" content=\"IMA divulga relat\u00f3rio de balneabilidade do litoral catarinense -\" \/>\n<meta property=\"og:description\" content=\"O Instituto do Meio Ambiente de Santa Catarina (IMA) divulga o relat\u00f3rio de balneabilidade com as informa\u00e7\u00f5es consolidadas dos resultados das coletas realizadas na semana de 12 a 16 de fevereiro de 2024. A informa\u00e7\u00e3o foi apresentada na sexta-feira (16), no site do Governo do Estado. De acordo com as amostras coletadas, nos 238 pontos &hellip; IMA divulga relat\u00f3rio de balneabilidade do litoral catarinense Read More &raquo;\" \/>\n<meta property=\"og:url\" content=\"https:\/\/sulsc.com\/index.php\/2024\/02\/18\/ima-divulga-relatorio-de-balneabilidade-do-litoral-catarinense\/\" \/>\n<meta property=\"article:author\" content=\"https:\/\/www.facebook.com\/profile.php?id=61559278119680\" \/>\n<meta property=\"article:published_time\" content=\"2024-02-18T19:30:17+00:00\" \/>\n<meta property=\"article:modified_time\" content=\"2024-02-18T18:35:40+00:00\" \/>\n<meta property=\"og:image\" content=\"https:\/\/sulsc.com\/wp-content\/uploads\/2024\/02\/Ascom_IMA.jpeg\" \/>\n\t<meta property=\"og:image:width\" content=\"1600\" \/>\n\t<meta property=\"og:image:height\" content=\"1200\" \/>\n\t<meta property=\"og:image:type\" content=\"image\/jpeg\" \/>\n<meta name=\"author\" content=\"Reda\u00e7\u00e3o Sul SC\" \/>\n<meta name=\"twitter:card\" content=\"summary_large_image\" \/>\n<meta name=\"twitter:creator\" content=\"@https:\/\/twitter.com\/PortalSulSC\" \/>\n<meta name=\"twitter:label1\" content=\"Written by\" \/>\n\t<meta name=\"twitter:data1\" content=\"Reda\u00e7\u00e3o Sul SC\" \/>\n\t<meta name=\"twitter:label2\" content=\"Est. reading time\" \/>\n\t<meta name=\"twitter:data2\" content=\"3 minutes\" \/>\n<script type=\"application\/ld+json\" class=\"yoast-schema-graph\">{\"@context\":\"https:\/\/schema.org\",\"@graph\":[{\"@type\":\"WebPage\",\"@id\":\"https:\/\/sulsc.com\/index.php\/2024\/02\/18\/ima-divulga-relatorio-de-balneabilidade-do-litoral-catarinense\/\",\"url\":\"https:\/\/sulsc.com\/index.php\/2024\/02\/18\/ima-divulga-relatorio-de-balneabilidade-do-litoral-catarinense\/\",\"name\":\"IMA divulga relat\u00f3rio de balneabilidade do litoral catarinense -\",\"isPartOf\":{\"@id\":\"https:\/\/sulsc.com\/#website\"},\"datePublished\":\"2024-02-18T19:30:17+00:00\",\"dateModified\":\"2024-02-18T18:35:40+00:00\",\"author\":{\"@id\":\"https:\/\/sulsc.com\/#\/schema\/person\/84d2fc571684f6248ba83092f07750a3\"},\"breadcrumb\":{\"@id\":\"https:\/\/sulsc.com\/index.php\/2024\/02\/18\/ima-divulga-relatorio-de-balneabilidade-do-litoral-catarinense\/#breadcrumb\"},\"inLanguage\":\"en-US\",\"potentialAction\":[{\"@type\":\"ReadAction\",\"target\":[\"https:\/\/sulsc.com\/index.php\/2024\/02\/18\/ima-divulga-relatorio-de-balneabilidade-do-litoral-catarinense\/\"]}]},{\"@type\":\"BreadcrumbList\",\"@id\":\"https:\/\/sulsc.com\/index.php\/2024\/02\/18\/ima-divulga-relatorio-de-balneabilidade-do-litoral-catarinense\/#breadcrumb\",\"itemListElement\":[{\"@type\":\"ListItem\",\"position\":1,\"name\":\"In\u00edcio\",\"item\":\"https:\/\/sulsc.com\/\"},{\"@type\":\"ListItem\",\"position\":2,\"name\":\"IMA divulga relat\u00f3rio de balneabilidade do litoral catarinense\"}]},{\"@type\":\"WebSite\",\"@id\":\"https:\/\/sulsc.com\/#website\",\"url\":\"https:\/\/sulsc.com\/\",\"name\":\"\",\"description\":\"\",\"potentialAction\":[{\"@type\":\"SearchAction\",\"target\":{\"@type\":\"EntryPoint\",\"urlTemplate\":\"https:\/\/sulsc.com\/?s={search_term_string}\"},\"query-input\":\"required name=search_term_string\"}],\"inLanguage\":\"en-US\"},{\"@type\":\"Person\",\"@id\":\"https:\/\/sulsc.com\/#\/schema\/person\/84d2fc571684f6248ba83092f07750a3\",\"name\":\"Reda\u00e7\u00e3o Sul SC\",\"image\":{\"@type\":\"ImageObject\",\"inLanguage\":\"en-US\",\"@id\":\"https:\/\/sulsc.com\/#\/schema\/person\/image\/e08d7fe2cc4ed596372063bbe852b8d0\",\"url\":\"https:\/\/sulsc.com\/wp-content\/uploads\/2023\/09\/redacao.png\",\"contentUrl\":\"https:\/\/sulsc.com\/wp-content\/uploads\/2023\/09\/redacao.png\",\"caption\":\"Reda\u00e7\u00e3o Sul SC\"},\"description\":\"Foco em um jornalismo imparcial, voltado \u00e0 qualidade dos seus conte\u00fados e, assim, levar informa\u00e7\u00e3o de valor que agregue \u00e0 vida dos leitores. Esta \u00e9 grande miss\u00e3o do Portal de Not\u00edcias Sul SC. N\u00e3o \u00e9 quantidade que muda o mundo, sempre foi e seguir\u00e1 sendo qualidade!\",\"sameAs\":[\"https:\/\/sulsc.com\/\",\"https:\/\/www.facebook.com\/profile.php?id=61559278119680\",\"https:\/\/www.instagram.com\/sulscportal\/?hl=pt-br\",\"https:\/\/twitter.com\/https:\/\/twitter.com\/PortalSulSC\",\"https:\/\/www.youtube.com\/channel\/UCv_BE8GeySluDov2n8qhVmw\"],\"url\":\"https:\/\/sulsc.com\/index.php\/author\/redacao\/\"}]}<\/script>\n<!-- \/ Yoast SEO plugin. -->","yoast_head_json":{"title":"IMA divulga relat\u00f3rio de balneabilidade do litoral catarinense -","robots":{"index":"index","follow":"follow","max-snippet":"max-snippet:-1","max-image-preview":"max-image-preview:large","max-video-preview":"max-video-preview:-1"},"canonical":"https:\/\/sulsc.com\/index.php\/2024\/02\/18\/ima-divulga-relatorio-de-balneabilidade-do-litoral-catarinense\/","og_locale":"en_US","og_type":"article","og_title":"IMA divulga relat\u00f3rio de balneabilidade do litoral catarinense -","og_description":"O Instituto do Meio Ambiente de Santa Catarina (IMA) divulga o relat\u00f3rio de balneabilidade com as informa\u00e7\u00f5es consolidadas dos resultados das coletas realizadas na semana de 12 a 16 de fevereiro de 2024. A informa\u00e7\u00e3o foi apresentada na sexta-feira (16), no site do Governo do Estado. De acordo com as amostras coletadas, nos 238 pontos &hellip; IMA divulga relat\u00f3rio de balneabilidade do litoral catarinense Read More &raquo;","og_url":"https:\/\/sulsc.com\/index.php\/2024\/02\/18\/ima-divulga-relatorio-de-balneabilidade-do-litoral-catarinense\/","article_author":"https:\/\/www.facebook.com\/profile.php?id=61559278119680","article_published_time":"2024-02-18T19:30:17+00:00","article_modified_time":"2024-02-18T18:35:40+00:00","og_image":[{"width":1600,"height":1200,"url":"https:\/\/sulsc.com\/wp-content\/uploads\/2024\/02\/Ascom_IMA.jpeg","type":"image\/jpeg"}],"author":"Reda\u00e7\u00e3o Sul SC","twitter_card":"summary_large_image","twitter_creator":"@https:\/\/twitter.com\/PortalSulSC","twitter_misc":{"Written by":"Reda\u00e7\u00e3o Sul SC","Est. reading time":"3 minutes"},"schema":{"@context":"https:\/\/schema.org","@graph":[{"@type":"WebPage","@id":"https:\/\/sulsc.com\/index.php\/2024\/02\/18\/ima-divulga-relatorio-de-balneabilidade-do-litoral-catarinense\/","url":"https:\/\/sulsc.com\/index.php\/2024\/02\/18\/ima-divulga-relatorio-de-balneabilidade-do-litoral-catarinense\/","name":"IMA divulga relat\u00f3rio de balneabilidade do litoral catarinense -","isPartOf":{"@id":"https:\/\/sulsc.com\/#website"},"datePublished":"2024-02-18T19:30:17+00:00","dateModified":"2024-02-18T18:35:40+00:00","author":{"@id":"https:\/\/sulsc.com\/#\/schema\/person\/84d2fc571684f6248ba83092f07750a3"},"breadcrumb":{"@id":"https:\/\/sulsc.com\/index.php\/2024\/02\/18\/ima-divulga-relatorio-de-balneabilidade-do-litoral-catarinense\/#breadcrumb"},"inLanguage":"en-US","potentialAction":[{"@type":"ReadAction","target":["https:\/\/sulsc.com\/index.php\/2024\/02\/18\/ima-divulga-relatorio-de-balneabilidade-do-litoral-catarinense\/"]}]},{"@type":"BreadcrumbList","@id":"https:\/\/sulsc.com\/index.php\/2024\/02\/18\/ima-divulga-relatorio-de-balneabilidade-do-litoral-catarinense\/#breadcrumb","itemListElement":[{"@type":"ListItem","position":1,"name":"In\u00edcio","item":"https:\/\/sulsc.com\/"},{"@type":"ListItem","position":2,"name":"IMA divulga relat\u00f3rio de balneabilidade do litoral catarinense"}]},{"@type":"WebSite","@id":"https:\/\/sulsc.com\/#website","url":"https:\/\/sulsc.com\/","name":"","description":"","potentialAction":[{"@type":"SearchAction","target":{"@type":"EntryPoint","urlTemplate":"https:\/\/sulsc.com\/?s={search_term_string}"},"query-input":"required name=search_term_string"}],"inLanguage":"en-US"},{"@type":"Person","@id":"https:\/\/sulsc.com\/#\/schema\/person\/84d2fc571684f6248ba83092f07750a3","name":"Reda\u00e7\u00e3o Sul SC","image":{"@type":"ImageObject","inLanguage":"en-US","@id":"https:\/\/sulsc.com\/#\/schema\/person\/image\/e08d7fe2cc4ed596372063bbe852b8d0","url":"https:\/\/sulsc.com\/wp-content\/uploads\/2023\/09\/redacao.png","contentUrl":"https:\/\/sulsc.com\/wp-content\/uploads\/2023\/09\/redacao.png","caption":"Reda\u00e7\u00e3o Sul SC"},"description":"Foco em um jornalismo imparcial, voltado \u00e0 qualidade dos seus conte\u00fados e, assim, levar informa\u00e7\u00e3o de valor que agregue \u00e0 vida dos leitores. Esta \u00e9 grande miss\u00e3o do Portal de Not\u00edcias Sul SC. N\u00e3o \u00e9 quantidade que muda o mundo, sempre foi e seguir\u00e1 sendo qualidade!","sameAs":["https:\/\/sulsc.com\/","https:\/\/www.facebook.com\/profile.php?id=61559278119680","https:\/\/www.instagram.com\/sulscportal\/?hl=pt-br","https:\/\/twitter.com\/https:\/\/twitter.com\/PortalSulSC","https:\/\/www.youtube.com\/channel\/UCv_BE8GeySluDov2n8qhVmw"],"url":"https:\/\/sulsc.com\/index.php\/author\/redacao\/"}]}},"authors":[],"_links":{"self":[{"href":"https:\/\/sulsc.com\/index.php\/wp-json\/wp\/v2\/posts\/8847"}],"collection":[{"href":"https:\/\/sulsc.com\/index.php\/wp-json\/wp\/v2\/posts"}],"about":[{"href":"https:\/\/sulsc.com\/index.php\/wp-json\/wp\/v2\/types\/post"}],"author":[{"embeddable":true,"href":"https:\/\/sulsc.com\/index.php\/wp-json\/wp\/v2\/users\/3"}],"replies":[{"embeddable":true,"href":"https:\/\/sulsc.com\/index.php\/wp-json\/wp\/v2\/comments?post=8847"}],"version-history":[{"count":1,"href":"https:\/\/sulsc.com\/index.php\/wp-json\/wp\/v2\/posts\/8847\/revisions"}],"predecessor-version":[{"id":8849,"href":"https:\/\/sulsc.com\/index.php\/wp-json\/wp\/v2\/posts\/8847\/revisions\/8849"}],"wp:featuredmedia":[{"embeddable":true,"href":"https:\/\/sulsc.com\/index.php\/wp-json\/wp\/v2\/media\/8848"}],"wp:attachment":[{"href":"https:\/\/sulsc.com\/index.php\/wp-json\/wp\/v2\/media?parent=8847"}],"wp:term":[{"taxonomy":"category","embeddable":true,"href":"https:\/\/sulsc.com\/index.php\/wp-json\/wp\/v2\/categories?post=8847"},{"taxonomy":"post_tag","embeddable":true,"href":"https:\/\/sulsc.com\/index.php\/wp-json\/wp\/v2\/tags?post=8847"}],"curies":[{"name":"wp","href":"https:\/\/api.w.org\/{rel}","templated":true}]}}