{"id":8873,"date":"2024-02-20T08:40:40","date_gmt":"2024-02-20T11:40:40","guid":{"rendered":"https:\/\/sulsc.com\/?p=8873"},"modified":"2024-02-20T07:02:09","modified_gmt":"2024-02-20T10:02:09","slug":"profissionais-das-escolas-municipais-de-laguna-participam-de-formacao-para-inicio-do-ano-letivo","status":"publish","type":"post","link":"https:\/\/sulsc.com\/index.php\/2024\/02\/20\/profissionais-das-escolas-municipais-de-laguna-participam-de-formacao-para-inicio-do-ano-letivo\/","title":{"rendered":"Profissionais das escolas municipais de Laguna, participam de forma\u00e7\u00e3o para in\u00edcio do ano letivo"},"content":{"rendered":"<p>Em Laguna, hoje (20), inicia o ano letivo da rede municipal de ensino. Aproximadamente 2.200 crian\u00e7as da educa\u00e7\u00e3o infantil e fundamental est\u00e3o matriculadas nas unidades escolares do munic\u00edpio.<\/p>\n<p>Nesta segunda-feira (19), os professores da Educa\u00e7\u00e3o Infantil e do Ensino Fundamental, est\u00e3o participando da primeira forma\u00e7\u00e3o de 2024, seguindo o tema \u201cCuidar de quem cuida: o cuidado que eu tenho comigo oportuniza a cuidar melhor do outro\u201d.<\/p>\n<p>A forma\u00e7\u00e3o serve para alinhar as atividades e a\u00e7\u00f5es pedag\u00f3gicas para 2024. \u201c Existe todo um planejamento de prepara\u00e7\u00e3o do ano letivo nos aspectos pedag\u00f3gicos e administrativos, para que as unidades possam iniciar o ano com tudo organizado. \u201d explicou o Secret\u00e1rio de Educa\u00e7\u00e3o e Esportes, Carlos Felipe Schmidt<\/p>\n<p><img fetchpriority=\"high\" decoding=\"async\" class=\"alignnone size-full wp-image-8897\" src=\"http:\/\/sulsc.com\/wp-content\/uploads\/2024\/02\/Profissionais-da-escolas-municipais-participam-de-formacao-para-inicio-do-ano-letivo.jpeg\" alt=\"\" width=\"800\" height=\"445\" srcset=\"https:\/\/sulsc.com\/wp-content\/uploads\/2024\/02\/Profissionais-da-escolas-municipais-participam-de-formacao-para-inicio-do-ano-letivo.jpeg 800w, https:\/\/sulsc.com\/wp-content\/uploads\/2024\/02\/Profissionais-da-escolas-municipais-participam-de-formacao-para-inicio-do-ano-letivo-300x167.jpeg 300w, https:\/\/sulsc.com\/wp-content\/uploads\/2024\/02\/Profissionais-da-escolas-municipais-participam-de-formacao-para-inicio-do-ano-letivo-768x427.jpeg 768w\" sizes=\"(max-width: 800px) 100vw, 800px\" \/><\/p>\n","protected":false},"excerpt":{"rendered":"<p>Em Laguna, hoje (20), inicia o ano letivo da rede municipal de ensino. Aproximadamente 2.200 crian\u00e7as da educa\u00e7\u00e3o infantil e fundamental est\u00e3o matriculadas nas unidades escolares do munic\u00edpio. Nesta segunda-feira (19), os professores da Educa\u00e7\u00e3o Infantil e do Ensino Fundamental, est\u00e3o participando da primeira forma\u00e7\u00e3o de 2024, seguindo o tema \u201cCuidar de quem cuida: o &hellip;<\/p>\n<p class=\"read-more\"> <a class=\"\" href=\"https:\/\/sulsc.com\/index.php\/2024\/02\/20\/profissionais-das-escolas-municipais-de-laguna-participam-de-formacao-para-inicio-do-ano-letivo\/\"> <span class=\"screen-reader-text\">Profissionais das escolas municipais de Laguna, participam de forma\u00e7\u00e3o para in\u00edcio do ano letivo<\/span> Read More &raquo;<\/a><\/p>\n","protected":false},"author":3,"featured_media":8897,"comment_status":"open","ping_status":"open","sticky":false,"template":"","format":"standard","meta":{"site-sidebar-layout":"default","site-content-layout":"","ast-site-content-layout":"default","site-content-style":"default","site-sidebar-style":"default","ast-global-header-display":"","ast-banner-title-visibility":"","ast-main-header-display":"","ast-hfb-above-header-display":"","ast-hfb-below-header-display":"","ast-hfb-mobile-header-display":"","site-post-title":"","ast-breadcrumbs-content":"","ast-featured-img":"","footer-sml-layout":"","theme-transparent-header-meta":"default","adv-header-id-meta":"","stick-header-meta":"","header-above-stick-meta":"","header-main-stick-meta":"","header-below-stick-meta":"","astra-migrate-meta-layouts":"set","footnotes":""},"categories":[1],"tags":[],"yoast_head":"<!-- This site is optimized with the Yoast SEO plugin v21.4 - https:\/\/yoast.com\/wordpress\/plugins\/seo\/ -->\n<title>Profissionais das escolas municipais de Laguna, participam de forma\u00e7\u00e3o para in\u00edcio do ano letivo -<\/title>\n<meta name=\"robots\" content=\"index, follow, max-snippet:-1, max-image-preview:large, max-video-preview:-1\" \/>\n<link rel=\"canonical\" href=\"https:\/\/sulsc.com\/index.php\/2024\/02\/20\/profissionais-das-escolas-municipais-de-laguna-participam-de-formacao-para-inicio-do-ano-letivo\/\" \/>\n<meta property=\"og:locale\" content=\"en_US\" \/>\n<meta property=\"og:type\" content=\"article\" \/>\n<meta property=\"og:title\" content=\"Profissionais das escolas municipais de Laguna, participam de forma\u00e7\u00e3o para in\u00edcio do ano letivo -\" \/>\n<meta property=\"og:description\" content=\"Em Laguna, hoje (20), inicia o ano letivo da rede municipal de ensino. Aproximadamente 2.200 crian\u00e7as da educa\u00e7\u00e3o infantil e fundamental est\u00e3o matriculadas nas unidades escolares do munic\u00edpio. Nesta segunda-feira (19), os professores da Educa\u00e7\u00e3o Infantil e do Ensino Fundamental, est\u00e3o participando da primeira forma\u00e7\u00e3o de 2024, seguindo o tema \u201cCuidar de quem cuida: o &hellip; Profissionais das escolas municipais de Laguna, participam de forma\u00e7\u00e3o para in\u00edcio do ano letivo Read More &raquo;\" \/>\n<meta property=\"og:url\" content=\"https:\/\/sulsc.com\/index.php\/2024\/02\/20\/profissionais-das-escolas-municipais-de-laguna-participam-de-formacao-para-inicio-do-ano-letivo\/\" \/>\n<meta property=\"article:author\" content=\"https:\/\/www.facebook.com\/profile.php?id=61559278119680\" \/>\n<meta property=\"article:published_time\" content=\"2024-02-20T11:40:40+00:00\" \/>\n<meta property=\"article:modified_time\" content=\"2024-02-20T10:02:09+00:00\" \/>\n<meta property=\"og:image\" content=\"https:\/\/sulsc.com\/wp-content\/uploads\/2024\/02\/Profissionais-da-escolas-municipais-participam-de-formacao-para-inicio-do-ano-letivo.jpeg\" \/>\n\t<meta property=\"og:image:width\" content=\"800\" \/>\n\t<meta property=\"og:image:height\" content=\"445\" \/>\n\t<meta property=\"og:image:type\" content=\"image\/jpeg\" \/>\n<meta name=\"author\" content=\"Reda\u00e7\u00e3o Sul SC\" \/>\n<meta name=\"twitter:card\" content=\"summary_large_image\" \/>\n<meta name=\"twitter:creator\" content=\"@https:\/\/twitter.com\/PortalSulSC\" \/>\n<meta name=\"twitter:label1\" content=\"Written by\" \/>\n\t<meta name=\"twitter:data1\" content=\"Reda\u00e7\u00e3o Sul SC\" \/>\n\t<meta name=\"twitter:label2\" content=\"Est. reading time\" \/>\n\t<meta name=\"twitter:data2\" content=\"1 minute\" \/>\n<script type=\"application\/ld+json\" class=\"yoast-schema-graph\">{\"@context\":\"https:\/\/schema.org\",\"@graph\":[{\"@type\":\"WebPage\",\"@id\":\"https:\/\/sulsc.com\/index.php\/2024\/02\/20\/profissionais-das-escolas-municipais-de-laguna-participam-de-formacao-para-inicio-do-ano-letivo\/\",\"url\":\"https:\/\/sulsc.com\/index.php\/2024\/02\/20\/profissionais-das-escolas-municipais-de-laguna-participam-de-formacao-para-inicio-do-ano-letivo\/\",\"name\":\"Profissionais das escolas municipais de Laguna, participam de forma\u00e7\u00e3o para in\u00edcio do ano letivo -\",\"isPartOf\":{\"@id\":\"https:\/\/sulsc.com\/#website\"},\"datePublished\":\"2024-02-20T11:40:40+00:00\",\"dateModified\":\"2024-02-20T10:02:09+00:00\",\"author\":{\"@id\":\"https:\/\/sulsc.com\/#\/schema\/person\/84d2fc571684f6248ba83092f07750a3\"},\"breadcrumb\":{\"@id\":\"https:\/\/sulsc.com\/index.php\/2024\/02\/20\/profissionais-das-escolas-municipais-de-laguna-participam-de-formacao-para-inicio-do-ano-letivo\/#breadcrumb\"},\"inLanguage\":\"en-US\",\"potentialAction\":[{\"@type\":\"ReadAction\",\"target\":[\"https:\/\/sulsc.com\/index.php\/2024\/02\/20\/profissionais-das-escolas-municipais-de-laguna-participam-de-formacao-para-inicio-do-ano-letivo\/\"]}]},{\"@type\":\"BreadcrumbList\",\"@id\":\"https:\/\/sulsc.com\/index.php\/2024\/02\/20\/profissionais-das-escolas-municipais-de-laguna-participam-de-formacao-para-inicio-do-ano-letivo\/#breadcrumb\",\"itemListElement\":[{\"@type\":\"ListItem\",\"position\":1,\"name\":\"In\u00edcio\",\"item\":\"https:\/\/sulsc.com\/\"},{\"@type\":\"ListItem\",\"position\":2,\"name\":\"Profissionais das escolas municipais de Laguna, participam de forma\u00e7\u00e3o para in\u00edcio do ano letivo\"}]},{\"@type\":\"WebSite\",\"@id\":\"https:\/\/sulsc.com\/#website\",\"url\":\"https:\/\/sulsc.com\/\",\"name\":\"\",\"description\":\"\",\"potentialAction\":[{\"@type\":\"SearchAction\",\"target\":{\"@type\":\"EntryPoint\",\"urlTemplate\":\"https:\/\/sulsc.com\/?s={search_term_string}\"},\"query-input\":\"required name=search_term_string\"}],\"inLanguage\":\"en-US\"},{\"@type\":\"Person\",\"@id\":\"https:\/\/sulsc.com\/#\/schema\/person\/84d2fc571684f6248ba83092f07750a3\",\"name\":\"Reda\u00e7\u00e3o Sul SC\",\"image\":{\"@type\":\"ImageObject\",\"inLanguage\":\"en-US\",\"@id\":\"https:\/\/sulsc.com\/#\/schema\/person\/image\/e08d7fe2cc4ed596372063bbe852b8d0\",\"url\":\"https:\/\/sulsc.com\/wp-content\/uploads\/2023\/09\/redacao.png\",\"contentUrl\":\"https:\/\/sulsc.com\/wp-content\/uploads\/2023\/09\/redacao.png\",\"caption\":\"Reda\u00e7\u00e3o Sul SC\"},\"description\":\"Foco em um jornalismo imparcial, voltado \u00e0 qualidade dos seus conte\u00fados e, assim, levar informa\u00e7\u00e3o de valor que agregue \u00e0 vida dos leitores. Esta \u00e9 grande miss\u00e3o do Portal de Not\u00edcias Sul SC. N\u00e3o \u00e9 quantidade que muda o mundo, sempre foi e seguir\u00e1 sendo qualidade!\",\"sameAs\":[\"https:\/\/sulsc.com\/\",\"https:\/\/www.facebook.com\/profile.php?id=61559278119680\",\"https:\/\/www.instagram.com\/sulscportal\/?hl=pt-br\",\"https:\/\/twitter.com\/https:\/\/twitter.com\/PortalSulSC\",\"https:\/\/www.youtube.com\/channel\/UCv_BE8GeySluDov2n8qhVmw\"],\"url\":\"https:\/\/sulsc.com\/index.php\/author\/redacao\/\"}]}<\/script>\n<!-- \/ Yoast SEO plugin. -->","yoast_head_json":{"title":"Profissionais das escolas municipais de Laguna, participam de forma\u00e7\u00e3o para in\u00edcio do ano letivo -","robots":{"index":"index","follow":"follow","max-snippet":"max-snippet:-1","max-image-preview":"max-image-preview:large","max-video-preview":"max-video-preview:-1"},"canonical":"https:\/\/sulsc.com\/index.php\/2024\/02\/20\/profissionais-das-escolas-municipais-de-laguna-participam-de-formacao-para-inicio-do-ano-letivo\/","og_locale":"en_US","og_type":"article","og_title":"Profissionais das escolas municipais de Laguna, participam de forma\u00e7\u00e3o para in\u00edcio do ano letivo -","og_description":"Em Laguna, hoje (20), inicia o ano letivo da rede municipal de ensino. Aproximadamente 2.200 crian\u00e7as da educa\u00e7\u00e3o infantil e fundamental est\u00e3o matriculadas nas unidades escolares do munic\u00edpio. Nesta segunda-feira (19), os professores da Educa\u00e7\u00e3o Infantil e do Ensino Fundamental, est\u00e3o participando da primeira forma\u00e7\u00e3o de 2024, seguindo o tema \u201cCuidar de quem cuida: o &hellip; Profissionais das escolas municipais de Laguna, participam de forma\u00e7\u00e3o para in\u00edcio do ano letivo Read More &raquo;","og_url":"https:\/\/sulsc.com\/index.php\/2024\/02\/20\/profissionais-das-escolas-municipais-de-laguna-participam-de-formacao-para-inicio-do-ano-letivo\/","article_author":"https:\/\/www.facebook.com\/profile.php?id=61559278119680","article_published_time":"2024-02-20T11:40:40+00:00","article_modified_time":"2024-02-20T10:02:09+00:00","og_image":[{"width":800,"height":445,"url":"https:\/\/sulsc.com\/wp-content\/uploads\/2024\/02\/Profissionais-da-escolas-municipais-participam-de-formacao-para-inicio-do-ano-letivo.jpeg","type":"image\/jpeg"}],"author":"Reda\u00e7\u00e3o Sul SC","twitter_card":"summary_large_image","twitter_creator":"@https:\/\/twitter.com\/PortalSulSC","twitter_misc":{"Written by":"Reda\u00e7\u00e3o Sul SC","Est. reading time":"1 minute"},"schema":{"@context":"https:\/\/schema.org","@graph":[{"@type":"WebPage","@id":"https:\/\/sulsc.com\/index.php\/2024\/02\/20\/profissionais-das-escolas-municipais-de-laguna-participam-de-formacao-para-inicio-do-ano-letivo\/","url":"https:\/\/sulsc.com\/index.php\/2024\/02\/20\/profissionais-das-escolas-municipais-de-laguna-participam-de-formacao-para-inicio-do-ano-letivo\/","name":"Profissionais das escolas municipais de Laguna, participam de forma\u00e7\u00e3o para in\u00edcio do ano letivo -","isPartOf":{"@id":"https:\/\/sulsc.com\/#website"},"datePublished":"2024-02-20T11:40:40+00:00","dateModified":"2024-02-20T10:02:09+00:00","author":{"@id":"https:\/\/sulsc.com\/#\/schema\/person\/84d2fc571684f6248ba83092f07750a3"},"breadcrumb":{"@id":"https:\/\/sulsc.com\/index.php\/2024\/02\/20\/profissionais-das-escolas-municipais-de-laguna-participam-de-formacao-para-inicio-do-ano-letivo\/#breadcrumb"},"inLanguage":"en-US","potentialAction":[{"@type":"ReadAction","target":["https:\/\/sulsc.com\/index.php\/2024\/02\/20\/profissionais-das-escolas-municipais-de-laguna-participam-de-formacao-para-inicio-do-ano-letivo\/"]}]},{"@type":"BreadcrumbList","@id":"https:\/\/sulsc.com\/index.php\/2024\/02\/20\/profissionais-das-escolas-municipais-de-laguna-participam-de-formacao-para-inicio-do-ano-letivo\/#breadcrumb","itemListElement":[{"@type":"ListItem","position":1,"name":"In\u00edcio","item":"https:\/\/sulsc.com\/"},{"@type":"ListItem","position":2,"name":"Profissionais das escolas municipais de Laguna, participam de forma\u00e7\u00e3o para in\u00edcio do ano letivo"}]},{"@type":"WebSite","@id":"https:\/\/sulsc.com\/#website","url":"https:\/\/sulsc.com\/","name":"","description":"","potentialAction":[{"@type":"SearchAction","target":{"@type":"EntryPoint","urlTemplate":"https:\/\/sulsc.com\/?s={search_term_string}"},"query-input":"required name=search_term_string"}],"inLanguage":"en-US"},{"@type":"Person","@id":"https:\/\/sulsc.com\/#\/schema\/person\/84d2fc571684f6248ba83092f07750a3","name":"Reda\u00e7\u00e3o Sul SC","image":{"@type":"ImageObject","inLanguage":"en-US","@id":"https:\/\/sulsc.com\/#\/schema\/person\/image\/e08d7fe2cc4ed596372063bbe852b8d0","url":"https:\/\/sulsc.com\/wp-content\/uploads\/2023\/09\/redacao.png","contentUrl":"https:\/\/sulsc.com\/wp-content\/uploads\/2023\/09\/redacao.png","caption":"Reda\u00e7\u00e3o Sul SC"},"description":"Foco em um jornalismo imparcial, voltado \u00e0 qualidade dos seus conte\u00fados e, assim, levar informa\u00e7\u00e3o de valor que agregue \u00e0 vida dos leitores. Esta \u00e9 grande miss\u00e3o do Portal de Not\u00edcias Sul SC. N\u00e3o \u00e9 quantidade que muda o mundo, sempre foi e seguir\u00e1 sendo qualidade!","sameAs":["https:\/\/sulsc.com\/","https:\/\/www.facebook.com\/profile.php?id=61559278119680","https:\/\/www.instagram.com\/sulscportal\/?hl=pt-br","https:\/\/twitter.com\/https:\/\/twitter.com\/PortalSulSC","https:\/\/www.youtube.com\/channel\/UCv_BE8GeySluDov2n8qhVmw"],"url":"https:\/\/sulsc.com\/index.php\/author\/redacao\/"}]}},"authors":[],"_links":{"self":[{"href":"https:\/\/sulsc.com\/index.php\/wp-json\/wp\/v2\/posts\/8873"}],"collection":[{"href":"https:\/\/sulsc.com\/index.php\/wp-json\/wp\/v2\/posts"}],"about":[{"href":"https:\/\/sulsc.com\/index.php\/wp-json\/wp\/v2\/types\/post"}],"author":[{"embeddable":true,"href":"https:\/\/sulsc.com\/index.php\/wp-json\/wp\/v2\/users\/3"}],"replies":[{"embeddable":true,"href":"https:\/\/sulsc.com\/index.php\/wp-json\/wp\/v2\/comments?post=8873"}],"version-history":[{"count":1,"href":"https:\/\/sulsc.com\/index.php\/wp-json\/wp\/v2\/posts\/8873\/revisions"}],"predecessor-version":[{"id":8910,"href":"https:\/\/sulsc.com\/index.php\/wp-json\/wp\/v2\/posts\/8873\/revisions\/8910"}],"wp:featuredmedia":[{"embeddable":true,"href":"https:\/\/sulsc.com\/index.php\/wp-json\/wp\/v2\/media\/8897"}],"wp:attachment":[{"href":"https:\/\/sulsc.com\/index.php\/wp-json\/wp\/v2\/media?parent=8873"}],"wp:term":[{"taxonomy":"category","embeddable":true,"href":"https:\/\/sulsc.com\/index.php\/wp-json\/wp\/v2\/categories?post=8873"},{"taxonomy":"post_tag","embeddable":true,"href":"https:\/\/sulsc.com\/index.php\/wp-json\/wp\/v2\/tags?post=8873"}],"curies":[{"name":"wp","href":"https:\/\/api.w.org\/{rel}","templated":true}]}}