{"id":8981,"date":"2024-02-21T12:34:46","date_gmt":"2024-02-21T15:34:46","guid":{"rendered":"https:\/\/sulsc.com\/?p=8981"},"modified":"2024-02-21T12:38:16","modified_gmt":"2024-02-21T15:38:16","slug":"o-lulismo-e-a-perda-de-prestigio-no-brasil","status":"publish","type":"post","link":"https:\/\/sulsc.com\/index.php\/2024\/02\/21\/o-lulismo-e-a-perda-de-prestigio-no-brasil\/","title":{"rendered":"O Lulismo e a perda de prest\u00edgio no Brasil"},"content":{"rendered":"<p><img fetchpriority=\"high\" decoding=\"async\" class=\"aligncenter wp-image-8982\" src=\"http:\/\/sulsc.com\/wp-content\/uploads\/2024\/02\/6-1.jpg\" alt=\"\" width=\"796\" height=\"568\" \/><\/p>\n<p>Ap\u00f3s mais um lapso de diarreia mental, o presidente Luiz In\u00e1cio Lula da Silva (PT) foi considerado &#8220;persona non grata&#8221; pelo governo de Israel desde que fez um paralelo entre o Holocausto e a guerra em Gaza durante uma entrevista no final de semana.<\/p>\n<p>A Federa\u00e7\u00e3o Israelita do Estado de S\u00e3o Paulo (Fisesp) divulgou uma nota em rep\u00fadio \u00e0s declara\u00e7\u00f5es do presidente Lula equiparando o Holocausto \u00e0s a\u00e7\u00f5es militares de Israel em Gaza e afirmou que a compara\u00e7\u00e3o \u201c\u00e9 de uma maldade sem fim\u201d.<\/p>\n<p>\u201c\u00c9 lament\u00e1vel o posicionamento, cada vez mais extremista, tendencioso e dissociado da realidade, do Presidente Lula\u201d, diz a entidade. \u201cComparar a leg\u00edtima defesa do Estado de Israel contra um grupo terrorista que n\u00e3o mede esfor\u00e7os para assassinar israelenses e judeus com a ind\u00fastria da morte de Hitler \u00e9 de uma maldade sem fim\u201d.<\/p>\n<p>O grupo TERRORISTA Hamas divulgou uma nota neste domingo, 18, pelo seu canal no Telegram elogiando as declara\u00e7\u00f5es feitas pelo Lula, em que o presidente brasileiro comparou as mortes causadas pelas a\u00e7\u00f5es de Israel na Faixa de Gaza ao exterm\u00ednio de judeus realizado por Hitler no Holocausto. \u201cApreciamos a declara\u00e7\u00e3o do presidente brasileiro Lula da Silva, que descreveu aquilo a que o nosso povo palestino est\u00e1 submetido na Faixa de Gaza como um Holocausto. E que os sionistas est\u00e3o fazendo hoje em Gaza o mesmo que Hitler nazista fez aos judeus durante a Segunda Guerra Mundial\u201d, diz o texto dos TERRORISTAS.<\/p>\n<p>O governo de Israel ainda anunciou que ir\u00e1 convocar o embaixador do Brasil em Tel Aviv para se explicar e para uma reprimenda. Trata-se de um ato que, no jarg\u00e3o diplom\u00e1tico, representa uma sinaliza\u00e7\u00e3o clara de insatisfa\u00e7\u00e3o e de alerta. &#8220;Os coment\u00e1rios do presidente brasileiro s\u00e3o vergonhosos e graves&#8221;, disse o chanceler Israel Katz.<\/p>\n<p>O porta-voz do Departamento de Estado dos Estados Unidos (\u00f3rg\u00e3o equivalente ao Minist\u00e9rio de Rela\u00e7\u00f5es Exteriores), Matthew Miller, afirmou nesta ter\u00e7a-feira (20) que os EUA n\u00e3o concordam com a declara\u00e7\u00e3o do presidente Luiz In\u00e1cio Lula da Silva (PT), que disse comparou a a\u00e7\u00e3o de Israel na Faixa de Gaza ao Holocausto \u2014o exterm\u00ednio de judeus na Segunda Guerra Mundial.<\/p>\n<p>&#8220;N\u00f3s j\u00e1 fomos bastante claros ao dizer que n\u00e3o acreditamos que houve um genoc\u00eddio na Faixa de Gaza. Queremos que o conflito acabe o mais r\u00e1pido poss\u00edvel. Queremos que aumente a assist\u00eancia humanit\u00e1ria para os civis. Mas n\u00e3o concordamos com esses coment\u00e1rios&#8221;, disse Miller.<\/p>\n<p>As declara\u00e7\u00f5es descabidas de Lula geraram alvoro\u00e7o no cen\u00e1rio pol\u00edtico nacional: O senador Fl\u00e1vio Bolsonaro (PL-RJ) afirmou que a declara\u00e7\u00e3o de Lula \u00e9 &#8220;uma fala cretina de quem desconhece a hist\u00f3ria&#8221;. &#8220;Com Lula, o Brasil \u00e9 uma p\u00e1ria mundial, um an\u00e3o diplom\u00e1tico&#8221;, disse. &#8220;A fala de Lula ainda \u00e9 mais repugnante ap\u00f3s o grupo terrorista Hamas, que assassinou milhares de mulheres, crian\u00e7as e beb\u00eas recentemente, agradec\u00ea-lo pela compara\u00e7\u00e3o. A esquerda \u00e9 diab\u00f3lica!&#8221;, declarou.<\/p>\n<p>O senador Marcos Rog\u00e9rio (PL-RO) criticou, em pronunciamento no Plen\u00e1rio nesta segunda-feira (19), a declara\u00e7\u00e3o do presidente Luiz In\u00e1cio Lula da Silva comparando os ataques israelenses na Faixa de Gaza ao Holocausto. O senador classificou a compara\u00e7\u00e3o como \u201cinapropriada, ofensiva e desrespeitosa\u201d e ressaltou a gravidade hist\u00f3rica do Holocausto.<\/p>\n<p>\u2014 O Holocausto foi um dos piores cap\u00edtulos, dos mais sombrios, dos mais dolorosos da Hist\u00f3ria da humanidade, quando milh\u00f5es de pessoas, incluindo 6 milh\u00f5es de judeus, foram sistematicamente perseguidos, torturados e assassinados pelo regime nazista. Talvez n\u00e3o apenas o embaixador do Brasil em Israel, mas o pr\u00f3prio presidente Lula tenha que ser levado a um Museu do Holocausto. N\u00e3o ao de Jerusal\u00e9m, mas ao Museu do Holocausto de Berlim, na Alemanha. Talvez assim ele consiga entender \u2014 disse.<\/p>\n<p>A deputada Bia Kicis (PL-DF), disse que poder\u00e1 haver retalia\u00e7\u00e3o israelense em diferentes \u00e2mbitos como repercuss\u00e3o do discurso do presidente. \u201cA crise aberta pelo palpite infeliz de Lula muito provavelmente acarretar\u00e1 preju\u00edzos para o desenvolvimento cient\u00edfico, tecnol\u00f3gico, a seguran\u00e7a e a defesa nacionais\u201d, disse, ao citar a computa\u00e7\u00e3o dos ca\u00e7as suecos Gripen, adquiridos pelo governo brasileiro. Para o deputado Coronel Assis (Uni\u00e3o-MT), a compara\u00e7\u00e3o de Lula mostra sua incapacidade de compreender a hist\u00f3ria mundial. \u201cO maior mandat\u00e1rio do Pa\u00eds n\u00e3o passa de um trapalh\u00e3o diplom\u00e1tico. A diplomacia brasileira est\u00e1 indo pro ralo\u201d, disse.<\/p>\n<p>O deputado Cabo Gilberto Silva (PL-PB), vice-l\u00edder da oposi\u00e7\u00e3o, defendeu o impeachment do presidente por sua declara\u00e7\u00e3o do fim de semana. &#8220;N\u00e3o era de se espantar que os seus aliados viessem a esta Casa, ao Parlamento brasileiro, que tem hist\u00f3ria, para defender o indefens\u00e1vel&#8221;, disse.<\/p>\n<p>Para o deputado Sargento Gon\u00e7alves (PL-RN), a fala de Lula configurou um crime de responsabilidade previsto na Lei 1.079\/50. \u201cQuem Lula quer agradar apoiando um grupo terrorista e atacando uma na\u00e7\u00e3o amiga?\u201d<\/p>\n<p><strong>Breve men\u00e7\u00e3o ao passado<\/strong><br \/>\nRecordando o passado, onde Lula disparou, sendo o mais votado dentro dos pres\u00eddios (presos tempor\u00e1rios podem votar), somado a v\u00e1rios v\u00eddeos que circularam em redes sociais de presos comemorando a vit\u00f3ria do descondensado, agora, como cereja do bolo, Lula \u00e9 homenageado por um GRUPO TERRORISTA.<\/p>\n<p><strong>Ajuda de Israel em Brumadinho<\/strong><br \/>\nO grupo que a \u00e9poca veio de Israel contava com 136 pessoas e trouxe 16 toneladas de equipamentos para ajudar as v\u00edtimas da barragem. Na equipe israelense haviam m\u00e9dicos, engenheiros, bombeiros especialistas em busca e resgate e integrantes da unidade de miss\u00f5es submarinas da Marinha israelense, trouxeram aparelhos que detectam sinais de celular e que conseguem identificar um corpo humano na lama, por exemplo.<\/p>\n<p><strong>Defesa do Hamas pelas minorias \u00e9 incoerente<\/strong><br \/>\nMulheres s\u00e3o oprimidas e vivem como objetos do desejo masculino, e os gays s\u00e3o torturados e mortos por esse grupo terrorista. Israel tem uma das maiores comunidades gays do mundo. Telavive \u00e9 o centro financeiro do pa\u00eds e considerado o o\u00e1sis gay no Oriente M\u00e9dio. Na cidade, a popula\u00e7\u00e3o LGBT+ pode andar de m\u00e3os dadas, beijar-se em p\u00fablico e participar de paradas sem ser incomodada. A descrimina\u00e7\u00e3o contra homossexuais \u00e9 ilegal desde 1992. Desde 2002, uma Parada do Orgulho Gay \u00e9 celebrada nas ruas e hoje o pa\u00eds tem a maior Parada do Orgulho do mundo, em Telaviv, que re\u00fane mais de 100.000 participantes de todo o mundo.<\/p>\n<p>J\u00e1 do lado palestino, na Faixa de Gaza, ser homossexual pode custar-lhe a vida. Para se ter uma ideia, muitos jovens palestinos e gays fogem de forma clandestina para Israel com medo de morrer, muitas vezes pelos pr\u00f3prios parentes. Os homossexuais palestinos preferem correr o risco de serem presos em Israel, n\u00e3o por serem gays, mas, por serem palestinos, do que morrer pelos mu\u00e7ulmanos.<\/p>\n<p>As mulheres na Palestina n\u00e3o possuem cidadania e o seus corpos pertencem a homens, assim como a sua vida.<\/p>\n","protected":false},"excerpt":{"rendered":"<p>Ap\u00f3s mais um lapso de diarreia mental, o presidente Luiz In\u00e1cio Lula da Silva (PT) foi considerado &#8220;persona non grata&#8221; pelo governo de Israel desde que fez um paralelo entre o Holocausto e a guerra em Gaza durante uma entrevista no final de semana. A Federa\u00e7\u00e3o Israelita do Estado de S\u00e3o Paulo (Fisesp) divulgou uma &hellip;<\/p>\n<p class=\"read-more\"> <a class=\"\" href=\"https:\/\/sulsc.com\/index.php\/2024\/02\/21\/o-lulismo-e-a-perda-de-prestigio-no-brasil\/\"> <span class=\"screen-reader-text\">O Lulismo e a perda de prest\u00edgio no Brasil<\/span> Read More &raquo;<\/a><\/p>\n","protected":false},"author":15,"featured_media":8983,"comment_status":"open","ping_status":"open","sticky":false,"template":"","format":"standard","meta":{"site-sidebar-layout":"default","site-content-layout":"","ast-site-content-layout":"default","site-content-style":"default","site-sidebar-style":"default","ast-global-header-display":"","ast-banner-title-visibility":"","ast-main-header-display":"","ast-hfb-above-header-display":"","ast-hfb-below-header-display":"","ast-hfb-mobile-header-display":"","site-post-title":"","ast-breadcrumbs-content":"","ast-featured-img":"","footer-sml-layout":"","theme-transparent-header-meta":"default","adv-header-id-meta":"","stick-header-meta":"","header-above-stick-meta":"","header-main-stick-meta":"","header-below-stick-meta":"","astra-migrate-meta-layouts":"set","footnotes":""},"categories":[13],"tags":[125,62,63,113,112,517,1343,1315,109],"yoast_head":"<!-- This site is optimized with the Yoast SEO plugin v21.4 - https:\/\/yoast.com\/wordpress\/plugins\/seo\/ -->\n<title>O Lulismo e a perda de prest\u00edgio no Brasil -<\/title>\n<meta name=\"description\" content=\"Ap\u00f3s mais um lapso de diarreia mental, o presidente Luiz In\u00e1cio Lula da Silva (PT) foi considerado &quot;persona non grata&quot; pelo governo de Israel desde que fez um paralelo entre o Holocausto e a guerra em Gaza durante uma entrevista no final de semana.\" \/>\n<meta name=\"robots\" content=\"index, follow, max-snippet:-1, max-image-preview:large, max-video-preview:-1\" \/>\n<link rel=\"canonical\" href=\"https:\/\/sulsc.com\/index.php\/2024\/02\/21\/o-lulismo-e-a-perda-de-prestigio-no-brasil\/\" \/>\n<meta property=\"og:locale\" content=\"en_US\" \/>\n<meta property=\"og:type\" content=\"article\" \/>\n<meta property=\"og:title\" content=\"O Lulismo e a perda de prest\u00edgio no Brasil -\" \/>\n<meta property=\"og:description\" content=\"Ap\u00f3s mais um lapso de diarreia mental, o presidente Luiz In\u00e1cio Lula da Silva (PT) foi considerado &quot;persona non grata&quot; pelo governo de Israel desde que fez um paralelo entre o Holocausto e a guerra em Gaza durante uma entrevista no final de semana.\" \/>\n<meta property=\"og:url\" content=\"https:\/\/sulsc.com\/index.php\/2024\/02\/21\/o-lulismo-e-a-perda-de-prestigio-no-brasil\/\" \/>\n<meta property=\"article:published_time\" content=\"2024-02-21T15:34:46+00:00\" \/>\n<meta property=\"article:modified_time\" content=\"2024-02-21T15:38:16+00:00\" \/>\n<meta property=\"og:image\" content=\"http:\/\/sulsc.com\/wp-content\/uploads\/2024\/02\/GeoVisao-por-Ademir-Dias-Portal-2.png\" \/>\n\t<meta property=\"og:image:width\" content=\"1080\" \/>\n\t<meta property=\"og:image:height\" content=\"1080\" \/>\n\t<meta property=\"og:image:type\" content=\"image\/png\" \/>\n<meta name=\"author\" content=\"GeoVis\u00e3o por Ademir Dias\" \/>\n<meta name=\"twitter:card\" content=\"summary_large_image\" \/>\n<meta name=\"twitter:label1\" content=\"Written by\" \/>\n\t<meta name=\"twitter:data1\" content=\"GeoVis\u00e3o por Ademir Dias\" \/>\n\t<meta name=\"twitter:label2\" content=\"Est. reading time\" \/>\n\t<meta name=\"twitter:data2\" content=\"7 minutes\" \/>\n<script type=\"application\/ld+json\" class=\"yoast-schema-graph\">{\"@context\":\"https:\/\/schema.org\",\"@graph\":[{\"@type\":\"WebPage\",\"@id\":\"https:\/\/sulsc.com\/index.php\/2024\/02\/21\/o-lulismo-e-a-perda-de-prestigio-no-brasil\/\",\"url\":\"https:\/\/sulsc.com\/index.php\/2024\/02\/21\/o-lulismo-e-a-perda-de-prestigio-no-brasil\/\",\"name\":\"O Lulismo e a perda de prest\u00edgio no Brasil -\",\"isPartOf\":{\"@id\":\"https:\/\/sulsc.com\/#website\"},\"datePublished\":\"2024-02-21T15:34:46+00:00\",\"dateModified\":\"2024-02-21T15:38:16+00:00\",\"author\":{\"@id\":\"https:\/\/sulsc.com\/#\/schema\/person\/9d216f8a6bc25b94f6eab5acf83ba9de\"},\"description\":\"Ap\u00f3s mais um lapso de diarreia mental, o presidente Luiz In\u00e1cio Lula da Silva (PT) foi considerado \\\"persona non grata\\\" pelo governo de Israel desde que fez um paralelo entre o Holocausto e a guerra em Gaza durante uma entrevista no final de semana.\",\"breadcrumb\":{\"@id\":\"https:\/\/sulsc.com\/index.php\/2024\/02\/21\/o-lulismo-e-a-perda-de-prestigio-no-brasil\/#breadcrumb\"},\"inLanguage\":\"en-US\",\"potentialAction\":[{\"@type\":\"ReadAction\",\"target\":[\"https:\/\/sulsc.com\/index.php\/2024\/02\/21\/o-lulismo-e-a-perda-de-prestigio-no-brasil\/\"]}]},{\"@type\":\"BreadcrumbList\",\"@id\":\"https:\/\/sulsc.com\/index.php\/2024\/02\/21\/o-lulismo-e-a-perda-de-prestigio-no-brasil\/#breadcrumb\",\"itemListElement\":[{\"@type\":\"ListItem\",\"position\":1,\"name\":\"In\u00edcio\",\"item\":\"https:\/\/sulsc.com\/\"},{\"@type\":\"ListItem\",\"position\":2,\"name\":\"O Lulismo e a perda de prest\u00edgio no Brasil\"}]},{\"@type\":\"WebSite\",\"@id\":\"https:\/\/sulsc.com\/#website\",\"url\":\"https:\/\/sulsc.com\/\",\"name\":\"\",\"description\":\"\",\"potentialAction\":[{\"@type\":\"SearchAction\",\"target\":{\"@type\":\"EntryPoint\",\"urlTemplate\":\"https:\/\/sulsc.com\/?s={search_term_string}\"},\"query-input\":\"required name=search_term_string\"}],\"inLanguage\":\"en-US\"},{\"@type\":\"Person\",\"@id\":\"https:\/\/sulsc.com\/#\/schema\/person\/9d216f8a6bc25b94f6eab5acf83ba9de\",\"name\":\"GeoVis\u00e3o por Ademir Dias\",\"image\":{\"@type\":\"ImageObject\",\"inLanguage\":\"en-US\",\"@id\":\"https:\/\/sulsc.com\/#\/schema\/person\/image\/4bd023fa2091f43aa3f33f8953646246\",\"url\":\"https:\/\/sulsc.com\/wp-content\/uploads\/2023\/11\/Ademir-Dias-1.png\",\"contentUrl\":\"https:\/\/sulsc.com\/wp-content\/uploads\/2023\/11\/Ademir-Dias-1.png\",\"caption\":\"GeoVis\u00e3o por Ademir Dias\"},\"description\":\"Al\u00e9m de pesquisador e analista da pol\u00edtica mundial, Ademir \u00e9 bacharel em Direito e policial penal em Tubar\u00e3o. Tamb\u00e9m atua no campo social. \u00c9 professor de jiu-j\u00edtsu e leciona a arte marcial a crian\u00e7as e adolescentes autistas na Cidade Azul de forma volunt\u00e1ria.\",\"url\":\"https:\/\/sulsc.com\/index.php\/author\/ademir-ademir\/\"}]}<\/script>\n<!-- \/ Yoast SEO plugin. -->","yoast_head_json":{"title":"O Lulismo e a perda de prest\u00edgio no Brasil -","description":"Ap\u00f3s mais um lapso de diarreia mental, o presidente Luiz In\u00e1cio Lula da Silva (PT) foi considerado \"persona non grata\" pelo governo de Israel desde que fez um paralelo entre o Holocausto e a guerra em Gaza durante uma entrevista no final de semana.","robots":{"index":"index","follow":"follow","max-snippet":"max-snippet:-1","max-image-preview":"max-image-preview:large","max-video-preview":"max-video-preview:-1"},"canonical":"https:\/\/sulsc.com\/index.php\/2024\/02\/21\/o-lulismo-e-a-perda-de-prestigio-no-brasil\/","og_locale":"en_US","og_type":"article","og_title":"O Lulismo e a perda de prest\u00edgio no Brasil -","og_description":"Ap\u00f3s mais um lapso de diarreia mental, o presidente Luiz In\u00e1cio Lula da Silva (PT) foi considerado \"persona non grata\" pelo governo de Israel desde que fez um paralelo entre o Holocausto e a guerra em Gaza durante uma entrevista no final de semana.","og_url":"https:\/\/sulsc.com\/index.php\/2024\/02\/21\/o-lulismo-e-a-perda-de-prestigio-no-brasil\/","article_published_time":"2024-02-21T15:34:46+00:00","article_modified_time":"2024-02-21T15:38:16+00:00","og_image":[{"width":1080,"height":1080,"url":"http:\/\/sulsc.com\/wp-content\/uploads\/2024\/02\/GeoVisao-por-Ademir-Dias-Portal-2.png","type":"image\/png"}],"author":"GeoVis\u00e3o por Ademir Dias","twitter_card":"summary_large_image","twitter_misc":{"Written by":"GeoVis\u00e3o por Ademir Dias","Est. reading time":"7 minutes"},"schema":{"@context":"https:\/\/schema.org","@graph":[{"@type":"WebPage","@id":"https:\/\/sulsc.com\/index.php\/2024\/02\/21\/o-lulismo-e-a-perda-de-prestigio-no-brasil\/","url":"https:\/\/sulsc.com\/index.php\/2024\/02\/21\/o-lulismo-e-a-perda-de-prestigio-no-brasil\/","name":"O Lulismo e a perda de prest\u00edgio no Brasil -","isPartOf":{"@id":"https:\/\/sulsc.com\/#website"},"datePublished":"2024-02-21T15:34:46+00:00","dateModified":"2024-02-21T15:38:16+00:00","author":{"@id":"https:\/\/sulsc.com\/#\/schema\/person\/9d216f8a6bc25b94f6eab5acf83ba9de"},"description":"Ap\u00f3s mais um lapso de diarreia mental, o presidente Luiz In\u00e1cio Lula da Silva (PT) foi considerado \"persona non grata\" pelo governo de Israel desde que fez um paralelo entre o Holocausto e a guerra em Gaza durante uma entrevista no final de semana.","breadcrumb":{"@id":"https:\/\/sulsc.com\/index.php\/2024\/02\/21\/o-lulismo-e-a-perda-de-prestigio-no-brasil\/#breadcrumb"},"inLanguage":"en-US","potentialAction":[{"@type":"ReadAction","target":["https:\/\/sulsc.com\/index.php\/2024\/02\/21\/o-lulismo-e-a-perda-de-prestigio-no-brasil\/"]}]},{"@type":"BreadcrumbList","@id":"https:\/\/sulsc.com\/index.php\/2024\/02\/21\/o-lulismo-e-a-perda-de-prestigio-no-brasil\/#breadcrumb","itemListElement":[{"@type":"ListItem","position":1,"name":"In\u00edcio","item":"https:\/\/sulsc.com\/"},{"@type":"ListItem","position":2,"name":"O Lulismo e a perda de prest\u00edgio no Brasil"}]},{"@type":"WebSite","@id":"https:\/\/sulsc.com\/#website","url":"https:\/\/sulsc.com\/","name":"","description":"","potentialAction":[{"@type":"SearchAction","target":{"@type":"EntryPoint","urlTemplate":"https:\/\/sulsc.com\/?s={search_term_string}"},"query-input":"required name=search_term_string"}],"inLanguage":"en-US"},{"@type":"Person","@id":"https:\/\/sulsc.com\/#\/schema\/person\/9d216f8a6bc25b94f6eab5acf83ba9de","name":"GeoVis\u00e3o por Ademir Dias","image":{"@type":"ImageObject","inLanguage":"en-US","@id":"https:\/\/sulsc.com\/#\/schema\/person\/image\/4bd023fa2091f43aa3f33f8953646246","url":"https:\/\/sulsc.com\/wp-content\/uploads\/2023\/11\/Ademir-Dias-1.png","contentUrl":"https:\/\/sulsc.com\/wp-content\/uploads\/2023\/11\/Ademir-Dias-1.png","caption":"GeoVis\u00e3o por Ademir Dias"},"description":"Al\u00e9m de pesquisador e analista da pol\u00edtica mundial, Ademir \u00e9 bacharel em Direito e policial penal em Tubar\u00e3o. Tamb\u00e9m atua no campo social. \u00c9 professor de jiu-j\u00edtsu e leciona a arte marcial a crian\u00e7as e adolescentes autistas na Cidade Azul de forma volunt\u00e1ria.","url":"https:\/\/sulsc.com\/index.php\/author\/ademir-ademir\/"}]}},"authors":[],"_links":{"self":[{"href":"https:\/\/sulsc.com\/index.php\/wp-json\/wp\/v2\/posts\/8981"}],"collection":[{"href":"https:\/\/sulsc.com\/index.php\/wp-json\/wp\/v2\/posts"}],"about":[{"href":"https:\/\/sulsc.com\/index.php\/wp-json\/wp\/v2\/types\/post"}],"author":[{"embeddable":true,"href":"https:\/\/sulsc.com\/index.php\/wp-json\/wp\/v2\/users\/15"}],"replies":[{"embeddable":true,"href":"https:\/\/sulsc.com\/index.php\/wp-json\/wp\/v2\/comments?post=8981"}],"version-history":[{"count":4,"href":"https:\/\/sulsc.com\/index.php\/wp-json\/wp\/v2\/posts\/8981\/revisions"}],"predecessor-version":[{"id":8987,"href":"https:\/\/sulsc.com\/index.php\/wp-json\/wp\/v2\/posts\/8981\/revisions\/8987"}],"wp:featuredmedia":[{"embeddable":true,"href":"https:\/\/sulsc.com\/index.php\/wp-json\/wp\/v2\/media\/8983"}],"wp:attachment":[{"href":"https:\/\/sulsc.com\/index.php\/wp-json\/wp\/v2\/media?parent=8981"}],"wp:term":[{"taxonomy":"category","embeddable":true,"href":"https:\/\/sulsc.com\/index.php\/wp-json\/wp\/v2\/categories?post=8981"},{"taxonomy":"post_tag","embeddable":true,"href":"https:\/\/sulsc.com\/index.php\/wp-json\/wp\/v2\/tags?post=8981"}],"curies":[{"name":"wp","href":"https:\/\/api.w.org\/{rel}","templated":true}]}}