{"id":930,"date":"2023-09-10T13:21:26","date_gmt":"2023-09-10T16:21:26","guid":{"rendered":"https:\/\/sulsc.com\/?p=930"},"modified":"2023-09-11T13:36:05","modified_gmt":"2023-09-11T16:36:05","slug":"rosa-de-saron-e-atracao-confirmada-na-festa-da-padroeira-em-tubarao","status":"publish","type":"post","link":"https:\/\/sulsc.com\/index.php\/2023\/09\/10\/rosa-de-saron-e-atracao-confirmada-na-festa-da-padroeira-em-tubarao\/","title":{"rendered":"Rosa de Saron \u00e9 atra\u00e7\u00e3o confirmada na Festa da Padroeira, em Tubar\u00e3o"},"content":{"rendered":"<p>Em uma turn\u00ea de comemora\u00e7\u00e3o aos 35 anos de forma\u00e7\u00e3o, a banda Rosa de Saron se apresentar\u00e1 em Tubar\u00e3o na sexta-feira (16). Conhecida pelo rock cat\u00f3lico, a banda \u00e9 uma das atra\u00e7\u00f5es mais esperadas da Festa da Padroeira, com a expectativa de atrair uma grande quantidade de fi\u00e9is \u00e0 Pra\u00e7a da Catedral.<\/p>\n<p>Com hits marcantes como &#8220;Sem Voc\u00ea&#8221;, &#8220;Um Dia&#8221;, &#8220;O Sol da Meia Noite&#8221; e &#8220;Mire as Estrelas&#8221;, a banda de Campinas\/SP, formada em 1988, conquistou gera\u00e7\u00f5es. O primeiro \u00e1lbum foi lan\u00e7ado em 1995, ganhando reconhecimento tanto no meio crist\u00e3o quanto fora dele. Em 2008, a banda ganhou proje\u00e7\u00e3o nacional, representando a juventude brasileira em 2011 na Jornada Mundial da Juventude (JMJ) em Madri e, em 2013, se apresentando para o Papa na JMJ do Rio de Janeiro. &#8220;Estamos entusiasmados em receber o Rosa de Saron e propagar, por meio de suas m\u00fasicas, mensagens de f\u00e9 \u00e0 nossa comunidade&#8221;, declara o Padre Eduardo Rocha.<\/p>\n<p><strong><br \/>\nDemais Atra\u00e7\u00f5es<\/strong><br \/>\nAl\u00e9m da banda Rosa de Saron, a Festa da Padroeira contar\u00e1 com outras atra\u00e7\u00f5es. O Minist\u00e9rio de M\u00fasica Nosso Sim subir\u00e1 ao palco na noite de sexta-feira (15), feriado municipal. No domingo (17), haver\u00e1 apresenta\u00e7\u00f5es culturais de diversas escolas da cidade.<\/p>\n<p>De 12 a 17 de setembro, a Catedral de Tubar\u00e3o promover\u00e1 v\u00e1rias missas especiais com padres convidados presidindo as celebra\u00e7\u00f5es. A Pra\u00e7a da Catedral ainda contar\u00e1 com brinquedos infl\u00e1veis e uma pra\u00e7a de alimenta\u00e7\u00e3o, tudo sob uma estrutura coberta. &#8220;Setembro \u00e9 tradicionalmente chuvoso, ent\u00e3o estamos organizando um evento \u00e0 prova de chuva, com uma estrutura pensada para o conforto dos participantes&#8221;, ressalta o padre Eduardo Rocha.<\/p>\n<p><strong>Tradi\u00e7\u00e3o em Tubar\u00e3o<\/strong><br \/>\nCom mais de 200 anos de tradi\u00e7\u00e3o, a Festa da Padroeira \u00e9 um dos eventos mais antigos de Tubar\u00e3o e, anualmente, re\u00fane fi\u00e9is e devotos de Nossa Senhora da Piedade para ora\u00e7\u00f5es e confraterniza\u00e7\u00e3o. A imagem da Maria, trazida para Tubar\u00e3o em 1820 por Jo\u00e3o Teixeira Nunes, \u00e9 um s\u00edmbolo de f\u00e9 e devo\u00e7\u00e3o e, atualmente, \u00e9 exibida apenas uma vez ao ano durante a festividade, que foi recentemente inclu\u00edda no Calend\u00e1rio de Eventos de Tubar\u00e3o ap\u00f3s aprova\u00e7\u00e3o un\u00e2nime pelo Legislativo.<\/p>\n<p><strong>Programa\u00e7\u00e3o<\/strong><br \/>\n<strong>12 de setembro<\/strong><br \/>\n&#8211; 19h30 \u2013 Missa do Tr\u00edduo, com b\u00ean\u00e7\u00e3o dos casais (Pe. William Fernandes)<\/p>\n<p><strong>13 de setembro<\/strong><br \/>\n&#8211; 19h30 \u2013 Missa do Tr\u00edduo, com b\u00ean\u00e7\u00e3o dos objetos (Pe. Lucas Bittencourt)<br \/>\n14 de setembro<br \/>\n&#8211; 19h30 \u2013 Missa do Tr\u00edduo, com ben\u00e7\u00e3o dos jovens (Dom Adilson Pedro Busin)<\/p>\n<p><strong>15 de setembro <\/strong><br \/>\n&#8211; 17h \u2013 Missa com o Pe. Eduardo Rocha, apresenta\u00e7\u00e3o teatral e show com o Minist\u00e9rio Nosso Sim<\/p>\n<p><strong>16 de setembro<\/strong><br \/>\n&#8211; 17h \u2013 Missa com o Pe. S\u00e9rgio Jeremias<br \/>\n&#8211; 21h \u2013 Show com a Banda Nacional Rosa de Saron<\/p>\n<p><strong>17 de setembro (domingo)<\/strong><br \/>\n09h &#8211; Missa com b\u00ean\u00e7\u00e3o dos idosos com o Pe. Rodrigo Silva<br \/>\n15h &#8211; Abertura dos brinquedos infl\u00e1veis e pra\u00e7a de alimenta\u00e7\u00e3o<br \/>\n15h30 &#8211; Apresenta\u00e7\u00e3o das bandas marciais, grupos de teatro e dan\u00e7a \u00a0(S\u00e3o Jos\u00e9, Dehon, Cora\u00e7\u00e3o Feliz, Sant\u00edssimo Sacramento, S\u00f4nia Severo Studio, Studio Vivance, Ana Ol\u00edmpio e Lira Tubaronense.)<br \/>\n19h30 &#8211; Missa de encerramento com b\u00ean\u00e7\u00e3o das crian\u00e7as com Pe. Eduardo Rocha.<\/p>\n","protected":false},"excerpt":{"rendered":"<p>Em uma turn\u00ea de comemora\u00e7\u00e3o aos 35 anos de forma\u00e7\u00e3o, a banda Rosa de Saron se apresentar\u00e1 em Tubar\u00e3o na sexta-feira (16). Conhecida pelo rock cat\u00f3lico, a banda \u00e9 uma das atra\u00e7\u00f5es mais esperadas da Festa da Padroeira, com a expectativa de atrair uma grande quantidade de fi\u00e9is \u00e0 Pra\u00e7a da Catedral. Com hits marcantes &hellip;<\/p>\n<p class=\"read-more\"> <a class=\"\" href=\"https:\/\/sulsc.com\/index.php\/2023\/09\/10\/rosa-de-saron-e-atracao-confirmada-na-festa-da-padroeira-em-tubarao\/\"> <span class=\"screen-reader-text\">Rosa de Saron \u00e9 atra\u00e7\u00e3o confirmada na Festa da Padroeira, em Tubar\u00e3o<\/span> Read More &raquo;<\/a><\/p>\n","protected":false},"author":3,"featured_media":931,"comment_status":"open","ping_status":"open","sticky":false,"template":"","format":"standard","meta":{"site-sidebar-layout":"default","site-content-layout":"default","ast-site-content-layout":"","site-content-style":"default","site-sidebar-style":"default","ast-global-header-display":"","ast-banner-title-visibility":"","ast-main-header-display":"","ast-hfb-above-header-display":"","ast-hfb-below-header-display":"","ast-hfb-mobile-header-display":"","site-post-title":"","ast-breadcrumbs-content":"","ast-featured-img":"","footer-sml-layout":"","theme-transparent-header-meta":"default","adv-header-id-meta":"","stick-header-meta":"","header-above-stick-meta":"","header-main-stick-meta":"","header-below-stick-meta":"","astra-migrate-meta-layouts":"","footnotes":""},"categories":[18,1,21],"tags":[],"yoast_head":"<!-- This site is optimized with the Yoast SEO plugin v21.4 - https:\/\/yoast.com\/wordpress\/plugins\/seo\/ -->\n<title>Rosa de Saron \u00e9 atra\u00e7\u00e3o confirmada na Festa da Padroeira, em Tubar\u00e3o -<\/title>\n<meta name=\"robots\" content=\"index, follow, max-snippet:-1, max-image-preview:large, max-video-preview:-1\" \/>\n<link rel=\"canonical\" href=\"https:\/\/sulsc.com\/index.php\/2023\/09\/10\/rosa-de-saron-e-atracao-confirmada-na-festa-da-padroeira-em-tubarao\/\" \/>\n<meta property=\"og:locale\" content=\"en_US\" \/>\n<meta property=\"og:type\" content=\"article\" \/>\n<meta property=\"og:title\" content=\"Rosa de Saron \u00e9 atra\u00e7\u00e3o confirmada na Festa da Padroeira, em Tubar\u00e3o -\" \/>\n<meta property=\"og:description\" content=\"Em uma turn\u00ea de comemora\u00e7\u00e3o aos 35 anos de forma\u00e7\u00e3o, a banda Rosa de Saron se apresentar\u00e1 em Tubar\u00e3o na sexta-feira (16). Conhecida pelo rock cat\u00f3lico, a banda \u00e9 uma das atra\u00e7\u00f5es mais esperadas da Festa da Padroeira, com a expectativa de atrair uma grande quantidade de fi\u00e9is \u00e0 Pra\u00e7a da Catedral. Com hits marcantes &hellip; Rosa de Saron \u00e9 atra\u00e7\u00e3o confirmada na Festa da Padroeira, em Tubar\u00e3o Read More &raquo;\" \/>\n<meta property=\"og:url\" content=\"https:\/\/sulsc.com\/index.php\/2023\/09\/10\/rosa-de-saron-e-atracao-confirmada-na-festa-da-padroeira-em-tubarao\/\" \/>\n<meta property=\"article:author\" content=\"https:\/\/www.facebook.com\/profile.php?id=61559278119680\" \/>\n<meta property=\"article:published_time\" content=\"2023-09-10T16:21:26+00:00\" \/>\n<meta property=\"article:modified_time\" content=\"2023-09-11T16:36:05+00:00\" \/>\n<meta property=\"og:image\" content=\"https:\/\/sulsc.com\/wp-content\/uploads\/2023\/09\/ROSA-DE-SARON20587-scaled.jpg\" \/>\n\t<meta property=\"og:image:width\" content=\"2560\" \/>\n\t<meta property=\"og:image:height\" content=\"1707\" \/>\n\t<meta property=\"og:image:type\" content=\"image\/jpeg\" \/>\n<meta name=\"author\" content=\"Reda\u00e7\u00e3o Sul SC\" \/>\n<meta name=\"twitter:card\" content=\"summary_large_image\" \/>\n<meta name=\"twitter:creator\" content=\"@https:\/\/twitter.com\/PortalSulSC\" \/>\n<meta name=\"twitter:label1\" content=\"Written by\" \/>\n\t<meta name=\"twitter:data1\" content=\"Reda\u00e7\u00e3o Sul SC\" \/>\n\t<meta name=\"twitter:label2\" content=\"Est. reading time\" \/>\n\t<meta name=\"twitter:data2\" content=\"3 minutes\" \/>\n<script type=\"application\/ld+json\" class=\"yoast-schema-graph\">{\"@context\":\"https:\/\/schema.org\",\"@graph\":[{\"@type\":\"WebPage\",\"@id\":\"https:\/\/sulsc.com\/index.php\/2023\/09\/10\/rosa-de-saron-e-atracao-confirmada-na-festa-da-padroeira-em-tubarao\/\",\"url\":\"https:\/\/sulsc.com\/index.php\/2023\/09\/10\/rosa-de-saron-e-atracao-confirmada-na-festa-da-padroeira-em-tubarao\/\",\"name\":\"Rosa de Saron \u00e9 atra\u00e7\u00e3o confirmada na Festa da Padroeira, em Tubar\u00e3o -\",\"isPartOf\":{\"@id\":\"https:\/\/sulsc.com\/#website\"},\"datePublished\":\"2023-09-10T16:21:26+00:00\",\"dateModified\":\"2023-09-11T16:36:05+00:00\",\"author\":{\"@id\":\"https:\/\/sulsc.com\/#\/schema\/person\/84d2fc571684f6248ba83092f07750a3\"},\"breadcrumb\":{\"@id\":\"https:\/\/sulsc.com\/index.php\/2023\/09\/10\/rosa-de-saron-e-atracao-confirmada-na-festa-da-padroeira-em-tubarao\/#breadcrumb\"},\"inLanguage\":\"en-US\",\"potentialAction\":[{\"@type\":\"ReadAction\",\"target\":[\"https:\/\/sulsc.com\/index.php\/2023\/09\/10\/rosa-de-saron-e-atracao-confirmada-na-festa-da-padroeira-em-tubarao\/\"]}]},{\"@type\":\"BreadcrumbList\",\"@id\":\"https:\/\/sulsc.com\/index.php\/2023\/09\/10\/rosa-de-saron-e-atracao-confirmada-na-festa-da-padroeira-em-tubarao\/#breadcrumb\",\"itemListElement\":[{\"@type\":\"ListItem\",\"position\":1,\"name\":\"In\u00edcio\",\"item\":\"https:\/\/sulsc.com\/\"},{\"@type\":\"ListItem\",\"position\":2,\"name\":\"Rosa de Saron \u00e9 atra\u00e7\u00e3o confirmada na Festa da Padroeira, em Tubar\u00e3o\"}]},{\"@type\":\"WebSite\",\"@id\":\"https:\/\/sulsc.com\/#website\",\"url\":\"https:\/\/sulsc.com\/\",\"name\":\"\",\"description\":\"\",\"potentialAction\":[{\"@type\":\"SearchAction\",\"target\":{\"@type\":\"EntryPoint\",\"urlTemplate\":\"https:\/\/sulsc.com\/?s={search_term_string}\"},\"query-input\":\"required name=search_term_string\"}],\"inLanguage\":\"en-US\"},{\"@type\":\"Person\",\"@id\":\"https:\/\/sulsc.com\/#\/schema\/person\/84d2fc571684f6248ba83092f07750a3\",\"name\":\"Reda\u00e7\u00e3o Sul SC\",\"image\":{\"@type\":\"ImageObject\",\"inLanguage\":\"en-US\",\"@id\":\"https:\/\/sulsc.com\/#\/schema\/person\/image\/e08d7fe2cc4ed596372063bbe852b8d0\",\"url\":\"https:\/\/sulsc.com\/wp-content\/uploads\/2023\/09\/redacao.png\",\"contentUrl\":\"https:\/\/sulsc.com\/wp-content\/uploads\/2023\/09\/redacao.png\",\"caption\":\"Reda\u00e7\u00e3o Sul SC\"},\"description\":\"Foco em um jornalismo imparcial, voltado \u00e0 qualidade dos seus conte\u00fados e, assim, levar informa\u00e7\u00e3o de valor que agregue \u00e0 vida dos leitores. Esta \u00e9 grande miss\u00e3o do Portal de Not\u00edcias Sul SC. N\u00e3o \u00e9 quantidade que muda o mundo, sempre foi e seguir\u00e1 sendo qualidade!\",\"sameAs\":[\"https:\/\/sulsc.com\/\",\"https:\/\/www.facebook.com\/profile.php?id=61559278119680\",\"https:\/\/www.instagram.com\/sulscportal\/?hl=pt-br\",\"https:\/\/twitter.com\/https:\/\/twitter.com\/PortalSulSC\",\"https:\/\/www.youtube.com\/channel\/UCv_BE8GeySluDov2n8qhVmw\"],\"url\":\"https:\/\/sulsc.com\/index.php\/author\/redacao\/\"}]}<\/script>\n<!-- \/ Yoast SEO plugin. -->","yoast_head_json":{"title":"Rosa de Saron \u00e9 atra\u00e7\u00e3o confirmada na Festa da Padroeira, em Tubar\u00e3o -","robots":{"index":"index","follow":"follow","max-snippet":"max-snippet:-1","max-image-preview":"max-image-preview:large","max-video-preview":"max-video-preview:-1"},"canonical":"https:\/\/sulsc.com\/index.php\/2023\/09\/10\/rosa-de-saron-e-atracao-confirmada-na-festa-da-padroeira-em-tubarao\/","og_locale":"en_US","og_type":"article","og_title":"Rosa de Saron \u00e9 atra\u00e7\u00e3o confirmada na Festa da Padroeira, em Tubar\u00e3o -","og_description":"Em uma turn\u00ea de comemora\u00e7\u00e3o aos 35 anos de forma\u00e7\u00e3o, a banda Rosa de Saron se apresentar\u00e1 em Tubar\u00e3o na sexta-feira (16). Conhecida pelo rock cat\u00f3lico, a banda \u00e9 uma das atra\u00e7\u00f5es mais esperadas da Festa da Padroeira, com a expectativa de atrair uma grande quantidade de fi\u00e9is \u00e0 Pra\u00e7a da Catedral. Com hits marcantes &hellip; Rosa de Saron \u00e9 atra\u00e7\u00e3o confirmada na Festa da Padroeira, em Tubar\u00e3o Read More &raquo;","og_url":"https:\/\/sulsc.com\/index.php\/2023\/09\/10\/rosa-de-saron-e-atracao-confirmada-na-festa-da-padroeira-em-tubarao\/","article_author":"https:\/\/www.facebook.com\/profile.php?id=61559278119680","article_published_time":"2023-09-10T16:21:26+00:00","article_modified_time":"2023-09-11T16:36:05+00:00","og_image":[{"width":2560,"height":1707,"url":"https:\/\/sulsc.com\/wp-content\/uploads\/2023\/09\/ROSA-DE-SARON20587-scaled.jpg","type":"image\/jpeg"}],"author":"Reda\u00e7\u00e3o Sul SC","twitter_card":"summary_large_image","twitter_creator":"@https:\/\/twitter.com\/PortalSulSC","twitter_misc":{"Written by":"Reda\u00e7\u00e3o Sul SC","Est. reading time":"3 minutes"},"schema":{"@context":"https:\/\/schema.org","@graph":[{"@type":"WebPage","@id":"https:\/\/sulsc.com\/index.php\/2023\/09\/10\/rosa-de-saron-e-atracao-confirmada-na-festa-da-padroeira-em-tubarao\/","url":"https:\/\/sulsc.com\/index.php\/2023\/09\/10\/rosa-de-saron-e-atracao-confirmada-na-festa-da-padroeira-em-tubarao\/","name":"Rosa de Saron \u00e9 atra\u00e7\u00e3o confirmada na Festa da Padroeira, em Tubar\u00e3o -","isPartOf":{"@id":"https:\/\/sulsc.com\/#website"},"datePublished":"2023-09-10T16:21:26+00:00","dateModified":"2023-09-11T16:36:05+00:00","author":{"@id":"https:\/\/sulsc.com\/#\/schema\/person\/84d2fc571684f6248ba83092f07750a3"},"breadcrumb":{"@id":"https:\/\/sulsc.com\/index.php\/2023\/09\/10\/rosa-de-saron-e-atracao-confirmada-na-festa-da-padroeira-em-tubarao\/#breadcrumb"},"inLanguage":"en-US","potentialAction":[{"@type":"ReadAction","target":["https:\/\/sulsc.com\/index.php\/2023\/09\/10\/rosa-de-saron-e-atracao-confirmada-na-festa-da-padroeira-em-tubarao\/"]}]},{"@type":"BreadcrumbList","@id":"https:\/\/sulsc.com\/index.php\/2023\/09\/10\/rosa-de-saron-e-atracao-confirmada-na-festa-da-padroeira-em-tubarao\/#breadcrumb","itemListElement":[{"@type":"ListItem","position":1,"name":"In\u00edcio","item":"https:\/\/sulsc.com\/"},{"@type":"ListItem","position":2,"name":"Rosa de Saron \u00e9 atra\u00e7\u00e3o confirmada na Festa da Padroeira, em Tubar\u00e3o"}]},{"@type":"WebSite","@id":"https:\/\/sulsc.com\/#website","url":"https:\/\/sulsc.com\/","name":"","description":"","potentialAction":[{"@type":"SearchAction","target":{"@type":"EntryPoint","urlTemplate":"https:\/\/sulsc.com\/?s={search_term_string}"},"query-input":"required name=search_term_string"}],"inLanguage":"en-US"},{"@type":"Person","@id":"https:\/\/sulsc.com\/#\/schema\/person\/84d2fc571684f6248ba83092f07750a3","name":"Reda\u00e7\u00e3o Sul SC","image":{"@type":"ImageObject","inLanguage":"en-US","@id":"https:\/\/sulsc.com\/#\/schema\/person\/image\/e08d7fe2cc4ed596372063bbe852b8d0","url":"https:\/\/sulsc.com\/wp-content\/uploads\/2023\/09\/redacao.png","contentUrl":"https:\/\/sulsc.com\/wp-content\/uploads\/2023\/09\/redacao.png","caption":"Reda\u00e7\u00e3o Sul SC"},"description":"Foco em um jornalismo imparcial, voltado \u00e0 qualidade dos seus conte\u00fados e, assim, levar informa\u00e7\u00e3o de valor que agregue \u00e0 vida dos leitores. Esta \u00e9 grande miss\u00e3o do Portal de Not\u00edcias Sul SC. N\u00e3o \u00e9 quantidade que muda o mundo, sempre foi e seguir\u00e1 sendo qualidade!","sameAs":["https:\/\/sulsc.com\/","https:\/\/www.facebook.com\/profile.php?id=61559278119680","https:\/\/www.instagram.com\/sulscportal\/?hl=pt-br","https:\/\/twitter.com\/https:\/\/twitter.com\/PortalSulSC","https:\/\/www.youtube.com\/channel\/UCv_BE8GeySluDov2n8qhVmw"],"url":"https:\/\/sulsc.com\/index.php\/author\/redacao\/"}]}},"authors":[],"_links":{"self":[{"href":"https:\/\/sulsc.com\/index.php\/wp-json\/wp\/v2\/posts\/930"}],"collection":[{"href":"https:\/\/sulsc.com\/index.php\/wp-json\/wp\/v2\/posts"}],"about":[{"href":"https:\/\/sulsc.com\/index.php\/wp-json\/wp\/v2\/types\/post"}],"author":[{"embeddable":true,"href":"https:\/\/sulsc.com\/index.php\/wp-json\/wp\/v2\/users\/3"}],"replies":[{"embeddable":true,"href":"https:\/\/sulsc.com\/index.php\/wp-json\/wp\/v2\/comments?post=930"}],"version-history":[{"count":1,"href":"https:\/\/sulsc.com\/index.php\/wp-json\/wp\/v2\/posts\/930\/revisions"}],"predecessor-version":[{"id":932,"href":"https:\/\/sulsc.com\/index.php\/wp-json\/wp\/v2\/posts\/930\/revisions\/932"}],"wp:featuredmedia":[{"embeddable":true,"href":"https:\/\/sulsc.com\/index.php\/wp-json\/wp\/v2\/media\/931"}],"wp:attachment":[{"href":"https:\/\/sulsc.com\/index.php\/wp-json\/wp\/v2\/media?parent=930"}],"wp:term":[{"taxonomy":"category","embeddable":true,"href":"https:\/\/sulsc.com\/index.php\/wp-json\/wp\/v2\/categories?post=930"},{"taxonomy":"post_tag","embeddable":true,"href":"https:\/\/sulsc.com\/index.php\/wp-json\/wp\/v2\/tags?post=930"}],"curies":[{"name":"wp","href":"https:\/\/api.w.org\/{rel}","templated":true}]}}