{"id":9456,"date":"2024-03-01T13:02:33","date_gmt":"2024-03-01T16:02:33","guid":{"rendered":"https:\/\/sulsc.com\/?p=9456"},"modified":"2024-03-01T13:02:33","modified_gmt":"2024-03-01T16:02:33","slug":"capivari-se-torna-referencia-regional-no-combate-ao-mosquito-aedes-aegypti","status":"publish","type":"post","link":"https:\/\/sulsc.com\/index.php\/2024\/03\/01\/capivari-se-torna-referencia-regional-no-combate-ao-mosquito-aedes-aegypti\/","title":{"rendered":"Capivari se torna refer\u00eancia regional no combate ao mosquito Aedes aegypti"},"content":{"rendered":"<p><img fetchpriority=\"high\" decoding=\"async\" class=\"aligncenter size-full wp-image-9457\" src=\"http:\/\/sulsc.com\/wp-content\/uploads\/2024\/03\/7.jpg\" alt=\"\" width=\"1024\" height=\"768\" srcset=\"https:\/\/sulsc.com\/wp-content\/uploads\/2024\/03\/7.jpg 1024w, https:\/\/sulsc.com\/wp-content\/uploads\/2024\/03\/7-300x225.jpg 300w, https:\/\/sulsc.com\/wp-content\/uploads\/2024\/03\/7-768x576.jpg 768w\" sizes=\"(max-width: 1024px) 100vw, 1024px\" \/><\/p>\n<p>O trabalho preventivo de combate ao mosquito Aedes aegypti, transmissor de doen\u00e7as como dengue, Chikungunya, zika e febre amarela, ter\u00e1 um refor\u00e7o importante em <strong>Capivari de Baixo<\/strong> a partir da pr\u00f3xima segunda-feira (4). Ap\u00f3s um m\u00eas desativado, a Vigil\u00e2ncia em Sa\u00fade retomar\u00e1 os servi\u00e7os no Laborat\u00f3rio de Entomologia.<\/p>\n<p>Conforme Tatiana Pereira Farias, t\u00e9cnica em agentes de endemias e laboratorista, com a nova estrutura em funcionamento, Capivari ter\u00e1 uma resposta mais r\u00e1pida na an\u00e1lise de larvas coletadas nas resid\u00eancias dos mun\u00edcipes. &#8220;Agora, poderemos continuar o processo de combate aos focos imediatamente na cidade&#8221;, enfatiza.<\/p>\n<p>O novo espa\u00e7o ser\u00e1 anexo \u00e0 Secretaria de Sa\u00fade. Tatiana destaca que \u00e9 relevante que os moradores revisem diariamente seus terrenos. Segundo ela, manter a limpeza do quintal faz toda a diferen\u00e7a. Cuidados como a retirada dos pratinhos de plantas e a lavagem desses objetos com esponja s\u00e3o essenciais. A profissional da \u00e1rea de sa\u00fade explica que os ovos do mosquito podem permanecer at\u00e9 um ano em local seco e, em seguida, adquirir umidade e iniciar seu ciclo novamente.<\/p>\n<p>\u00c9 importante redobrar os cuidados com os potes de \u00e1gua dos cachorros e gatos, verificar as calhas e analisar o fundo da geladeira, onde pode haver um dep\u00f3sito com \u00e1gua. &#8220;\u00c9 necess\u00e1rio o tratamento de piscinas, manter os pneus em local seguro, virar as garrafas com a boca para baixo, entre outras medidas importantes&#8221;, observa.<\/p>\n<p>As agentes de endemias e de Vigil\u00e2ncia em Sa\u00fade t\u00eam intensificado as visitas em resid\u00eancias de diversos bairros do munic\u00edpio. A a\u00e7\u00e3o visa orientar os moradores e verificar se h\u00e1 poss\u00edveis criadouros do Aedes aegypti nos terrenos. At\u00e9 o momento, Capivari de Baixo n\u00e3o registrou nenhum caso confirmado de dengue, e o trabalho preventivo tem se mostrado eficaz.<\/p>\n","protected":false},"excerpt":{"rendered":"<p>O trabalho preventivo de combate ao mosquito Aedes aegypti, transmissor de doen\u00e7as como dengue, Chikungunya, zika e febre amarela, ter\u00e1 um refor\u00e7o importante em Capivari de Baixo a partir da pr\u00f3xima segunda-feira (4). Ap\u00f3s um m\u00eas desativado, a Vigil\u00e2ncia em Sa\u00fade retomar\u00e1 os servi\u00e7os no Laborat\u00f3rio de Entomologia. Conforme Tatiana Pereira Farias, t\u00e9cnica em agentes &hellip;<\/p>\n<p class=\"read-more\"> <a class=\"\" href=\"https:\/\/sulsc.com\/index.php\/2024\/03\/01\/capivari-se-torna-referencia-regional-no-combate-ao-mosquito-aedes-aegypti\/\"> <span class=\"screen-reader-text\">Capivari se torna refer\u00eancia regional no combate ao mosquito Aedes aegypti<\/span> Read More &raquo;<\/a><\/p>\n","protected":false},"author":3,"featured_media":9457,"comment_status":"open","ping_status":"open","sticky":false,"template":"","format":"standard","meta":{"site-sidebar-layout":"default","site-content-layout":"","ast-site-content-layout":"default","site-content-style":"default","site-sidebar-style":"default","ast-global-header-display":"","ast-banner-title-visibility":"","ast-main-header-display":"","ast-hfb-above-header-display":"","ast-hfb-below-header-display":"","ast-hfb-mobile-header-display":"","site-post-title":"","ast-breadcrumbs-content":"","ast-featured-img":"","footer-sml-layout":"","theme-transparent-header-meta":"default","adv-header-id-meta":"","stick-header-meta":"","header-above-stick-meta":"","header-main-stick-meta":"","header-below-stick-meta":"","astra-migrate-meta-layouts":"set","footnotes":""},"categories":[42],"tags":[364,104,1475,1476],"yoast_head":"<!-- This site is optimized with the Yoast SEO plugin v21.4 - https:\/\/yoast.com\/wordpress\/plugins\/seo\/ -->\n<title>Capivari se torna refer\u00eancia regional no combate ao mosquito Aedes aegypti -<\/title>\n<meta name=\"description\" content=\"As agentes de endemias e de Vigil\u00e2ncia em Sa\u00fade t\u00eam intensificado as visitas em resid\u00eancias de diversos bairros do munic\u00edpio. A a\u00e7\u00e3o visa orientar os moradores e verificar se h\u00e1 poss\u00edveis criadouros do Aedes aegypti nos terrenos\" \/>\n<meta name=\"robots\" content=\"index, follow, max-snippet:-1, max-image-preview:large, max-video-preview:-1\" \/>\n<link rel=\"canonical\" href=\"https:\/\/sulsc.com\/index.php\/2024\/03\/01\/capivari-se-torna-referencia-regional-no-combate-ao-mosquito-aedes-aegypti\/\" \/>\n<meta property=\"og:locale\" content=\"en_US\" \/>\n<meta property=\"og:type\" content=\"article\" \/>\n<meta property=\"og:title\" content=\"Capivari se torna refer\u00eancia regional no combate ao mosquito Aedes aegypti -\" \/>\n<meta property=\"og:description\" content=\"As agentes de endemias e de Vigil\u00e2ncia em Sa\u00fade t\u00eam intensificado as visitas em resid\u00eancias de diversos bairros do munic\u00edpio. A a\u00e7\u00e3o visa orientar os moradores e verificar se h\u00e1 poss\u00edveis criadouros do Aedes aegypti nos terrenos\" \/>\n<meta property=\"og:url\" content=\"https:\/\/sulsc.com\/index.php\/2024\/03\/01\/capivari-se-torna-referencia-regional-no-combate-ao-mosquito-aedes-aegypti\/\" \/>\n<meta property=\"article:author\" content=\"https:\/\/www.facebook.com\/profile.php?id=61559278119680\" \/>\n<meta property=\"article:published_time\" content=\"2024-03-01T16:02:33+00:00\" \/>\n<meta property=\"og:image\" content=\"http:\/\/sulsc.com\/wp-content\/uploads\/2024\/03\/7.jpg\" \/>\n\t<meta property=\"og:image:width\" content=\"1024\" \/>\n\t<meta property=\"og:image:height\" content=\"768\" \/>\n\t<meta property=\"og:image:type\" content=\"image\/jpeg\" \/>\n<meta name=\"author\" content=\"Reda\u00e7\u00e3o Sul SC\" \/>\n<meta name=\"twitter:card\" content=\"summary_large_image\" \/>\n<meta name=\"twitter:creator\" content=\"@https:\/\/twitter.com\/PortalSulSC\" \/>\n<meta name=\"twitter:label1\" content=\"Written by\" \/>\n\t<meta name=\"twitter:data1\" content=\"Reda\u00e7\u00e3o Sul SC\" \/>\n\t<meta name=\"twitter:label2\" content=\"Est. reading time\" \/>\n\t<meta name=\"twitter:data2\" content=\"2 minutes\" \/>\n<script type=\"application\/ld+json\" class=\"yoast-schema-graph\">{\"@context\":\"https:\/\/schema.org\",\"@graph\":[{\"@type\":\"WebPage\",\"@id\":\"https:\/\/sulsc.com\/index.php\/2024\/03\/01\/capivari-se-torna-referencia-regional-no-combate-ao-mosquito-aedes-aegypti\/\",\"url\":\"https:\/\/sulsc.com\/index.php\/2024\/03\/01\/capivari-se-torna-referencia-regional-no-combate-ao-mosquito-aedes-aegypti\/\",\"name\":\"Capivari se torna refer\u00eancia regional no combate ao mosquito Aedes aegypti -\",\"isPartOf\":{\"@id\":\"https:\/\/sulsc.com\/#website\"},\"datePublished\":\"2024-03-01T16:02:33+00:00\",\"dateModified\":\"2024-03-01T16:02:33+00:00\",\"author\":{\"@id\":\"https:\/\/sulsc.com\/#\/schema\/person\/84d2fc571684f6248ba83092f07750a3\"},\"description\":\"As agentes de endemias e de Vigil\u00e2ncia em Sa\u00fade t\u00eam intensificado as visitas em resid\u00eancias de diversos bairros do munic\u00edpio. A a\u00e7\u00e3o visa orientar os moradores e verificar se h\u00e1 poss\u00edveis criadouros do Aedes aegypti nos terrenos\",\"breadcrumb\":{\"@id\":\"https:\/\/sulsc.com\/index.php\/2024\/03\/01\/capivari-se-torna-referencia-regional-no-combate-ao-mosquito-aedes-aegypti\/#breadcrumb\"},\"inLanguage\":\"en-US\",\"potentialAction\":[{\"@type\":\"ReadAction\",\"target\":[\"https:\/\/sulsc.com\/index.php\/2024\/03\/01\/capivari-se-torna-referencia-regional-no-combate-ao-mosquito-aedes-aegypti\/\"]}]},{\"@type\":\"BreadcrumbList\",\"@id\":\"https:\/\/sulsc.com\/index.php\/2024\/03\/01\/capivari-se-torna-referencia-regional-no-combate-ao-mosquito-aedes-aegypti\/#breadcrumb\",\"itemListElement\":[{\"@type\":\"ListItem\",\"position\":1,\"name\":\"In\u00edcio\",\"item\":\"https:\/\/sulsc.com\/\"},{\"@type\":\"ListItem\",\"position\":2,\"name\":\"Capivari se torna refer\u00eancia regional no combate ao mosquito Aedes aegypti\"}]},{\"@type\":\"WebSite\",\"@id\":\"https:\/\/sulsc.com\/#website\",\"url\":\"https:\/\/sulsc.com\/\",\"name\":\"\",\"description\":\"\",\"potentialAction\":[{\"@type\":\"SearchAction\",\"target\":{\"@type\":\"EntryPoint\",\"urlTemplate\":\"https:\/\/sulsc.com\/?s={search_term_string}\"},\"query-input\":\"required name=search_term_string\"}],\"inLanguage\":\"en-US\"},{\"@type\":\"Person\",\"@id\":\"https:\/\/sulsc.com\/#\/schema\/person\/84d2fc571684f6248ba83092f07750a3\",\"name\":\"Reda\u00e7\u00e3o Sul SC\",\"image\":{\"@type\":\"ImageObject\",\"inLanguage\":\"en-US\",\"@id\":\"https:\/\/sulsc.com\/#\/schema\/person\/image\/e08d7fe2cc4ed596372063bbe852b8d0\",\"url\":\"https:\/\/sulsc.com\/wp-content\/uploads\/2023\/09\/redacao.png\",\"contentUrl\":\"https:\/\/sulsc.com\/wp-content\/uploads\/2023\/09\/redacao.png\",\"caption\":\"Reda\u00e7\u00e3o Sul SC\"},\"description\":\"Foco em um jornalismo imparcial, voltado \u00e0 qualidade dos seus conte\u00fados e, assim, levar informa\u00e7\u00e3o de valor que agregue \u00e0 vida dos leitores. Esta \u00e9 grande miss\u00e3o do Portal de Not\u00edcias Sul SC. N\u00e3o \u00e9 quantidade que muda o mundo, sempre foi e seguir\u00e1 sendo qualidade!\",\"sameAs\":[\"https:\/\/sulsc.com\/\",\"https:\/\/www.facebook.com\/profile.php?id=61559278119680\",\"https:\/\/www.instagram.com\/sulscportal\/?hl=pt-br\",\"https:\/\/twitter.com\/https:\/\/twitter.com\/PortalSulSC\",\"https:\/\/www.youtube.com\/channel\/UCv_BE8GeySluDov2n8qhVmw\"],\"url\":\"https:\/\/sulsc.com\/index.php\/author\/redacao\/\"}]}<\/script>\n<!-- \/ Yoast SEO plugin. -->","yoast_head_json":{"title":"Capivari se torna refer\u00eancia regional no combate ao mosquito Aedes aegypti -","description":"As agentes de endemias e de Vigil\u00e2ncia em Sa\u00fade t\u00eam intensificado as visitas em resid\u00eancias de diversos bairros do munic\u00edpio. A a\u00e7\u00e3o visa orientar os moradores e verificar se h\u00e1 poss\u00edveis criadouros do Aedes aegypti nos terrenos","robots":{"index":"index","follow":"follow","max-snippet":"max-snippet:-1","max-image-preview":"max-image-preview:large","max-video-preview":"max-video-preview:-1"},"canonical":"https:\/\/sulsc.com\/index.php\/2024\/03\/01\/capivari-se-torna-referencia-regional-no-combate-ao-mosquito-aedes-aegypti\/","og_locale":"en_US","og_type":"article","og_title":"Capivari se torna refer\u00eancia regional no combate ao mosquito Aedes aegypti -","og_description":"As agentes de endemias e de Vigil\u00e2ncia em Sa\u00fade t\u00eam intensificado as visitas em resid\u00eancias de diversos bairros do munic\u00edpio. A a\u00e7\u00e3o visa orientar os moradores e verificar se h\u00e1 poss\u00edveis criadouros do Aedes aegypti nos terrenos","og_url":"https:\/\/sulsc.com\/index.php\/2024\/03\/01\/capivari-se-torna-referencia-regional-no-combate-ao-mosquito-aedes-aegypti\/","article_author":"https:\/\/www.facebook.com\/profile.php?id=61559278119680","article_published_time":"2024-03-01T16:02:33+00:00","og_image":[{"width":1024,"height":768,"url":"http:\/\/sulsc.com\/wp-content\/uploads\/2024\/03\/7.jpg","type":"image\/jpeg"}],"author":"Reda\u00e7\u00e3o Sul SC","twitter_card":"summary_large_image","twitter_creator":"@https:\/\/twitter.com\/PortalSulSC","twitter_misc":{"Written by":"Reda\u00e7\u00e3o Sul SC","Est. reading time":"2 minutes"},"schema":{"@context":"https:\/\/schema.org","@graph":[{"@type":"WebPage","@id":"https:\/\/sulsc.com\/index.php\/2024\/03\/01\/capivari-se-torna-referencia-regional-no-combate-ao-mosquito-aedes-aegypti\/","url":"https:\/\/sulsc.com\/index.php\/2024\/03\/01\/capivari-se-torna-referencia-regional-no-combate-ao-mosquito-aedes-aegypti\/","name":"Capivari se torna refer\u00eancia regional no combate ao mosquito Aedes aegypti -","isPartOf":{"@id":"https:\/\/sulsc.com\/#website"},"datePublished":"2024-03-01T16:02:33+00:00","dateModified":"2024-03-01T16:02:33+00:00","author":{"@id":"https:\/\/sulsc.com\/#\/schema\/person\/84d2fc571684f6248ba83092f07750a3"},"description":"As agentes de endemias e de Vigil\u00e2ncia em Sa\u00fade t\u00eam intensificado as visitas em resid\u00eancias de diversos bairros do munic\u00edpio. A a\u00e7\u00e3o visa orientar os moradores e verificar se h\u00e1 poss\u00edveis criadouros do Aedes aegypti nos terrenos","breadcrumb":{"@id":"https:\/\/sulsc.com\/index.php\/2024\/03\/01\/capivari-se-torna-referencia-regional-no-combate-ao-mosquito-aedes-aegypti\/#breadcrumb"},"inLanguage":"en-US","potentialAction":[{"@type":"ReadAction","target":["https:\/\/sulsc.com\/index.php\/2024\/03\/01\/capivari-se-torna-referencia-regional-no-combate-ao-mosquito-aedes-aegypti\/"]}]},{"@type":"BreadcrumbList","@id":"https:\/\/sulsc.com\/index.php\/2024\/03\/01\/capivari-se-torna-referencia-regional-no-combate-ao-mosquito-aedes-aegypti\/#breadcrumb","itemListElement":[{"@type":"ListItem","position":1,"name":"In\u00edcio","item":"https:\/\/sulsc.com\/"},{"@type":"ListItem","position":2,"name":"Capivari se torna refer\u00eancia regional no combate ao mosquito Aedes aegypti"}]},{"@type":"WebSite","@id":"https:\/\/sulsc.com\/#website","url":"https:\/\/sulsc.com\/","name":"","description":"","potentialAction":[{"@type":"SearchAction","target":{"@type":"EntryPoint","urlTemplate":"https:\/\/sulsc.com\/?s={search_term_string}"},"query-input":"required name=search_term_string"}],"inLanguage":"en-US"},{"@type":"Person","@id":"https:\/\/sulsc.com\/#\/schema\/person\/84d2fc571684f6248ba83092f07750a3","name":"Reda\u00e7\u00e3o Sul SC","image":{"@type":"ImageObject","inLanguage":"en-US","@id":"https:\/\/sulsc.com\/#\/schema\/person\/image\/e08d7fe2cc4ed596372063bbe852b8d0","url":"https:\/\/sulsc.com\/wp-content\/uploads\/2023\/09\/redacao.png","contentUrl":"https:\/\/sulsc.com\/wp-content\/uploads\/2023\/09\/redacao.png","caption":"Reda\u00e7\u00e3o Sul SC"},"description":"Foco em um jornalismo imparcial, voltado \u00e0 qualidade dos seus conte\u00fados e, assim, levar informa\u00e7\u00e3o de valor que agregue \u00e0 vida dos leitores. Esta \u00e9 grande miss\u00e3o do Portal de Not\u00edcias Sul SC. N\u00e3o \u00e9 quantidade que muda o mundo, sempre foi e seguir\u00e1 sendo qualidade!","sameAs":["https:\/\/sulsc.com\/","https:\/\/www.facebook.com\/profile.php?id=61559278119680","https:\/\/www.instagram.com\/sulscportal\/?hl=pt-br","https:\/\/twitter.com\/https:\/\/twitter.com\/PortalSulSC","https:\/\/www.youtube.com\/channel\/UCv_BE8GeySluDov2n8qhVmw"],"url":"https:\/\/sulsc.com\/index.php\/author\/redacao\/"}]}},"authors":[],"_links":{"self":[{"href":"https:\/\/sulsc.com\/index.php\/wp-json\/wp\/v2\/posts\/9456"}],"collection":[{"href":"https:\/\/sulsc.com\/index.php\/wp-json\/wp\/v2\/posts"}],"about":[{"href":"https:\/\/sulsc.com\/index.php\/wp-json\/wp\/v2\/types\/post"}],"author":[{"embeddable":true,"href":"https:\/\/sulsc.com\/index.php\/wp-json\/wp\/v2\/users\/3"}],"replies":[{"embeddable":true,"href":"https:\/\/sulsc.com\/index.php\/wp-json\/wp\/v2\/comments?post=9456"}],"version-history":[{"count":2,"href":"https:\/\/sulsc.com\/index.php\/wp-json\/wp\/v2\/posts\/9456\/revisions"}],"predecessor-version":[{"id":9459,"href":"https:\/\/sulsc.com\/index.php\/wp-json\/wp\/v2\/posts\/9456\/revisions\/9459"}],"wp:featuredmedia":[{"embeddable":true,"href":"https:\/\/sulsc.com\/index.php\/wp-json\/wp\/v2\/media\/9457"}],"wp:attachment":[{"href":"https:\/\/sulsc.com\/index.php\/wp-json\/wp\/v2\/media?parent=9456"}],"wp:term":[{"taxonomy":"category","embeddable":true,"href":"https:\/\/sulsc.com\/index.php\/wp-json\/wp\/v2\/categories?post=9456"},{"taxonomy":"post_tag","embeddable":true,"href":"https:\/\/sulsc.com\/index.php\/wp-json\/wp\/v2\/tags?post=9456"}],"curies":[{"name":"wp","href":"https:\/\/api.w.org\/{rel}","templated":true}]}}