{"id":949,"date":"2023-09-11T14:40:37","date_gmt":"2023-09-11T17:40:37","guid":{"rendered":"https:\/\/sulsc.com\/?p=949"},"modified":"2023-09-11T13:30:15","modified_gmt":"2023-09-11T16:30:15","slug":"operacao-independencia-2023","status":"publish","type":"post","link":"https:\/\/sulsc.com\/index.php\/2023\/09\/11\/operacao-independencia-2023\/","title":{"rendered":"Opera\u00e7\u00e3o Independ\u00eancia 2023: PRF registra redu\u00e7\u00e3o de 70% no n\u00famero de mortes"},"content":{"rendered":"<p>A Pol\u00edcia Rodovi\u00e1ria Federal encerrou \u00e0 meia-noite deste domingo (10), a Opera\u00e7\u00e3o Independ\u00eancia 2023. A a\u00e7\u00e3o teve inicio na quinta-feira (7) e totalizou quatro dias de fiscaliza\u00e7\u00e3o especial.\u00a0Nas rodovias federais que cortam Santa Catarina, a Pol\u00edcia Rodovi\u00e1ria Federal (PRF) registrou aumento no n\u00famero de acidentes e feridos, por\u00e9m, houve grande redu\u00e7\u00e3o no n\u00famero de mortos.<\/p>\n<p>Nos n\u00fameros, foram registrados este ano 101 acidentes, um aumento de 17,4%, j\u00e1 que em 2022 o n\u00famero de acidentes foi de 86. J\u00e1 no n\u00famero de v\u00edtimas feridas, este ano foram 102 casos e no ano passado o registro foi de 87, ou seja, um aumento de 17,2%. Ao menos no n\u00famero de mortes o saldo foi positivo com uma redu\u00e7\u00e3o de 70%. Em 2022 foram 10 mortes e este ano o n\u00famero foi reduzido para tr\u00eas.<\/p>\n<p>As mortes ocorreram todas no trecho sul da BR 101. A primeira ocorreu na na quinta-feira (7), em Tubar\u00e3o, por conta da queda de motociclista. A segunda, uma colis\u00e3o de carro com ciclista, foi registrada na sexta-feira (8), em Ararangu\u00e1. E a terceira fatalidade ocorreu no domingo (10), em Laguna, por meio de uma colis\u00e3o de autom\u00f3vel contra mureta.<\/p>\n<p>Durante a Opera\u00e7\u00e3o, a PRF em Santa Catarina cumpriu seu papel, realizando intensa fiscaliza\u00e7\u00e3o de tr\u00e2nsito. Infelizmente, milhares de condutas perigosas foram flagradas pelos policiais nestes quatro dias. Alguns exemplos:<br \/>\n&#8211; Motoristas dirigindo sob efeito de \u00e1lcool: 247<br \/>\n&#8211; Ultrapassando em local proibido: 182<br \/>\n&#8211; Transitando acima da velocidade m\u00e1xima: 298<br \/>\n&#8211; Motoristas ou passageiros sem cinto de seguran\u00e7a: 109<br \/>\n&#8211; Crian\u00e7as sendo transportadas sem cadeirinha: 21<br \/>\n&#8211; Condutor manuseando o celular: 22<\/p>\n<p>O combate ao crime tamb\u00e9m n\u00e3o parou durante o feriad\u00e3o: 51 kg de maconha e 13 kg de coca\u00edna foram apreendidos. Al\u00e9m disso, quatro ve\u00edculos roubados foram recuperados e tr\u00eas mandados judiciais de pris\u00e3o foram cumpridos.<\/p>\n<p><img fetchpriority=\"high\" decoding=\"async\" class=\"alignnone size-medium wp-image-951\" src=\"http:\/\/sulsc.com\/wp-content\/uploads\/2023\/09\/WhatsApp-Image-2023-09-11-at-10.15.27-300x204.jpeg\" alt=\"\" width=\"300\" height=\"204\" srcset=\"https:\/\/sulsc.com\/wp-content\/uploads\/2023\/09\/WhatsApp-Image-2023-09-11-at-10.15.27-300x204.jpeg 300w, https:\/\/sulsc.com\/wp-content\/uploads\/2023\/09\/WhatsApp-Image-2023-09-11-at-10.15.27-1024x695.jpeg 1024w, https:\/\/sulsc.com\/wp-content\/uploads\/2023\/09\/WhatsApp-Image-2023-09-11-at-10.15.27-768x521.jpeg 768w, https:\/\/sulsc.com\/wp-content\/uploads\/2023\/09\/WhatsApp-Image-2023-09-11-at-10.15.27.jpeg 1272w\" sizes=\"(max-width: 300px) 100vw, 300px\" \/><\/p>\n","protected":false},"excerpt":{"rendered":"<p>A Pol\u00edcia Rodovi\u00e1ria Federal encerrou \u00e0 meia-noite deste domingo (10), a Opera\u00e7\u00e3o Independ\u00eancia 2023. A a\u00e7\u00e3o teve inicio na quinta-feira (7) e totalizou quatro dias de fiscaliza\u00e7\u00e3o especial.\u00a0Nas rodovias federais que cortam Santa Catarina, a Pol\u00edcia Rodovi\u00e1ria Federal (PRF) registrou aumento no n\u00famero de acidentes e feridos, por\u00e9m, houve grande redu\u00e7\u00e3o no n\u00famero de mortos. &hellip;<\/p>\n<p class=\"read-more\"> <a class=\"\" href=\"https:\/\/sulsc.com\/index.php\/2023\/09\/11\/operacao-independencia-2023\/\"> <span class=\"screen-reader-text\">Opera\u00e7\u00e3o Independ\u00eancia 2023: PRF registra redu\u00e7\u00e3o de 70% no n\u00famero de mortes<\/span> Read More &raquo;<\/a><\/p>\n","protected":false},"author":3,"featured_media":950,"comment_status":"open","ping_status":"open","sticky":false,"template":"","format":"standard","meta":{"site-sidebar-layout":"default","site-content-layout":"default","ast-site-content-layout":"","site-content-style":"default","site-sidebar-style":"default","ast-global-header-display":"","ast-banner-title-visibility":"","ast-main-header-display":"","ast-hfb-above-header-display":"","ast-hfb-below-header-display":"","ast-hfb-mobile-header-display":"","site-post-title":"","ast-breadcrumbs-content":"","ast-featured-img":"","footer-sml-layout":"","theme-transparent-header-meta":"default","adv-header-id-meta":"","stick-header-meta":"","header-above-stick-meta":"","header-main-stick-meta":"","header-below-stick-meta":"","astra-migrate-meta-layouts":"","footnotes":""},"categories":[8],"tags":[],"yoast_head":"<!-- This site is optimized with the Yoast SEO plugin v21.4 - https:\/\/yoast.com\/wordpress\/plugins\/seo\/ -->\n<title>Opera\u00e7\u00e3o Independ\u00eancia 2023: PRF registra redu\u00e7\u00e3o de 70% no n\u00famero de mortes -<\/title>\n<meta name=\"robots\" content=\"index, follow, max-snippet:-1, max-image-preview:large, max-video-preview:-1\" \/>\n<link rel=\"canonical\" href=\"https:\/\/sulsc.com\/index.php\/2023\/09\/11\/operacao-independencia-2023\/\" \/>\n<meta property=\"og:locale\" content=\"en_US\" \/>\n<meta property=\"og:type\" content=\"article\" \/>\n<meta property=\"og:title\" content=\"Opera\u00e7\u00e3o Independ\u00eancia 2023: PRF registra redu\u00e7\u00e3o de 70% no n\u00famero de mortes -\" \/>\n<meta property=\"og:description\" content=\"A Pol\u00edcia Rodovi\u00e1ria Federal encerrou \u00e0 meia-noite deste domingo (10), a Opera\u00e7\u00e3o Independ\u00eancia 2023. A a\u00e7\u00e3o teve inicio na quinta-feira (7) e totalizou quatro dias de fiscaliza\u00e7\u00e3o especial.\u00a0Nas rodovias federais que cortam Santa Catarina, a Pol\u00edcia Rodovi\u00e1ria Federal (PRF) registrou aumento no n\u00famero de acidentes e feridos, por\u00e9m, houve grande redu\u00e7\u00e3o no n\u00famero de mortos. &hellip; Opera\u00e7\u00e3o Independ\u00eancia 2023: PRF registra redu\u00e7\u00e3o de 70% no n\u00famero de mortes Read More &raquo;\" \/>\n<meta property=\"og:url\" content=\"https:\/\/sulsc.com\/index.php\/2023\/09\/11\/operacao-independencia-2023\/\" \/>\n<meta property=\"article:author\" content=\"https:\/\/www.facebook.com\/profile.php?id=61559278119680\" \/>\n<meta property=\"article:published_time\" content=\"2023-09-11T17:40:37+00:00\" \/>\n<meta property=\"article:modified_time\" content=\"2023-09-11T16:30:15+00:00\" \/>\n<meta property=\"og:image\" content=\"https:\/\/sulsc.com\/wp-content\/uploads\/2023\/09\/WhatsApp-Image-2023-09-11-at-10.15.31.jpeg\" \/>\n\t<meta property=\"og:image:width\" content=\"810\" \/>\n\t<meta property=\"og:image:height\" content=\"587\" \/>\n\t<meta property=\"og:image:type\" content=\"image\/jpeg\" \/>\n<meta name=\"author\" content=\"Reda\u00e7\u00e3o Sul SC\" \/>\n<meta name=\"twitter:card\" content=\"summary_large_image\" \/>\n<meta name=\"twitter:creator\" content=\"@https:\/\/twitter.com\/PortalSulSC\" \/>\n<meta name=\"twitter:label1\" content=\"Written by\" \/>\n\t<meta name=\"twitter:data1\" content=\"Reda\u00e7\u00e3o Sul SC\" \/>\n\t<meta name=\"twitter:label2\" content=\"Est. reading time\" \/>\n\t<meta name=\"twitter:data2\" content=\"2 minutes\" \/>\n<script type=\"application\/ld+json\" class=\"yoast-schema-graph\">{\"@context\":\"https:\/\/schema.org\",\"@graph\":[{\"@type\":\"WebPage\",\"@id\":\"https:\/\/sulsc.com\/index.php\/2023\/09\/11\/operacao-independencia-2023\/\",\"url\":\"https:\/\/sulsc.com\/index.php\/2023\/09\/11\/operacao-independencia-2023\/\",\"name\":\"Opera\u00e7\u00e3o Independ\u00eancia 2023: PRF registra redu\u00e7\u00e3o de 70% no n\u00famero de mortes -\",\"isPartOf\":{\"@id\":\"https:\/\/sulsc.com\/#website\"},\"datePublished\":\"2023-09-11T17:40:37+00:00\",\"dateModified\":\"2023-09-11T16:30:15+00:00\",\"author\":{\"@id\":\"https:\/\/sulsc.com\/#\/schema\/person\/84d2fc571684f6248ba83092f07750a3\"},\"breadcrumb\":{\"@id\":\"https:\/\/sulsc.com\/index.php\/2023\/09\/11\/operacao-independencia-2023\/#breadcrumb\"},\"inLanguage\":\"en-US\",\"potentialAction\":[{\"@type\":\"ReadAction\",\"target\":[\"https:\/\/sulsc.com\/index.php\/2023\/09\/11\/operacao-independencia-2023\/\"]}]},{\"@type\":\"BreadcrumbList\",\"@id\":\"https:\/\/sulsc.com\/index.php\/2023\/09\/11\/operacao-independencia-2023\/#breadcrumb\",\"itemListElement\":[{\"@type\":\"ListItem\",\"position\":1,\"name\":\"In\u00edcio\",\"item\":\"https:\/\/sulsc.com\/\"},{\"@type\":\"ListItem\",\"position\":2,\"name\":\"Opera\u00e7\u00e3o Independ\u00eancia 2023: PRF registra redu\u00e7\u00e3o de 70% no n\u00famero de mortes\"}]},{\"@type\":\"WebSite\",\"@id\":\"https:\/\/sulsc.com\/#website\",\"url\":\"https:\/\/sulsc.com\/\",\"name\":\"\",\"description\":\"\",\"potentialAction\":[{\"@type\":\"SearchAction\",\"target\":{\"@type\":\"EntryPoint\",\"urlTemplate\":\"https:\/\/sulsc.com\/?s={search_term_string}\"},\"query-input\":\"required name=search_term_string\"}],\"inLanguage\":\"en-US\"},{\"@type\":\"Person\",\"@id\":\"https:\/\/sulsc.com\/#\/schema\/person\/84d2fc571684f6248ba83092f07750a3\",\"name\":\"Reda\u00e7\u00e3o Sul SC\",\"image\":{\"@type\":\"ImageObject\",\"inLanguage\":\"en-US\",\"@id\":\"https:\/\/sulsc.com\/#\/schema\/person\/image\/e08d7fe2cc4ed596372063bbe852b8d0\",\"url\":\"https:\/\/sulsc.com\/wp-content\/uploads\/2023\/09\/redacao.png\",\"contentUrl\":\"https:\/\/sulsc.com\/wp-content\/uploads\/2023\/09\/redacao.png\",\"caption\":\"Reda\u00e7\u00e3o Sul SC\"},\"description\":\"Foco em um jornalismo imparcial, voltado \u00e0 qualidade dos seus conte\u00fados e, assim, levar informa\u00e7\u00e3o de valor que agregue \u00e0 vida dos leitores. Esta \u00e9 grande miss\u00e3o do Portal de Not\u00edcias Sul SC. N\u00e3o \u00e9 quantidade que muda o mundo, sempre foi e seguir\u00e1 sendo qualidade!\",\"sameAs\":[\"https:\/\/sulsc.com\/\",\"https:\/\/www.facebook.com\/profile.php?id=61559278119680\",\"https:\/\/www.instagram.com\/sulscportal\/?hl=pt-br\",\"https:\/\/twitter.com\/https:\/\/twitter.com\/PortalSulSC\",\"https:\/\/www.youtube.com\/channel\/UCv_BE8GeySluDov2n8qhVmw\"],\"url\":\"https:\/\/sulsc.com\/index.php\/author\/redacao\/\"}]}<\/script>\n<!-- \/ Yoast SEO plugin. -->","yoast_head_json":{"title":"Opera\u00e7\u00e3o Independ\u00eancia 2023: PRF registra redu\u00e7\u00e3o de 70% no n\u00famero de mortes -","robots":{"index":"index","follow":"follow","max-snippet":"max-snippet:-1","max-image-preview":"max-image-preview:large","max-video-preview":"max-video-preview:-1"},"canonical":"https:\/\/sulsc.com\/index.php\/2023\/09\/11\/operacao-independencia-2023\/","og_locale":"en_US","og_type":"article","og_title":"Opera\u00e7\u00e3o Independ\u00eancia 2023: PRF registra redu\u00e7\u00e3o de 70% no n\u00famero de mortes -","og_description":"A Pol\u00edcia Rodovi\u00e1ria Federal encerrou \u00e0 meia-noite deste domingo (10), a Opera\u00e7\u00e3o Independ\u00eancia 2023. A a\u00e7\u00e3o teve inicio na quinta-feira (7) e totalizou quatro dias de fiscaliza\u00e7\u00e3o especial.\u00a0Nas rodovias federais que cortam Santa Catarina, a Pol\u00edcia Rodovi\u00e1ria Federal (PRF) registrou aumento no n\u00famero de acidentes e feridos, por\u00e9m, houve grande redu\u00e7\u00e3o no n\u00famero de mortos. &hellip; Opera\u00e7\u00e3o Independ\u00eancia 2023: PRF registra redu\u00e7\u00e3o de 70% no n\u00famero de mortes Read More &raquo;","og_url":"https:\/\/sulsc.com\/index.php\/2023\/09\/11\/operacao-independencia-2023\/","article_author":"https:\/\/www.facebook.com\/profile.php?id=61559278119680","article_published_time":"2023-09-11T17:40:37+00:00","article_modified_time":"2023-09-11T16:30:15+00:00","og_image":[{"width":810,"height":587,"url":"https:\/\/sulsc.com\/wp-content\/uploads\/2023\/09\/WhatsApp-Image-2023-09-11-at-10.15.31.jpeg","type":"image\/jpeg"}],"author":"Reda\u00e7\u00e3o Sul SC","twitter_card":"summary_large_image","twitter_creator":"@https:\/\/twitter.com\/PortalSulSC","twitter_misc":{"Written by":"Reda\u00e7\u00e3o Sul SC","Est. reading time":"2 minutes"},"schema":{"@context":"https:\/\/schema.org","@graph":[{"@type":"WebPage","@id":"https:\/\/sulsc.com\/index.php\/2023\/09\/11\/operacao-independencia-2023\/","url":"https:\/\/sulsc.com\/index.php\/2023\/09\/11\/operacao-independencia-2023\/","name":"Opera\u00e7\u00e3o Independ\u00eancia 2023: PRF registra redu\u00e7\u00e3o de 70% no n\u00famero de mortes -","isPartOf":{"@id":"https:\/\/sulsc.com\/#website"},"datePublished":"2023-09-11T17:40:37+00:00","dateModified":"2023-09-11T16:30:15+00:00","author":{"@id":"https:\/\/sulsc.com\/#\/schema\/person\/84d2fc571684f6248ba83092f07750a3"},"breadcrumb":{"@id":"https:\/\/sulsc.com\/index.php\/2023\/09\/11\/operacao-independencia-2023\/#breadcrumb"},"inLanguage":"en-US","potentialAction":[{"@type":"ReadAction","target":["https:\/\/sulsc.com\/index.php\/2023\/09\/11\/operacao-independencia-2023\/"]}]},{"@type":"BreadcrumbList","@id":"https:\/\/sulsc.com\/index.php\/2023\/09\/11\/operacao-independencia-2023\/#breadcrumb","itemListElement":[{"@type":"ListItem","position":1,"name":"In\u00edcio","item":"https:\/\/sulsc.com\/"},{"@type":"ListItem","position":2,"name":"Opera\u00e7\u00e3o Independ\u00eancia 2023: PRF registra redu\u00e7\u00e3o de 70% no n\u00famero de mortes"}]},{"@type":"WebSite","@id":"https:\/\/sulsc.com\/#website","url":"https:\/\/sulsc.com\/","name":"","description":"","potentialAction":[{"@type":"SearchAction","target":{"@type":"EntryPoint","urlTemplate":"https:\/\/sulsc.com\/?s={search_term_string}"},"query-input":"required name=search_term_string"}],"inLanguage":"en-US"},{"@type":"Person","@id":"https:\/\/sulsc.com\/#\/schema\/person\/84d2fc571684f6248ba83092f07750a3","name":"Reda\u00e7\u00e3o Sul SC","image":{"@type":"ImageObject","inLanguage":"en-US","@id":"https:\/\/sulsc.com\/#\/schema\/person\/image\/e08d7fe2cc4ed596372063bbe852b8d0","url":"https:\/\/sulsc.com\/wp-content\/uploads\/2023\/09\/redacao.png","contentUrl":"https:\/\/sulsc.com\/wp-content\/uploads\/2023\/09\/redacao.png","caption":"Reda\u00e7\u00e3o Sul SC"},"description":"Foco em um jornalismo imparcial, voltado \u00e0 qualidade dos seus conte\u00fados e, assim, levar informa\u00e7\u00e3o de valor que agregue \u00e0 vida dos leitores. Esta \u00e9 grande miss\u00e3o do Portal de Not\u00edcias Sul SC. N\u00e3o \u00e9 quantidade que muda o mundo, sempre foi e seguir\u00e1 sendo qualidade!","sameAs":["https:\/\/sulsc.com\/","https:\/\/www.facebook.com\/profile.php?id=61559278119680","https:\/\/www.instagram.com\/sulscportal\/?hl=pt-br","https:\/\/twitter.com\/https:\/\/twitter.com\/PortalSulSC","https:\/\/www.youtube.com\/channel\/UCv_BE8GeySluDov2n8qhVmw"],"url":"https:\/\/sulsc.com\/index.php\/author\/redacao\/"}]}},"authors":[],"_links":{"self":[{"href":"https:\/\/sulsc.com\/index.php\/wp-json\/wp\/v2\/posts\/949"}],"collection":[{"href":"https:\/\/sulsc.com\/index.php\/wp-json\/wp\/v2\/posts"}],"about":[{"href":"https:\/\/sulsc.com\/index.php\/wp-json\/wp\/v2\/types\/post"}],"author":[{"embeddable":true,"href":"https:\/\/sulsc.com\/index.php\/wp-json\/wp\/v2\/users\/3"}],"replies":[{"embeddable":true,"href":"https:\/\/sulsc.com\/index.php\/wp-json\/wp\/v2\/comments?post=949"}],"version-history":[{"count":3,"href":"https:\/\/sulsc.com\/index.php\/wp-json\/wp\/v2\/posts\/949\/revisions"}],"predecessor-version":[{"id":954,"href":"https:\/\/sulsc.com\/index.php\/wp-json\/wp\/v2\/posts\/949\/revisions\/954"}],"wp:featuredmedia":[{"embeddable":true,"href":"https:\/\/sulsc.com\/index.php\/wp-json\/wp\/v2\/media\/950"}],"wp:attachment":[{"href":"https:\/\/sulsc.com\/index.php\/wp-json\/wp\/v2\/media?parent=949"}],"wp:term":[{"taxonomy":"category","embeddable":true,"href":"https:\/\/sulsc.com\/index.php\/wp-json\/wp\/v2\/categories?post=949"},{"taxonomy":"post_tag","embeddable":true,"href":"https:\/\/sulsc.com\/index.php\/wp-json\/wp\/v2\/tags?post=949"}],"curies":[{"name":"wp","href":"https:\/\/api.w.org\/{rel}","templated":true}]}}