{"id":9521,"date":"2024-03-02T13:37:44","date_gmt":"2024-03-02T16:37:44","guid":{"rendered":"https:\/\/sulsc.com\/?p=9521"},"modified":"2024-03-02T13:39:50","modified_gmt":"2024-03-02T16:39:50","slug":"6-pontos-estao-improprios-para-banho-no-sul-de-sc","status":"publish","type":"post","link":"https:\/\/sulsc.com\/index.php\/2024\/03\/02\/6-pontos-estao-improprios-para-banho-no-sul-de-sc\/","title":{"rendered":"6 pontos est\u00e3o impr\u00f3prios para banho no Sul de SC"},"content":{"rendered":"<p><img fetchpriority=\"high\" decoding=\"async\" class=\"aligncenter size-full wp-image-9522\" src=\"http:\/\/sulsc.com\/wp-content\/uploads\/2024\/03\/1-3.jpg\" alt=\"\" width=\"1351\" height=\"900\" srcset=\"https:\/\/sulsc.com\/wp-content\/uploads\/2024\/03\/1-3.jpg 1351w, https:\/\/sulsc.com\/wp-content\/uploads\/2024\/03\/1-3-300x200.jpg 300w, https:\/\/sulsc.com\/wp-content\/uploads\/2024\/03\/1-3-1024x682.jpg 1024w, https:\/\/sulsc.com\/wp-content\/uploads\/2024\/03\/1-3-768x512.jpg 768w\" sizes=\"(max-width: 1351px) 100vw, 1351px\" \/><\/p>\n<p><strong>Arroio do Silva, Gaivota, Rinc\u00e3o, Laguna <\/strong>e<strong> Passo de Torres<\/strong>. Esses s\u00e3o os munic\u00edpios que n\u00e3o t\u00eam, t\u00eam pouco ou tratam mal o seu esgoto, pois apresentam pontos impr\u00f3prios para banho (coliformes fecais), de acordo com o Instituto do Meio Ambiente de Santa Catarina (IMA), que divulgou o relat\u00f3rio de balneabilidade com as informa\u00e7\u00f5es consolidadas dos resultados das coletas realizadas na semana de 26 de fevereiro a 1\u00ba de mar\u00e7o de 2024.<\/p>\n<p>Conforme com as amostras coletadas, dos 238 pontos monitorados pelo Instituto no litoral catarinense, 170 est\u00e3o pr\u00f3prios para banho, o que representa 71,43%. Em Florian\u00f3polis, dos 87 pontos, 66 est\u00e3o adequados para banho, o que equivale a 75,86%.<\/p>\n<p>No site, as informa\u00e7\u00f5es s\u00e3o atualizadas automaticamente e todo cidad\u00e3o pode acompanhar durante a semana os relat\u00f3rios emitidos, bem como o resultado mais recente da situa\u00e7\u00e3o de cada ponto. Basta clicar nas bandeirinhas que aparecem no mapa ou conferir o menu &#8216;hist\u00f3rico&#8217;.<\/p>\n<p><strong>Metodologia e legisla\u00e7\u00e3o<\/strong><br \/>\nO IMA possui todos os materiais e mecanismos considerados suficientes e adequados para a execu\u00e7\u00e3o do Programa de Monitoramento da Balneabilidade no estado, o segundo maior do Brasil, com 238 pontos monitorados e vigente desde o ano de 1976. Os materiais utilizados s\u00e3o aqueles definidos pelo m\u00e9todo 9223b do Standard Methods for the Examination of Water and Wastewater, 23\u00aa edi\u00e7\u00e3o, cuja fabrica\u00e7\u00e3o e distribui\u00e7\u00e3o s\u00e3o realizadas por uma empresa com representante no Brasil.<\/p>\n<p>Quanto ao denominado mecanismo de coleta, o IMA segue os padr\u00f5es estabelecidos pelo Guia de Coleta e Preserva\u00e7\u00e3o de Amostras da Ag\u00eancia Nacional de \u00c1guas (ANA) e Companhia Ambiental do Estado de S\u00e3o Paulo (Cetesb). As amostras s\u00e3o analisadas pelo m\u00e9todo fluorog\u00eanico tendo como substrato o Colilert-18, conforme diretrizes do Standard Methods for the Examination of Water and Wastewater, 23\u00aa edi\u00e7\u00e3o, M\u00e9todo 9223 B, que consiste na quantifica\u00e7\u00e3o dos coliformes totais e Escherichia coli.<\/p>\n<p>Conforme a Resolu\u00e7\u00e3o Conama n\u00ba 274, de 29 de novembro de 2000, o ponto \u00e9 considerado pr\u00f3prio quando, em 80% ou mais de um conjunto de amostras coletadas nas \u00faltimas 5 semanas anteriores, no mesmo local, houver no m\u00e1ximo 800 Escherichia coli por 100 mililitros. O ponto \u00e9 considerado impr\u00f3prio quando, em mais de 20% de um conjunto de amostras coletadas nas \u00faltimas cinco semanas anteriores, no mesmo local, for superior a 800 Escherichia coli por 100 mililitros ou quando, na \u00faltima coleta, o resultado for superior a 2000 Escherichia coli por 100 mililitros.<\/p>\n<p><strong>Aten\u00e7\u00e3o aos banhistas<\/strong><br \/>\nN\u00e3o \u00e9 recomendado o banho de mar nas primeiras 24\/48 horas ap\u00f3s a ocorr\u00eancia de chuvas de maior intensidade, bem como nas proximidades de sa\u00edda de canais ou galerias de \u00e1guas pluviais, pois as chuvas podem arrastar material contaminado, o que pode deteriorar a qualidade das \u00e1guas para banho.<\/p>\n<p><strong>Divulga\u00e7\u00e3o<\/strong><br \/>\nO Programa de Monitoramento de Balneabilidade do IMA segue um cronograma pr\u00e9vio de coletas, provendo transpar\u00eancia e publicidade ao processo. Desta forma, todo cidad\u00e3o pode acompanhar quando haver\u00e1 a coleta em determinado ponto. \u00c0 medida que as an\u00e1lises v\u00e3o sendo conclu\u00eddas pelo laborat\u00f3rio do IMA, o resultado do ponto \u00e9 atualizado automaticamente e pode ser conferido no mapa do site e no aplicativo Praia Segura do Corpo de Bombeiros Militar de Santa Catarina (CBMSC).<\/p>\n<p>Para acompanhar os resultados das coletas, basta clicar nas bandeirinhas do ponto de interesse e conferir no mapa do site o status da propriedade da praia e a data da \u00faltima coleta realizada no local. O site tamb\u00e9m possui o menu hist\u00f3rico, um espa\u00e7o de pesquisa onde \u00e9 poss\u00edvel acessar datas, hor\u00e1rios, condi\u00e7\u00f5es do vento, mar\u00e9, entre outras informa\u00e7\u00f5es que s\u00e3o registradas no momento da coleta e os resultados da condi\u00e7\u00e3o pr\u00f3pria ou impr\u00f3pria de cada ponto amostrado.<\/p>\n<p>De novembro a mar\u00e7o, o IMA realiza o monitoramento da balneabilidade das praias catarinenses semanalmente, e \u00e0s sextas-feiras, divulga um release com o balan\u00e7o da semana. J\u00e1 entre os meses de abril e outubro, a pesquisa e a divulga\u00e7\u00e3o s\u00e3o mensais.<\/p>\n<p><strong>Veja o relat\u00f3rio completo:<\/strong><br \/>\n<a href=\"http:\/\/sulsc.com\/wp-content\/uploads\/2024\/03\/relatorio_n27-2024.pdf\">relatorio_n27-2024<\/a><\/p>\n","protected":false},"excerpt":{"rendered":"<p>Arroio do Silva, Gaivota, Rinc\u00e3o, Laguna e Passo de Torres. Esses s\u00e3o os munic\u00edpios que n\u00e3o t\u00eam, t\u00eam pouco ou tratam mal o seu esgoto, pois apresentam pontos impr\u00f3prios para banho (coliformes fecais), de acordo com o Instituto do Meio Ambiente de Santa Catarina (IMA), que divulgou o relat\u00f3rio de balneabilidade com as informa\u00e7\u00f5es consolidadas &hellip;<\/p>\n<p class=\"read-more\"> <a class=\"\" href=\"https:\/\/sulsc.com\/index.php\/2024\/03\/02\/6-pontos-estao-improprios-para-banho-no-sul-de-sc\/\"> <span class=\"screen-reader-text\">6 pontos est\u00e3o impr\u00f3prios para banho no Sul de SC<\/span> Read More &raquo;<\/a><\/p>\n","protected":false},"author":3,"featured_media":9522,"comment_status":"open","ping_status":"open","sticky":false,"template":"","format":"standard","meta":{"site-sidebar-layout":"default","site-content-layout":"","ast-site-content-layout":"default","site-content-style":"default","site-sidebar-style":"default","ast-global-header-display":"","ast-banner-title-visibility":"","ast-main-header-display":"","ast-hfb-above-header-display":"","ast-hfb-below-header-display":"","ast-hfb-mobile-header-display":"","site-post-title":"","ast-breadcrumbs-content":"","ast-featured-img":"","footer-sml-layout":"","theme-transparent-header-meta":"default","adv-header-id-meta":"","stick-header-meta":"","header-above-stick-meta":"","header-main-stick-meta":"","header-below-stick-meta":"","astra-migrate-meta-layouts":"set","footnotes":""},"categories":[17],"tags":[],"yoast_head":"<!-- This site is optimized with the Yoast SEO plugin v21.4 - https:\/\/yoast.com\/wordpress\/plugins\/seo\/ -->\n<title>6 pontos est\u00e3o impr\u00f3prios para banho no Sul de SC -<\/title>\n<meta name=\"description\" content=\"Os coliformes totais e Escherichia coli provocam uma s\u00e9rie doen\u00e7as se algu\u00e9m nadar em \u00e1guas polu\u00eddas\" \/>\n<meta name=\"robots\" content=\"index, follow, max-snippet:-1, max-image-preview:large, max-video-preview:-1\" \/>\n<link rel=\"canonical\" href=\"https:\/\/sulsc.com\/index.php\/2024\/03\/02\/6-pontos-estao-improprios-para-banho-no-sul-de-sc\/\" \/>\n<meta property=\"og:locale\" content=\"en_US\" \/>\n<meta property=\"og:type\" content=\"article\" \/>\n<meta property=\"og:title\" content=\"6 pontos est\u00e3o impr\u00f3prios para banho no Sul de SC -\" \/>\n<meta property=\"og:description\" content=\"Os coliformes totais e Escherichia coli provocam uma s\u00e9rie doen\u00e7as se algu\u00e9m nadar em \u00e1guas polu\u00eddas\" \/>\n<meta property=\"og:url\" content=\"https:\/\/sulsc.com\/index.php\/2024\/03\/02\/6-pontos-estao-improprios-para-banho-no-sul-de-sc\/\" \/>\n<meta property=\"article:author\" content=\"https:\/\/www.facebook.com\/profile.php?id=61559278119680\" \/>\n<meta property=\"article:published_time\" content=\"2024-03-02T16:37:44+00:00\" \/>\n<meta property=\"article:modified_time\" content=\"2024-03-02T16:39:50+00:00\" \/>\n<meta property=\"og:image\" content=\"http:\/\/sulsc.com\/wp-content\/uploads\/2024\/03\/1-3.jpg\" \/>\n\t<meta property=\"og:image:width\" content=\"1351\" \/>\n\t<meta property=\"og:image:height\" content=\"900\" \/>\n\t<meta property=\"og:image:type\" content=\"image\/jpeg\" \/>\n<meta name=\"author\" content=\"Reda\u00e7\u00e3o Sul SC\" \/>\n<meta name=\"twitter:card\" content=\"summary_large_image\" \/>\n<meta name=\"twitter:creator\" content=\"@https:\/\/twitter.com\/PortalSulSC\" \/>\n<meta name=\"twitter:label1\" content=\"Written by\" \/>\n\t<meta name=\"twitter:data1\" content=\"Reda\u00e7\u00e3o Sul SC\" \/>\n\t<meta name=\"twitter:label2\" content=\"Est. reading time\" \/>\n\t<meta name=\"twitter:data2\" content=\"4 minutes\" \/>\n<script type=\"application\/ld+json\" class=\"yoast-schema-graph\">{\"@context\":\"https:\/\/schema.org\",\"@graph\":[{\"@type\":\"WebPage\",\"@id\":\"https:\/\/sulsc.com\/index.php\/2024\/03\/02\/6-pontos-estao-improprios-para-banho-no-sul-de-sc\/\",\"url\":\"https:\/\/sulsc.com\/index.php\/2024\/03\/02\/6-pontos-estao-improprios-para-banho-no-sul-de-sc\/\",\"name\":\"6 pontos est\u00e3o impr\u00f3prios para banho no Sul de SC -\",\"isPartOf\":{\"@id\":\"https:\/\/sulsc.com\/#website\"},\"datePublished\":\"2024-03-02T16:37:44+00:00\",\"dateModified\":\"2024-03-02T16:39:50+00:00\",\"author\":{\"@id\":\"https:\/\/sulsc.com\/#\/schema\/person\/84d2fc571684f6248ba83092f07750a3\"},\"description\":\"Os coliformes totais e Escherichia coli provocam uma s\u00e9rie doen\u00e7as se algu\u00e9m nadar em \u00e1guas polu\u00eddas\",\"breadcrumb\":{\"@id\":\"https:\/\/sulsc.com\/index.php\/2024\/03\/02\/6-pontos-estao-improprios-para-banho-no-sul-de-sc\/#breadcrumb\"},\"inLanguage\":\"en-US\",\"potentialAction\":[{\"@type\":\"ReadAction\",\"target\":[\"https:\/\/sulsc.com\/index.php\/2024\/03\/02\/6-pontos-estao-improprios-para-banho-no-sul-de-sc\/\"]}]},{\"@type\":\"BreadcrumbList\",\"@id\":\"https:\/\/sulsc.com\/index.php\/2024\/03\/02\/6-pontos-estao-improprios-para-banho-no-sul-de-sc\/#breadcrumb\",\"itemListElement\":[{\"@type\":\"ListItem\",\"position\":1,\"name\":\"In\u00edcio\",\"item\":\"https:\/\/sulsc.com\/\"},{\"@type\":\"ListItem\",\"position\":2,\"name\":\"6 pontos est\u00e3o impr\u00f3prios para banho no Sul de SC\"}]},{\"@type\":\"WebSite\",\"@id\":\"https:\/\/sulsc.com\/#website\",\"url\":\"https:\/\/sulsc.com\/\",\"name\":\"\",\"description\":\"\",\"potentialAction\":[{\"@type\":\"SearchAction\",\"target\":{\"@type\":\"EntryPoint\",\"urlTemplate\":\"https:\/\/sulsc.com\/?s={search_term_string}\"},\"query-input\":\"required name=search_term_string\"}],\"inLanguage\":\"en-US\"},{\"@type\":\"Person\",\"@id\":\"https:\/\/sulsc.com\/#\/schema\/person\/84d2fc571684f6248ba83092f07750a3\",\"name\":\"Reda\u00e7\u00e3o Sul SC\",\"image\":{\"@type\":\"ImageObject\",\"inLanguage\":\"en-US\",\"@id\":\"https:\/\/sulsc.com\/#\/schema\/person\/image\/e08d7fe2cc4ed596372063bbe852b8d0\",\"url\":\"https:\/\/sulsc.com\/wp-content\/uploads\/2023\/09\/redacao.png\",\"contentUrl\":\"https:\/\/sulsc.com\/wp-content\/uploads\/2023\/09\/redacao.png\",\"caption\":\"Reda\u00e7\u00e3o Sul SC\"},\"description\":\"Foco em um jornalismo imparcial, voltado \u00e0 qualidade dos seus conte\u00fados e, assim, levar informa\u00e7\u00e3o de valor que agregue \u00e0 vida dos leitores. Esta \u00e9 grande miss\u00e3o do Portal de Not\u00edcias Sul SC. N\u00e3o \u00e9 quantidade que muda o mundo, sempre foi e seguir\u00e1 sendo qualidade!\",\"sameAs\":[\"https:\/\/sulsc.com\/\",\"https:\/\/www.facebook.com\/profile.php?id=61559278119680\",\"https:\/\/www.instagram.com\/sulscportal\/?hl=pt-br\",\"https:\/\/twitter.com\/https:\/\/twitter.com\/PortalSulSC\",\"https:\/\/www.youtube.com\/channel\/UCv_BE8GeySluDov2n8qhVmw\"],\"url\":\"https:\/\/sulsc.com\/index.php\/author\/redacao\/\"}]}<\/script>\n<!-- \/ Yoast SEO plugin. -->","yoast_head_json":{"title":"6 pontos est\u00e3o impr\u00f3prios para banho no Sul de SC -","description":"Os coliformes totais e Escherichia coli provocam uma s\u00e9rie doen\u00e7as se algu\u00e9m nadar em \u00e1guas polu\u00eddas","robots":{"index":"index","follow":"follow","max-snippet":"max-snippet:-1","max-image-preview":"max-image-preview:large","max-video-preview":"max-video-preview:-1"},"canonical":"https:\/\/sulsc.com\/index.php\/2024\/03\/02\/6-pontos-estao-improprios-para-banho-no-sul-de-sc\/","og_locale":"en_US","og_type":"article","og_title":"6 pontos est\u00e3o impr\u00f3prios para banho no Sul de SC -","og_description":"Os coliformes totais e Escherichia coli provocam uma s\u00e9rie doen\u00e7as se algu\u00e9m nadar em \u00e1guas polu\u00eddas","og_url":"https:\/\/sulsc.com\/index.php\/2024\/03\/02\/6-pontos-estao-improprios-para-banho-no-sul-de-sc\/","article_author":"https:\/\/www.facebook.com\/profile.php?id=61559278119680","article_published_time":"2024-03-02T16:37:44+00:00","article_modified_time":"2024-03-02T16:39:50+00:00","og_image":[{"width":1351,"height":900,"url":"http:\/\/sulsc.com\/wp-content\/uploads\/2024\/03\/1-3.jpg","type":"image\/jpeg"}],"author":"Reda\u00e7\u00e3o Sul SC","twitter_card":"summary_large_image","twitter_creator":"@https:\/\/twitter.com\/PortalSulSC","twitter_misc":{"Written by":"Reda\u00e7\u00e3o Sul SC","Est. reading time":"4 minutes"},"schema":{"@context":"https:\/\/schema.org","@graph":[{"@type":"WebPage","@id":"https:\/\/sulsc.com\/index.php\/2024\/03\/02\/6-pontos-estao-improprios-para-banho-no-sul-de-sc\/","url":"https:\/\/sulsc.com\/index.php\/2024\/03\/02\/6-pontos-estao-improprios-para-banho-no-sul-de-sc\/","name":"6 pontos est\u00e3o impr\u00f3prios para banho no Sul de SC -","isPartOf":{"@id":"https:\/\/sulsc.com\/#website"},"datePublished":"2024-03-02T16:37:44+00:00","dateModified":"2024-03-02T16:39:50+00:00","author":{"@id":"https:\/\/sulsc.com\/#\/schema\/person\/84d2fc571684f6248ba83092f07750a3"},"description":"Os coliformes totais e Escherichia coli provocam uma s\u00e9rie doen\u00e7as se algu\u00e9m nadar em \u00e1guas polu\u00eddas","breadcrumb":{"@id":"https:\/\/sulsc.com\/index.php\/2024\/03\/02\/6-pontos-estao-improprios-para-banho-no-sul-de-sc\/#breadcrumb"},"inLanguage":"en-US","potentialAction":[{"@type":"ReadAction","target":["https:\/\/sulsc.com\/index.php\/2024\/03\/02\/6-pontos-estao-improprios-para-banho-no-sul-de-sc\/"]}]},{"@type":"BreadcrumbList","@id":"https:\/\/sulsc.com\/index.php\/2024\/03\/02\/6-pontos-estao-improprios-para-banho-no-sul-de-sc\/#breadcrumb","itemListElement":[{"@type":"ListItem","position":1,"name":"In\u00edcio","item":"https:\/\/sulsc.com\/"},{"@type":"ListItem","position":2,"name":"6 pontos est\u00e3o impr\u00f3prios para banho no Sul de SC"}]},{"@type":"WebSite","@id":"https:\/\/sulsc.com\/#website","url":"https:\/\/sulsc.com\/","name":"","description":"","potentialAction":[{"@type":"SearchAction","target":{"@type":"EntryPoint","urlTemplate":"https:\/\/sulsc.com\/?s={search_term_string}"},"query-input":"required name=search_term_string"}],"inLanguage":"en-US"},{"@type":"Person","@id":"https:\/\/sulsc.com\/#\/schema\/person\/84d2fc571684f6248ba83092f07750a3","name":"Reda\u00e7\u00e3o Sul SC","image":{"@type":"ImageObject","inLanguage":"en-US","@id":"https:\/\/sulsc.com\/#\/schema\/person\/image\/e08d7fe2cc4ed596372063bbe852b8d0","url":"https:\/\/sulsc.com\/wp-content\/uploads\/2023\/09\/redacao.png","contentUrl":"https:\/\/sulsc.com\/wp-content\/uploads\/2023\/09\/redacao.png","caption":"Reda\u00e7\u00e3o Sul SC"},"description":"Foco em um jornalismo imparcial, voltado \u00e0 qualidade dos seus conte\u00fados e, assim, levar informa\u00e7\u00e3o de valor que agregue \u00e0 vida dos leitores. Esta \u00e9 grande miss\u00e3o do Portal de Not\u00edcias Sul SC. N\u00e3o \u00e9 quantidade que muda o mundo, sempre foi e seguir\u00e1 sendo qualidade!","sameAs":["https:\/\/sulsc.com\/","https:\/\/www.facebook.com\/profile.php?id=61559278119680","https:\/\/www.instagram.com\/sulscportal\/?hl=pt-br","https:\/\/twitter.com\/https:\/\/twitter.com\/PortalSulSC","https:\/\/www.youtube.com\/channel\/UCv_BE8GeySluDov2n8qhVmw"],"url":"https:\/\/sulsc.com\/index.php\/author\/redacao\/"}]}},"authors":[],"_links":{"self":[{"href":"https:\/\/sulsc.com\/index.php\/wp-json\/wp\/v2\/posts\/9521"}],"collection":[{"href":"https:\/\/sulsc.com\/index.php\/wp-json\/wp\/v2\/posts"}],"about":[{"href":"https:\/\/sulsc.com\/index.php\/wp-json\/wp\/v2\/types\/post"}],"author":[{"embeddable":true,"href":"https:\/\/sulsc.com\/index.php\/wp-json\/wp\/v2\/users\/3"}],"replies":[{"embeddable":true,"href":"https:\/\/sulsc.com\/index.php\/wp-json\/wp\/v2\/comments?post=9521"}],"version-history":[{"count":3,"href":"https:\/\/sulsc.com\/index.php\/wp-json\/wp\/v2\/posts\/9521\/revisions"}],"predecessor-version":[{"id":9526,"href":"https:\/\/sulsc.com\/index.php\/wp-json\/wp\/v2\/posts\/9521\/revisions\/9526"}],"wp:featuredmedia":[{"embeddable":true,"href":"https:\/\/sulsc.com\/index.php\/wp-json\/wp\/v2\/media\/9522"}],"wp:attachment":[{"href":"https:\/\/sulsc.com\/index.php\/wp-json\/wp\/v2\/media?parent=9521"}],"wp:term":[{"taxonomy":"category","embeddable":true,"href":"https:\/\/sulsc.com\/index.php\/wp-json\/wp\/v2\/categories?post=9521"},{"taxonomy":"post_tag","embeddable":true,"href":"https:\/\/sulsc.com\/index.php\/wp-json\/wp\/v2\/tags?post=9521"}],"curies":[{"name":"wp","href":"https:\/\/api.w.org\/{rel}","templated":true}]}}