{"id":955,"date":"2023-09-11T15:20:15","date_gmt":"2023-09-11T18:20:15","guid":{"rendered":"https:\/\/sulsc.com\/?p=955"},"modified":"2023-09-11T13:50:11","modified_gmt":"2023-09-11T16:50:11","slug":"apos-manutencao-fonte-da-carioca-volta-a-funcionar","status":"publish","type":"post","link":"https:\/\/sulsc.com\/index.php\/2023\/09\/11\/apos-manutencao-fonte-da-carioca-volta-a-funcionar\/","title":{"rendered":"Ap\u00f3s manuten\u00e7\u00e3o, Fonte da Carioca volta a funcionar"},"content":{"rendered":"<p>A Fonte da Carioca voltou funcionar neste domingo (10), em Laguna. Equipes da Funda\u00e7\u00e3o Irm\u00e3 Vera (FIV) realizou os reparos necess\u00e1rios no sistema de bombeamento da \u00e1gua subterr\u00e2nea.<\/p>\n<p>A informa\u00e7\u00e3o \u00e9 de que o trabalho foi realizado at\u00e9 as torneiras na parte externa da Fonte da Carioca. A manuten\u00e7\u00e3o foi finalizada na manh\u00e3 deste domingo. Com isso, a fonte foi ativada novamente.<\/p>\n<p>A Fonte da Carioca fica localizada na Pra\u00e7a Lauro M\u00fcller, no Centro Hist\u00f3rico. \u00c9 um dos pontos mais visitados ao longo da semana na cidade.<\/p>\n<p><img fetchpriority=\"high\" decoding=\"async\" class=\"alignnone size-medium wp-image-956\" src=\"http:\/\/sulsc.com\/wp-content\/uploads\/2023\/09\/fonte-da-carioca-2-300x225.jpg\" alt=\"\" width=\"300\" height=\"225\" srcset=\"https:\/\/sulsc.com\/wp-content\/uploads\/2023\/09\/fonte-da-carioca-2-300x225.jpg 300w, https:\/\/sulsc.com\/wp-content\/uploads\/2023\/09\/fonte-da-carioca-2-1024x768.jpg 1024w, https:\/\/sulsc.com\/wp-content\/uploads\/2023\/09\/fonte-da-carioca-2-768x576.jpg 768w, https:\/\/sulsc.com\/wp-content\/uploads\/2023\/09\/fonte-da-carioca-2.jpg 1200w\" sizes=\"(max-width: 300px) 100vw, 300px\" \/><\/p>\n<p>Fonte: Pref. de Laguna<\/p>\n","protected":false},"excerpt":{"rendered":"<p>A Fonte da Carioca voltou funcionar neste domingo (10), em Laguna. Equipes da Funda\u00e7\u00e3o Irm\u00e3 Vera (FIV) realizou os reparos necess\u00e1rios no sistema de bombeamento da \u00e1gua subterr\u00e2nea. A informa\u00e7\u00e3o \u00e9 de que o trabalho foi realizado at\u00e9 as torneiras na parte externa da Fonte da Carioca. A manuten\u00e7\u00e3o foi finalizada na manh\u00e3 deste domingo. &hellip;<\/p>\n<p class=\"read-more\"> <a class=\"\" href=\"https:\/\/sulsc.com\/index.php\/2023\/09\/11\/apos-manutencao-fonte-da-carioca-volta-a-funcionar\/\"> <span class=\"screen-reader-text\">Ap\u00f3s manuten\u00e7\u00e3o, Fonte da Carioca volta a funcionar<\/span> Read More &raquo;<\/a><\/p>\n","protected":false},"author":3,"featured_media":959,"comment_status":"open","ping_status":"open","sticky":false,"template":"","format":"standard","meta":{"site-sidebar-layout":"default","site-content-layout":"default","ast-site-content-layout":"","site-content-style":"default","site-sidebar-style":"default","ast-global-header-display":"","ast-banner-title-visibility":"","ast-main-header-display":"","ast-hfb-above-header-display":"","ast-hfb-below-header-display":"","ast-hfb-mobile-header-display":"","site-post-title":"","ast-breadcrumbs-content":"","ast-featured-img":"","footer-sml-layout":"","theme-transparent-header-meta":"default","adv-header-id-meta":"","stick-header-meta":"","header-above-stick-meta":"","header-main-stick-meta":"","header-below-stick-meta":"","astra-migrate-meta-layouts":"","footnotes":""},"categories":[18,1,22],"tags":[],"yoast_head":"<!-- This site is optimized with the Yoast SEO plugin v21.4 - https:\/\/yoast.com\/wordpress\/plugins\/seo\/ -->\n<title>Ap\u00f3s manuten\u00e7\u00e3o, Fonte da Carioca volta a funcionar -<\/title>\n<meta name=\"robots\" content=\"index, follow, max-snippet:-1, max-image-preview:large, max-video-preview:-1\" \/>\n<link rel=\"canonical\" href=\"https:\/\/sulsc.com\/index.php\/2023\/09\/11\/apos-manutencao-fonte-da-carioca-volta-a-funcionar\/\" \/>\n<meta property=\"og:locale\" content=\"en_US\" \/>\n<meta property=\"og:type\" content=\"article\" \/>\n<meta property=\"og:title\" content=\"Ap\u00f3s manuten\u00e7\u00e3o, Fonte da Carioca volta a funcionar -\" \/>\n<meta property=\"og:description\" content=\"A Fonte da Carioca voltou funcionar neste domingo (10), em Laguna. Equipes da Funda\u00e7\u00e3o Irm\u00e3 Vera (FIV) realizou os reparos necess\u00e1rios no sistema de bombeamento da \u00e1gua subterr\u00e2nea. A informa\u00e7\u00e3o \u00e9 de que o trabalho foi realizado at\u00e9 as torneiras na parte externa da Fonte da Carioca. A manuten\u00e7\u00e3o foi finalizada na manh\u00e3 deste domingo. &hellip; Ap\u00f3s manuten\u00e7\u00e3o, Fonte da Carioca volta a funcionar Read More &raquo;\" \/>\n<meta property=\"og:url\" content=\"https:\/\/sulsc.com\/index.php\/2023\/09\/11\/apos-manutencao-fonte-da-carioca-volta-a-funcionar\/\" \/>\n<meta property=\"article:author\" content=\"https:\/\/www.facebook.com\/profile.php?id=61559278119680\" \/>\n<meta property=\"article:published_time\" content=\"2023-09-11T18:20:15+00:00\" \/>\n<meta property=\"article:modified_time\" content=\"2023-09-11T16:50:11+00:00\" \/>\n<meta property=\"og:image\" content=\"https:\/\/sulsc.com\/wp-content\/uploads\/2023\/09\/fonte-da-carioca-1-scaled-2.jpg\" \/>\n\t<meta property=\"og:image:width\" content=\"2560\" \/>\n\t<meta property=\"og:image:height\" content=\"1920\" \/>\n\t<meta property=\"og:image:type\" content=\"image\/jpeg\" \/>\n<meta name=\"author\" content=\"Reda\u00e7\u00e3o Sul SC\" \/>\n<meta name=\"twitter:card\" content=\"summary_large_image\" \/>\n<meta name=\"twitter:creator\" content=\"@https:\/\/twitter.com\/PortalSulSC\" \/>\n<meta name=\"twitter:label1\" content=\"Written by\" \/>\n\t<meta name=\"twitter:data1\" content=\"Reda\u00e7\u00e3o Sul SC\" \/>\n<script type=\"application\/ld+json\" class=\"yoast-schema-graph\">{\"@context\":\"https:\/\/schema.org\",\"@graph\":[{\"@type\":\"WebPage\",\"@id\":\"https:\/\/sulsc.com\/index.php\/2023\/09\/11\/apos-manutencao-fonte-da-carioca-volta-a-funcionar\/\",\"url\":\"https:\/\/sulsc.com\/index.php\/2023\/09\/11\/apos-manutencao-fonte-da-carioca-volta-a-funcionar\/\",\"name\":\"Ap\u00f3s manuten\u00e7\u00e3o, Fonte da Carioca volta a funcionar -\",\"isPartOf\":{\"@id\":\"https:\/\/sulsc.com\/#website\"},\"datePublished\":\"2023-09-11T18:20:15+00:00\",\"dateModified\":\"2023-09-11T16:50:11+00:00\",\"author\":{\"@id\":\"https:\/\/sulsc.com\/#\/schema\/person\/84d2fc571684f6248ba83092f07750a3\"},\"breadcrumb\":{\"@id\":\"https:\/\/sulsc.com\/index.php\/2023\/09\/11\/apos-manutencao-fonte-da-carioca-volta-a-funcionar\/#breadcrumb\"},\"inLanguage\":\"en-US\",\"potentialAction\":[{\"@type\":\"ReadAction\",\"target\":[\"https:\/\/sulsc.com\/index.php\/2023\/09\/11\/apos-manutencao-fonte-da-carioca-volta-a-funcionar\/\"]}]},{\"@type\":\"BreadcrumbList\",\"@id\":\"https:\/\/sulsc.com\/index.php\/2023\/09\/11\/apos-manutencao-fonte-da-carioca-volta-a-funcionar\/#breadcrumb\",\"itemListElement\":[{\"@type\":\"ListItem\",\"position\":1,\"name\":\"In\u00edcio\",\"item\":\"https:\/\/sulsc.com\/\"},{\"@type\":\"ListItem\",\"position\":2,\"name\":\"Ap\u00f3s manuten\u00e7\u00e3o, Fonte da Carioca volta a funcionar\"}]},{\"@type\":\"WebSite\",\"@id\":\"https:\/\/sulsc.com\/#website\",\"url\":\"https:\/\/sulsc.com\/\",\"name\":\"\",\"description\":\"\",\"potentialAction\":[{\"@type\":\"SearchAction\",\"target\":{\"@type\":\"EntryPoint\",\"urlTemplate\":\"https:\/\/sulsc.com\/?s={search_term_string}\"},\"query-input\":\"required name=search_term_string\"}],\"inLanguage\":\"en-US\"},{\"@type\":\"Person\",\"@id\":\"https:\/\/sulsc.com\/#\/schema\/person\/84d2fc571684f6248ba83092f07750a3\",\"name\":\"Reda\u00e7\u00e3o Sul SC\",\"image\":{\"@type\":\"ImageObject\",\"inLanguage\":\"en-US\",\"@id\":\"https:\/\/sulsc.com\/#\/schema\/person\/image\/e08d7fe2cc4ed596372063bbe852b8d0\",\"url\":\"https:\/\/sulsc.com\/wp-content\/uploads\/2023\/09\/redacao.png\",\"contentUrl\":\"https:\/\/sulsc.com\/wp-content\/uploads\/2023\/09\/redacao.png\",\"caption\":\"Reda\u00e7\u00e3o Sul SC\"},\"description\":\"Foco em um jornalismo imparcial, voltado \u00e0 qualidade dos seus conte\u00fados e, assim, levar informa\u00e7\u00e3o de valor que agregue \u00e0 vida dos leitores. Esta \u00e9 grande miss\u00e3o do Portal de Not\u00edcias Sul SC. N\u00e3o \u00e9 quantidade que muda o mundo, sempre foi e seguir\u00e1 sendo qualidade!\",\"sameAs\":[\"https:\/\/sulsc.com\/\",\"https:\/\/www.facebook.com\/profile.php?id=61559278119680\",\"https:\/\/www.instagram.com\/sulscportal\/?hl=pt-br\",\"https:\/\/twitter.com\/https:\/\/twitter.com\/PortalSulSC\",\"https:\/\/www.youtube.com\/channel\/UCv_BE8GeySluDov2n8qhVmw\"],\"url\":\"https:\/\/sulsc.com\/index.php\/author\/redacao\/\"}]}<\/script>\n<!-- \/ Yoast SEO plugin. -->","yoast_head_json":{"title":"Ap\u00f3s manuten\u00e7\u00e3o, Fonte da Carioca volta a funcionar -","robots":{"index":"index","follow":"follow","max-snippet":"max-snippet:-1","max-image-preview":"max-image-preview:large","max-video-preview":"max-video-preview:-1"},"canonical":"https:\/\/sulsc.com\/index.php\/2023\/09\/11\/apos-manutencao-fonte-da-carioca-volta-a-funcionar\/","og_locale":"en_US","og_type":"article","og_title":"Ap\u00f3s manuten\u00e7\u00e3o, Fonte da Carioca volta a funcionar -","og_description":"A Fonte da Carioca voltou funcionar neste domingo (10), em Laguna. Equipes da Funda\u00e7\u00e3o Irm\u00e3 Vera (FIV) realizou os reparos necess\u00e1rios no sistema de bombeamento da \u00e1gua subterr\u00e2nea. A informa\u00e7\u00e3o \u00e9 de que o trabalho foi realizado at\u00e9 as torneiras na parte externa da Fonte da Carioca. A manuten\u00e7\u00e3o foi finalizada na manh\u00e3 deste domingo. &hellip; Ap\u00f3s manuten\u00e7\u00e3o, Fonte da Carioca volta a funcionar Read More &raquo;","og_url":"https:\/\/sulsc.com\/index.php\/2023\/09\/11\/apos-manutencao-fonte-da-carioca-volta-a-funcionar\/","article_author":"https:\/\/www.facebook.com\/profile.php?id=61559278119680","article_published_time":"2023-09-11T18:20:15+00:00","article_modified_time":"2023-09-11T16:50:11+00:00","og_image":[{"width":2560,"height":1920,"url":"https:\/\/sulsc.com\/wp-content\/uploads\/2023\/09\/fonte-da-carioca-1-scaled-2.jpg","type":"image\/jpeg"}],"author":"Reda\u00e7\u00e3o Sul SC","twitter_card":"summary_large_image","twitter_creator":"@https:\/\/twitter.com\/PortalSulSC","twitter_misc":{"Written by":"Reda\u00e7\u00e3o Sul SC"},"schema":{"@context":"https:\/\/schema.org","@graph":[{"@type":"WebPage","@id":"https:\/\/sulsc.com\/index.php\/2023\/09\/11\/apos-manutencao-fonte-da-carioca-volta-a-funcionar\/","url":"https:\/\/sulsc.com\/index.php\/2023\/09\/11\/apos-manutencao-fonte-da-carioca-volta-a-funcionar\/","name":"Ap\u00f3s manuten\u00e7\u00e3o, Fonte da Carioca volta a funcionar -","isPartOf":{"@id":"https:\/\/sulsc.com\/#website"},"datePublished":"2023-09-11T18:20:15+00:00","dateModified":"2023-09-11T16:50:11+00:00","author":{"@id":"https:\/\/sulsc.com\/#\/schema\/person\/84d2fc571684f6248ba83092f07750a3"},"breadcrumb":{"@id":"https:\/\/sulsc.com\/index.php\/2023\/09\/11\/apos-manutencao-fonte-da-carioca-volta-a-funcionar\/#breadcrumb"},"inLanguage":"en-US","potentialAction":[{"@type":"ReadAction","target":["https:\/\/sulsc.com\/index.php\/2023\/09\/11\/apos-manutencao-fonte-da-carioca-volta-a-funcionar\/"]}]},{"@type":"BreadcrumbList","@id":"https:\/\/sulsc.com\/index.php\/2023\/09\/11\/apos-manutencao-fonte-da-carioca-volta-a-funcionar\/#breadcrumb","itemListElement":[{"@type":"ListItem","position":1,"name":"In\u00edcio","item":"https:\/\/sulsc.com\/"},{"@type":"ListItem","position":2,"name":"Ap\u00f3s manuten\u00e7\u00e3o, Fonte da Carioca volta a funcionar"}]},{"@type":"WebSite","@id":"https:\/\/sulsc.com\/#website","url":"https:\/\/sulsc.com\/","name":"","description":"","potentialAction":[{"@type":"SearchAction","target":{"@type":"EntryPoint","urlTemplate":"https:\/\/sulsc.com\/?s={search_term_string}"},"query-input":"required name=search_term_string"}],"inLanguage":"en-US"},{"@type":"Person","@id":"https:\/\/sulsc.com\/#\/schema\/person\/84d2fc571684f6248ba83092f07750a3","name":"Reda\u00e7\u00e3o Sul SC","image":{"@type":"ImageObject","inLanguage":"en-US","@id":"https:\/\/sulsc.com\/#\/schema\/person\/image\/e08d7fe2cc4ed596372063bbe852b8d0","url":"https:\/\/sulsc.com\/wp-content\/uploads\/2023\/09\/redacao.png","contentUrl":"https:\/\/sulsc.com\/wp-content\/uploads\/2023\/09\/redacao.png","caption":"Reda\u00e7\u00e3o Sul SC"},"description":"Foco em um jornalismo imparcial, voltado \u00e0 qualidade dos seus conte\u00fados e, assim, levar informa\u00e7\u00e3o de valor que agregue \u00e0 vida dos leitores. Esta \u00e9 grande miss\u00e3o do Portal de Not\u00edcias Sul SC. N\u00e3o \u00e9 quantidade que muda o mundo, sempre foi e seguir\u00e1 sendo qualidade!","sameAs":["https:\/\/sulsc.com\/","https:\/\/www.facebook.com\/profile.php?id=61559278119680","https:\/\/www.instagram.com\/sulscportal\/?hl=pt-br","https:\/\/twitter.com\/https:\/\/twitter.com\/PortalSulSC","https:\/\/www.youtube.com\/channel\/UCv_BE8GeySluDov2n8qhVmw"],"url":"https:\/\/sulsc.com\/index.php\/author\/redacao\/"}]}},"authors":[],"_links":{"self":[{"href":"https:\/\/sulsc.com\/index.php\/wp-json\/wp\/v2\/posts\/955"}],"collection":[{"href":"https:\/\/sulsc.com\/index.php\/wp-json\/wp\/v2\/posts"}],"about":[{"href":"https:\/\/sulsc.com\/index.php\/wp-json\/wp\/v2\/types\/post"}],"author":[{"embeddable":true,"href":"https:\/\/sulsc.com\/index.php\/wp-json\/wp\/v2\/users\/3"}],"replies":[{"embeddable":true,"href":"https:\/\/sulsc.com\/index.php\/wp-json\/wp\/v2\/comments?post=955"}],"version-history":[{"count":1,"href":"https:\/\/sulsc.com\/index.php\/wp-json\/wp\/v2\/posts\/955\/revisions"}],"predecessor-version":[{"id":960,"href":"https:\/\/sulsc.com\/index.php\/wp-json\/wp\/v2\/posts\/955\/revisions\/960"}],"wp:featuredmedia":[{"embeddable":true,"href":"https:\/\/sulsc.com\/index.php\/wp-json\/wp\/v2\/media\/959"}],"wp:attachment":[{"href":"https:\/\/sulsc.com\/index.php\/wp-json\/wp\/v2\/media?parent=955"}],"wp:term":[{"taxonomy":"category","embeddable":true,"href":"https:\/\/sulsc.com\/index.php\/wp-json\/wp\/v2\/categories?post=955"},{"taxonomy":"post_tag","embeddable":true,"href":"https:\/\/sulsc.com\/index.php\/wp-json\/wp\/v2\/tags?post=955"}],"curies":[{"name":"wp","href":"https:\/\/api.w.org\/{rel}","templated":true}]}}