{"id":9605,"date":"2024-03-04T08:50:17","date_gmt":"2024-03-04T11:50:17","guid":{"rendered":"https:\/\/sulsc.com\/?p=9605"},"modified":"2024-03-04T09:01:26","modified_gmt":"2024-03-04T12:01:26","slug":"cronograma-semanal-de-obras-na-br-101-sul-sc-e-divulgado-2","status":"publish","type":"post","link":"https:\/\/sulsc.com\/index.php\/2024\/03\/04\/cronograma-semanal-de-obras-na-br-101-sul-sc-e-divulgado-2\/","title":{"rendered":"Cronograma semanal de obras na BR-101 Sul\/SC \u00e9 divulgado"},"content":{"rendered":"<p>O cronograma de obras semanal a ser realizado entre 4 e 10 de mar\u00e7o foi divulgado nesta segunda-feira (4) pela CCR ViaCosteira. Entre as a\u00e7\u00f5es a serem desempenhadas pelas equipes da concession\u00e1ria est\u00e3o os trabalhos de permanentes de recupera\u00e7\u00e3o de pavimento, manuten\u00e7\u00e3o e conserva\u00e7\u00e3o da rodovia.<\/p>\n<p>Para a execu\u00e7\u00e3o desses os servi\u00e7os s\u00e3o necess\u00e1rios interdi\u00e7\u00f5es de faixas, o que pode ocasionar lentid\u00e3o ou reten\u00e7\u00e3o de ve\u00edculos em alguns segmentos. A Concession\u00e1ria refor\u00e7a aos usu\u00e1rios para que redobrem a aten\u00e7\u00e3o e respeitem a sinaliza\u00e7\u00e3o e os limites de velocidade ao passar pelos locais, uma vez que oper\u00e1rios est\u00e3o nas imedia\u00e7\u00f5es da pista.<\/p>\n<p>Para evitar poss\u00edveis transtornos nos locais com restri\u00e7\u00f5es de tr\u00e1fego, recomenda-se que os usu\u00e1rios, sempre que poss\u00edvel, programem seus deslocamentos. As condi\u00e7\u00f5es do tr\u00e2nsito est\u00e3o dispon\u00edveis no <a href=\"http:\/\/www.ccrviacosteira.com.br\">site<\/a> ou por meio do 0800 255 5550 e WhatsApp (48) 3211-3130, dispon\u00edvel 24 horas por dia para emerg\u00eancias e informa\u00e7\u00f5es.<\/p>\n<p>A CCR ViaCosteira destaca que o cronograma de obras \u00e9 din\u00e2mico e poder\u00e1 sofrer altera\u00e7\u00f5es. Em caso de condi\u00e7\u00f5es clim\u00e1ticas desfavor\u00e1veis, os servi\u00e7os ser\u00e3o reprogramados.<\/p>\n<p><img fetchpriority=\"high\" decoding=\"async\" class=\"alignnone size-full wp-image-9606\" src=\"http:\/\/sulsc.com\/wp-content\/uploads\/2024\/03\/BR-101-Sul.jpeg\" alt=\"\" width=\"730\" height=\"430\" srcset=\"https:\/\/sulsc.com\/wp-content\/uploads\/2024\/03\/BR-101-Sul.jpeg 730w, https:\/\/sulsc.com\/wp-content\/uploads\/2024\/03\/BR-101-Sul-300x177.jpeg 300w\" sizes=\"(max-width: 730px) 100vw, 730px\" \/><\/p>\n<p><strong>Recupera\u00e7\u00e3o de pavimento, reparos e obras em geral:<\/strong><\/p>\n<p>Interdi\u00e7\u00e3o de faixa principal (das 7h \u00e0s 18h) &#8211; DIURNO<br \/>\nPaulo Lopes: melhoria de acesso e implanta\u00e7\u00e3o de defensa met\u00e1lica no km 256 \u2013 sentido norte;<br \/>\nEntre Paulo Lopes e Garopaba: servi\u00e7o de topografia entre os kms 254 e 266 \u2013 ambos sentidos;<br \/>\nImbituba: Implanta\u00e7\u00e3o de tela antiofuscante no km 277 \u2013 sentido norte;<br \/>\nLaguna: Recupera\u00e7\u00e3o e manuten\u00e7\u00e3o na Ponte Cabe\u00e7uda km 314 \u2013 ambos sentidos;<br \/>\nEntre S\u00e3o Jo\u00e3o do Sul e Passo de Torres: corre\u00e7\u00f5es emergenciais no pavimento entre os kms 454 e 462 \u2013 ambos sentidos;<br \/>\nPaulo Lopes: no t\u00fanel Morro Agudo km 257 \u2013 pista sentido sul;<br \/>\nTubar\u00e3o: no t\u00fanel Morro do Formig\u00e3o km 338 \u2013 pista sentido sul;<br \/>\nEntre Paulo Lopes e Passo de Torres: corre\u00e7\u00f5es emergenciais no pavimento, microfesagem, microrevestimento, fresagem, implanta\u00e7\u00e3o de taxas e manuten\u00e7\u00e3o na ilumina\u00e7\u00e3o entre os kms 245 e 465 \u2013 ambos os sentidos;<\/p>\n","protected":false},"excerpt":{"rendered":"<p>O cronograma de obras semanal a ser realizado entre 4 e 10 de mar\u00e7o foi divulgado nesta segunda-feira (4) pela CCR ViaCosteira. Entre as a\u00e7\u00f5es a serem desempenhadas pelas equipes da concession\u00e1ria est\u00e3o os trabalhos de permanentes de recupera\u00e7\u00e3o de pavimento, manuten\u00e7\u00e3o e conserva\u00e7\u00e3o da rodovia. Para a execu\u00e7\u00e3o desses os servi\u00e7os s\u00e3o necess\u00e1rios interdi\u00e7\u00f5es &hellip;<\/p>\n<p class=\"read-more\"> <a class=\"\" href=\"https:\/\/sulsc.com\/index.php\/2024\/03\/04\/cronograma-semanal-de-obras-na-br-101-sul-sc-e-divulgado-2\/\"> <span class=\"screen-reader-text\">Cronograma semanal de obras na BR-101 Sul\/SC \u00e9 divulgado<\/span> Read More &raquo;<\/a><\/p>\n","protected":false},"author":3,"featured_media":9606,"comment_status":"open","ping_status":"open","sticky":false,"template":"","format":"standard","meta":{"site-sidebar-layout":"default","site-content-layout":"","ast-site-content-layout":"default","site-content-style":"default","site-sidebar-style":"default","ast-global-header-display":"","ast-banner-title-visibility":"","ast-main-header-display":"","ast-hfb-above-header-display":"","ast-hfb-below-header-display":"","ast-hfb-mobile-header-display":"","site-post-title":"","ast-breadcrumbs-content":"","ast-featured-img":"","footer-sml-layout":"","theme-transparent-header-meta":"default","adv-header-id-meta":"","stick-header-meta":"","header-above-stick-meta":"","header-main-stick-meta":"","header-below-stick-meta":"","astra-migrate-meta-layouts":"set","footnotes":""},"categories":[1],"tags":[273,283,274],"yoast_head":"<!-- This site is optimized with the Yoast SEO plugin v21.4 - https:\/\/yoast.com\/wordpress\/plugins\/seo\/ -->\n<title>Cronograma semanal de obras na BR-101 Sul\/SC \u00e9 divulgado -<\/title>\n<meta name=\"description\" content=\"As a\u00e7\u00f5es devem ser feitas entre 4 e 10 de mar\u00e7o. Em caso de condi\u00e7\u00f5es clim\u00e1ticas desfavor\u00e1veis, o cronograma poder\u00e1 sofrer altera\u00e7\u00f5es\" \/>\n<meta name=\"robots\" content=\"index, follow, max-snippet:-1, max-image-preview:large, max-video-preview:-1\" \/>\n<link rel=\"canonical\" href=\"https:\/\/sulsc.com\/index.php\/2024\/03\/04\/cronograma-semanal-de-obras-na-br-101-sul-sc-e-divulgado-2\/\" \/>\n<meta property=\"og:locale\" content=\"en_US\" \/>\n<meta property=\"og:type\" content=\"article\" \/>\n<meta property=\"og:title\" content=\"Cronograma semanal de obras na BR-101 Sul\/SC \u00e9 divulgado -\" \/>\n<meta property=\"og:description\" content=\"As a\u00e7\u00f5es devem ser feitas entre 4 e 10 de mar\u00e7o. Em caso de condi\u00e7\u00f5es clim\u00e1ticas desfavor\u00e1veis, o cronograma poder\u00e1 sofrer altera\u00e7\u00f5es\" \/>\n<meta property=\"og:url\" content=\"https:\/\/sulsc.com\/index.php\/2024\/03\/04\/cronograma-semanal-de-obras-na-br-101-sul-sc-e-divulgado-2\/\" \/>\n<meta property=\"article:author\" content=\"https:\/\/www.facebook.com\/profile.php?id=61559278119680\" \/>\n<meta property=\"article:published_time\" content=\"2024-03-04T11:50:17+00:00\" \/>\n<meta property=\"article:modified_time\" content=\"2024-03-04T12:01:26+00:00\" \/>\n<meta property=\"og:image\" content=\"http:\/\/sulsc.com\/wp-content\/uploads\/2024\/03\/BR-101-Sul.jpeg\" \/>\n\t<meta property=\"og:image:width\" content=\"730\" \/>\n\t<meta property=\"og:image:height\" content=\"430\" \/>\n\t<meta property=\"og:image:type\" content=\"image\/jpeg\" \/>\n<meta name=\"author\" content=\"Reda\u00e7\u00e3o Sul SC\" \/>\n<meta name=\"twitter:card\" content=\"summary_large_image\" \/>\n<meta name=\"twitter:creator\" content=\"@https:\/\/twitter.com\/PortalSulSC\" \/>\n<meta name=\"twitter:label1\" content=\"Written by\" \/>\n\t<meta name=\"twitter:data1\" content=\"Reda\u00e7\u00e3o Sul SC\" \/>\n\t<meta name=\"twitter:label2\" content=\"Est. reading time\" \/>\n\t<meta name=\"twitter:data2\" content=\"2 minutes\" \/>\n<script type=\"application\/ld+json\" class=\"yoast-schema-graph\">{\"@context\":\"https:\/\/schema.org\",\"@graph\":[{\"@type\":\"WebPage\",\"@id\":\"https:\/\/sulsc.com\/index.php\/2024\/03\/04\/cronograma-semanal-de-obras-na-br-101-sul-sc-e-divulgado-2\/\",\"url\":\"https:\/\/sulsc.com\/index.php\/2024\/03\/04\/cronograma-semanal-de-obras-na-br-101-sul-sc-e-divulgado-2\/\",\"name\":\"Cronograma semanal de obras na BR-101 Sul\/SC \u00e9 divulgado -\",\"isPartOf\":{\"@id\":\"https:\/\/sulsc.com\/#website\"},\"datePublished\":\"2024-03-04T11:50:17+00:00\",\"dateModified\":\"2024-03-04T12:01:26+00:00\",\"author\":{\"@id\":\"https:\/\/sulsc.com\/#\/schema\/person\/84d2fc571684f6248ba83092f07750a3\"},\"description\":\"As a\u00e7\u00f5es devem ser feitas entre 4 e 10 de mar\u00e7o. Em caso de condi\u00e7\u00f5es clim\u00e1ticas desfavor\u00e1veis, o cronograma poder\u00e1 sofrer altera\u00e7\u00f5es\",\"breadcrumb\":{\"@id\":\"https:\/\/sulsc.com\/index.php\/2024\/03\/04\/cronograma-semanal-de-obras-na-br-101-sul-sc-e-divulgado-2\/#breadcrumb\"},\"inLanguage\":\"en-US\",\"potentialAction\":[{\"@type\":\"ReadAction\",\"target\":[\"https:\/\/sulsc.com\/index.php\/2024\/03\/04\/cronograma-semanal-de-obras-na-br-101-sul-sc-e-divulgado-2\/\"]}]},{\"@type\":\"BreadcrumbList\",\"@id\":\"https:\/\/sulsc.com\/index.php\/2024\/03\/04\/cronograma-semanal-de-obras-na-br-101-sul-sc-e-divulgado-2\/#breadcrumb\",\"itemListElement\":[{\"@type\":\"ListItem\",\"position\":1,\"name\":\"In\u00edcio\",\"item\":\"https:\/\/sulsc.com\/\"},{\"@type\":\"ListItem\",\"position\":2,\"name\":\"Cronograma semanal de obras na BR-101 Sul\/SC \u00e9 divulgado\"}]},{\"@type\":\"WebSite\",\"@id\":\"https:\/\/sulsc.com\/#website\",\"url\":\"https:\/\/sulsc.com\/\",\"name\":\"\",\"description\":\"\",\"potentialAction\":[{\"@type\":\"SearchAction\",\"target\":{\"@type\":\"EntryPoint\",\"urlTemplate\":\"https:\/\/sulsc.com\/?s={search_term_string}\"},\"query-input\":\"required name=search_term_string\"}],\"inLanguage\":\"en-US\"},{\"@type\":\"Person\",\"@id\":\"https:\/\/sulsc.com\/#\/schema\/person\/84d2fc571684f6248ba83092f07750a3\",\"name\":\"Reda\u00e7\u00e3o Sul SC\",\"image\":{\"@type\":\"ImageObject\",\"inLanguage\":\"en-US\",\"@id\":\"https:\/\/sulsc.com\/#\/schema\/person\/image\/e08d7fe2cc4ed596372063bbe852b8d0\",\"url\":\"https:\/\/sulsc.com\/wp-content\/uploads\/2023\/09\/redacao.png\",\"contentUrl\":\"https:\/\/sulsc.com\/wp-content\/uploads\/2023\/09\/redacao.png\",\"caption\":\"Reda\u00e7\u00e3o Sul SC\"},\"description\":\"Foco em um jornalismo imparcial, voltado \u00e0 qualidade dos seus conte\u00fados e, assim, levar informa\u00e7\u00e3o de valor que agregue \u00e0 vida dos leitores. Esta \u00e9 grande miss\u00e3o do Portal de Not\u00edcias Sul SC. N\u00e3o \u00e9 quantidade que muda o mundo, sempre foi e seguir\u00e1 sendo qualidade!\",\"sameAs\":[\"https:\/\/sulsc.com\/\",\"https:\/\/www.facebook.com\/profile.php?id=61559278119680\",\"https:\/\/www.instagram.com\/sulscportal\/?hl=pt-br\",\"https:\/\/twitter.com\/https:\/\/twitter.com\/PortalSulSC\",\"https:\/\/www.youtube.com\/channel\/UCv_BE8GeySluDov2n8qhVmw\"],\"url\":\"https:\/\/sulsc.com\/index.php\/author\/redacao\/\"}]}<\/script>\n<!-- \/ Yoast SEO plugin. -->","yoast_head_json":{"title":"Cronograma semanal de obras na BR-101 Sul\/SC \u00e9 divulgado -","description":"As a\u00e7\u00f5es devem ser feitas entre 4 e 10 de mar\u00e7o. Em caso de condi\u00e7\u00f5es clim\u00e1ticas desfavor\u00e1veis, o cronograma poder\u00e1 sofrer altera\u00e7\u00f5es","robots":{"index":"index","follow":"follow","max-snippet":"max-snippet:-1","max-image-preview":"max-image-preview:large","max-video-preview":"max-video-preview:-1"},"canonical":"https:\/\/sulsc.com\/index.php\/2024\/03\/04\/cronograma-semanal-de-obras-na-br-101-sul-sc-e-divulgado-2\/","og_locale":"en_US","og_type":"article","og_title":"Cronograma semanal de obras na BR-101 Sul\/SC \u00e9 divulgado -","og_description":"As a\u00e7\u00f5es devem ser feitas entre 4 e 10 de mar\u00e7o. Em caso de condi\u00e7\u00f5es clim\u00e1ticas desfavor\u00e1veis, o cronograma poder\u00e1 sofrer altera\u00e7\u00f5es","og_url":"https:\/\/sulsc.com\/index.php\/2024\/03\/04\/cronograma-semanal-de-obras-na-br-101-sul-sc-e-divulgado-2\/","article_author":"https:\/\/www.facebook.com\/profile.php?id=61559278119680","article_published_time":"2024-03-04T11:50:17+00:00","article_modified_time":"2024-03-04T12:01:26+00:00","og_image":[{"width":730,"height":430,"url":"http:\/\/sulsc.com\/wp-content\/uploads\/2024\/03\/BR-101-Sul.jpeg","type":"image\/jpeg"}],"author":"Reda\u00e7\u00e3o Sul SC","twitter_card":"summary_large_image","twitter_creator":"@https:\/\/twitter.com\/PortalSulSC","twitter_misc":{"Written by":"Reda\u00e7\u00e3o Sul SC","Est. reading time":"2 minutes"},"schema":{"@context":"https:\/\/schema.org","@graph":[{"@type":"WebPage","@id":"https:\/\/sulsc.com\/index.php\/2024\/03\/04\/cronograma-semanal-de-obras-na-br-101-sul-sc-e-divulgado-2\/","url":"https:\/\/sulsc.com\/index.php\/2024\/03\/04\/cronograma-semanal-de-obras-na-br-101-sul-sc-e-divulgado-2\/","name":"Cronograma semanal de obras na BR-101 Sul\/SC \u00e9 divulgado -","isPartOf":{"@id":"https:\/\/sulsc.com\/#website"},"datePublished":"2024-03-04T11:50:17+00:00","dateModified":"2024-03-04T12:01:26+00:00","author":{"@id":"https:\/\/sulsc.com\/#\/schema\/person\/84d2fc571684f6248ba83092f07750a3"},"description":"As a\u00e7\u00f5es devem ser feitas entre 4 e 10 de mar\u00e7o. Em caso de condi\u00e7\u00f5es clim\u00e1ticas desfavor\u00e1veis, o cronograma poder\u00e1 sofrer altera\u00e7\u00f5es","breadcrumb":{"@id":"https:\/\/sulsc.com\/index.php\/2024\/03\/04\/cronograma-semanal-de-obras-na-br-101-sul-sc-e-divulgado-2\/#breadcrumb"},"inLanguage":"en-US","potentialAction":[{"@type":"ReadAction","target":["https:\/\/sulsc.com\/index.php\/2024\/03\/04\/cronograma-semanal-de-obras-na-br-101-sul-sc-e-divulgado-2\/"]}]},{"@type":"BreadcrumbList","@id":"https:\/\/sulsc.com\/index.php\/2024\/03\/04\/cronograma-semanal-de-obras-na-br-101-sul-sc-e-divulgado-2\/#breadcrumb","itemListElement":[{"@type":"ListItem","position":1,"name":"In\u00edcio","item":"https:\/\/sulsc.com\/"},{"@type":"ListItem","position":2,"name":"Cronograma semanal de obras na BR-101 Sul\/SC \u00e9 divulgado"}]},{"@type":"WebSite","@id":"https:\/\/sulsc.com\/#website","url":"https:\/\/sulsc.com\/","name":"","description":"","potentialAction":[{"@type":"SearchAction","target":{"@type":"EntryPoint","urlTemplate":"https:\/\/sulsc.com\/?s={search_term_string}"},"query-input":"required name=search_term_string"}],"inLanguage":"en-US"},{"@type":"Person","@id":"https:\/\/sulsc.com\/#\/schema\/person\/84d2fc571684f6248ba83092f07750a3","name":"Reda\u00e7\u00e3o Sul SC","image":{"@type":"ImageObject","inLanguage":"en-US","@id":"https:\/\/sulsc.com\/#\/schema\/person\/image\/e08d7fe2cc4ed596372063bbe852b8d0","url":"https:\/\/sulsc.com\/wp-content\/uploads\/2023\/09\/redacao.png","contentUrl":"https:\/\/sulsc.com\/wp-content\/uploads\/2023\/09\/redacao.png","caption":"Reda\u00e7\u00e3o Sul SC"},"description":"Foco em um jornalismo imparcial, voltado \u00e0 qualidade dos seus conte\u00fados e, assim, levar informa\u00e7\u00e3o de valor que agregue \u00e0 vida dos leitores. Esta \u00e9 grande miss\u00e3o do Portal de Not\u00edcias Sul SC. N\u00e3o \u00e9 quantidade que muda o mundo, sempre foi e seguir\u00e1 sendo qualidade!","sameAs":["https:\/\/sulsc.com\/","https:\/\/www.facebook.com\/profile.php?id=61559278119680","https:\/\/www.instagram.com\/sulscportal\/?hl=pt-br","https:\/\/twitter.com\/https:\/\/twitter.com\/PortalSulSC","https:\/\/www.youtube.com\/channel\/UCv_BE8GeySluDov2n8qhVmw"],"url":"https:\/\/sulsc.com\/index.php\/author\/redacao\/"}]}},"authors":[],"_links":{"self":[{"href":"https:\/\/sulsc.com\/index.php\/wp-json\/wp\/v2\/posts\/9605"}],"collection":[{"href":"https:\/\/sulsc.com\/index.php\/wp-json\/wp\/v2\/posts"}],"about":[{"href":"https:\/\/sulsc.com\/index.php\/wp-json\/wp\/v2\/types\/post"}],"author":[{"embeddable":true,"href":"https:\/\/sulsc.com\/index.php\/wp-json\/wp\/v2\/users\/3"}],"replies":[{"embeddable":true,"href":"https:\/\/sulsc.com\/index.php\/wp-json\/wp\/v2\/comments?post=9605"}],"version-history":[{"count":1,"href":"https:\/\/sulsc.com\/index.php\/wp-json\/wp\/v2\/posts\/9605\/revisions"}],"predecessor-version":[{"id":9607,"href":"https:\/\/sulsc.com\/index.php\/wp-json\/wp\/v2\/posts\/9605\/revisions\/9607"}],"wp:featuredmedia":[{"embeddable":true,"href":"https:\/\/sulsc.com\/index.php\/wp-json\/wp\/v2\/media\/9606"}],"wp:attachment":[{"href":"https:\/\/sulsc.com\/index.php\/wp-json\/wp\/v2\/media?parent=9605"}],"wp:term":[{"taxonomy":"category","embeddable":true,"href":"https:\/\/sulsc.com\/index.php\/wp-json\/wp\/v2\/categories?post=9605"},{"taxonomy":"post_tag","embeddable":true,"href":"https:\/\/sulsc.com\/index.php\/wp-json\/wp\/v2\/tags?post=9605"}],"curies":[{"name":"wp","href":"https:\/\/api.w.org\/{rel}","templated":true}]}}