{"id":9625,"date":"2024-03-04T16:40:04","date_gmt":"2024-03-04T19:40:04","guid":{"rendered":"https:\/\/sulsc.com\/?p=9625"},"modified":"2024-03-04T16:45:29","modified_gmt":"2024-03-04T19:45:29","slug":"celesquiano-aposentado-morre-aos-71-anos-em-tubarao","status":"publish","type":"post","link":"https:\/\/sulsc.com\/index.php\/2024\/03\/04\/celesquiano-aposentado-morre-aos-71-anos-em-tubarao\/","title":{"rendered":"Celesquiano aposentado morre aos 71 anos, em Tubar\u00e3o"},"content":{"rendered":"<p><img fetchpriority=\"high\" decoding=\"async\" class=\"aligncenter size-full wp-image-9626\" src=\"http:\/\/sulsc.com\/wp-content\/uploads\/2024\/03\/12.png\" alt=\"\" width=\"860\" height=\"512\" srcset=\"https:\/\/sulsc.com\/wp-content\/uploads\/2024\/03\/12.png 860w, https:\/\/sulsc.com\/wp-content\/uploads\/2024\/03\/12-300x179.png 300w, https:\/\/sulsc.com\/wp-content\/uploads\/2024\/03\/12-768x457.png 768w\" sizes=\"(max-width: 860px) 100vw, 860px\" \/><\/p>\n<p>O tubaronense aposentado da Celesc e muito querido pela estatal catarinense, por amigos e familiares, Evaldo da Silva Henrique, morreu nesta segunda-feira (4), aos 71 anos. O vel\u00f3rio come\u00e7ou h\u00e1 pouco, \u00e0s 16h, na Funer\u00e1ria Santa Rita de C\u00e1ssia, no centro de <strong>Tubar\u00e3o<\/strong>. O sepultamento est\u00e1 agendado para as 11h desta ter\u00e7a (5), no Cemit\u00e9rio do bairro Congonhas, tamb\u00e9m na Cidade Azul.<\/p>\n<p>&#8220;Ele foi um grande homem e amigo. Pessoa muito querida no meio dos celesquianos (funcion\u00e1rios da Celesc). Na cidade tamb\u00e9m. Ele era uma pessoa espetacular, com um grande cora\u00e7\u00e3o&#8221;, resume um conhecido da fam\u00edlia.<\/p>\n<p>Evaldo era casado, deixa dois filhos (Evandro e Cristiane) e dois netos. Ele trabalhou 24 anos de servidor p\u00fablico como eletricista. H\u00e1 cerca de cinco meses, a fam\u00edlia descobriu um c\u00e2ncer no aparelho digestivo e, \u00e0s 10h desta segunda, n\u00e3o resistiu e veio a \u00f3bito no Hospital Unimed, em Tubar\u00e3o.<\/p>\n","protected":false},"excerpt":{"rendered":"<p>O tubaronense aposentado da Celesc e muito querido pela estatal catarinense, por amigos e familiares, Evaldo da Silva Henrique, morreu nesta segunda-feira (4), aos 71 anos. O vel\u00f3rio come\u00e7ou h\u00e1 pouco, \u00e0s 16h, na Funer\u00e1ria Santa Rita de C\u00e1ssia, no centro de Tubar\u00e3o. O sepultamento est\u00e1 agendado para as 11h desta ter\u00e7a (5), no Cemit\u00e9rio &hellip;<\/p>\n<p class=\"read-more\"> <a class=\"\" href=\"https:\/\/sulsc.com\/index.php\/2024\/03\/04\/celesquiano-aposentado-morre-aos-71-anos-em-tubarao\/\"> <span class=\"screen-reader-text\">Celesquiano aposentado morre aos 71 anos, em Tubar\u00e3o<\/span> Read More &raquo;<\/a><\/p>\n","protected":false},"author":3,"featured_media":9626,"comment_status":"open","ping_status":"open","sticky":false,"template":"","format":"standard","meta":{"site-sidebar-layout":"default","site-content-layout":"","ast-site-content-layout":"default","site-content-style":"default","site-sidebar-style":"default","ast-global-header-display":"","ast-banner-title-visibility":"","ast-main-header-display":"","ast-hfb-above-header-display":"","ast-hfb-below-header-display":"","ast-hfb-mobile-header-display":"","site-post-title":"","ast-breadcrumbs-content":"","ast-featured-img":"","footer-sml-layout":"","theme-transparent-header-meta":"default","adv-header-id-meta":"","stick-header-meta":"","header-above-stick-meta":"","header-main-stick-meta":"","header-below-stick-meta":"","astra-migrate-meta-layouts":"set","footnotes":""},"categories":[1],"tags":[],"yoast_head":"<!-- This site is optimized with the Yoast SEO plugin v21.4 - https:\/\/yoast.com\/wordpress\/plugins\/seo\/ -->\n<title>Celesquiano aposentado morre aos 71 anos, em Tubar\u00e3o -<\/title>\n<meta name=\"description\" content=\"O vel\u00f3rio come\u00e7ou h\u00e1 pouco, \u00e0s 16h, na Funer\u00e1ria Santa Rita de C\u00e1ssia, no centro de Tubar\u00e3o. O sepultamento est\u00e1 agendado para as 11h desta ter\u00e7a (5), no Cemit\u00e9rio do bairro Congonhas, tamb\u00e9m na Cidade Azul.\" \/>\n<meta name=\"robots\" content=\"index, follow, max-snippet:-1, max-image-preview:large, max-video-preview:-1\" \/>\n<link rel=\"canonical\" href=\"https:\/\/sulsc.com\/index.php\/2024\/03\/04\/celesquiano-aposentado-morre-aos-71-anos-em-tubarao\/\" \/>\n<meta property=\"og:locale\" content=\"en_US\" \/>\n<meta property=\"og:type\" content=\"article\" \/>\n<meta property=\"og:title\" content=\"Celesquiano aposentado morre aos 71 anos, em Tubar\u00e3o -\" \/>\n<meta property=\"og:description\" content=\"O vel\u00f3rio come\u00e7ou h\u00e1 pouco, \u00e0s 16h, na Funer\u00e1ria Santa Rita de C\u00e1ssia, no centro de Tubar\u00e3o. O sepultamento est\u00e1 agendado para as 11h desta ter\u00e7a (5), no Cemit\u00e9rio do bairro Congonhas, tamb\u00e9m na Cidade Azul.\" \/>\n<meta property=\"og:url\" content=\"https:\/\/sulsc.com\/index.php\/2024\/03\/04\/celesquiano-aposentado-morre-aos-71-anos-em-tubarao\/\" \/>\n<meta property=\"article:author\" content=\"https:\/\/www.facebook.com\/profile.php?id=61559278119680\" \/>\n<meta property=\"article:published_time\" content=\"2024-03-04T19:40:04+00:00\" \/>\n<meta property=\"article:modified_time\" content=\"2024-03-04T19:45:29+00:00\" \/>\n<meta property=\"og:image\" content=\"http:\/\/sulsc.com\/wp-content\/uploads\/2024\/03\/12.png\" \/>\n\t<meta property=\"og:image:width\" content=\"860\" \/>\n\t<meta property=\"og:image:height\" content=\"512\" \/>\n\t<meta property=\"og:image:type\" content=\"image\/png\" \/>\n<meta name=\"author\" content=\"Reda\u00e7\u00e3o Sul SC\" \/>\n<meta name=\"twitter:card\" content=\"summary_large_image\" \/>\n<meta name=\"twitter:creator\" content=\"@https:\/\/twitter.com\/PortalSulSC\" \/>\n<meta name=\"twitter:label1\" content=\"Written by\" \/>\n\t<meta name=\"twitter:data1\" content=\"Reda\u00e7\u00e3o Sul SC\" \/>\n\t<meta name=\"twitter:label2\" content=\"Est. reading time\" \/>\n\t<meta name=\"twitter:data2\" content=\"2 minutes\" \/>\n<script type=\"application\/ld+json\" class=\"yoast-schema-graph\">{\"@context\":\"https:\/\/schema.org\",\"@graph\":[{\"@type\":\"WebPage\",\"@id\":\"https:\/\/sulsc.com\/index.php\/2024\/03\/04\/celesquiano-aposentado-morre-aos-71-anos-em-tubarao\/\",\"url\":\"https:\/\/sulsc.com\/index.php\/2024\/03\/04\/celesquiano-aposentado-morre-aos-71-anos-em-tubarao\/\",\"name\":\"Celesquiano aposentado morre aos 71 anos, em Tubar\u00e3o -\",\"isPartOf\":{\"@id\":\"https:\/\/sulsc.com\/#website\"},\"datePublished\":\"2024-03-04T19:40:04+00:00\",\"dateModified\":\"2024-03-04T19:45:29+00:00\",\"author\":{\"@id\":\"https:\/\/sulsc.com\/#\/schema\/person\/84d2fc571684f6248ba83092f07750a3\"},\"description\":\"O vel\u00f3rio come\u00e7ou h\u00e1 pouco, \u00e0s 16h, na Funer\u00e1ria Santa Rita de C\u00e1ssia, no centro de Tubar\u00e3o. O sepultamento est\u00e1 agendado para as 11h desta ter\u00e7a (5), no Cemit\u00e9rio do bairro Congonhas, tamb\u00e9m na Cidade Azul.\",\"breadcrumb\":{\"@id\":\"https:\/\/sulsc.com\/index.php\/2024\/03\/04\/celesquiano-aposentado-morre-aos-71-anos-em-tubarao\/#breadcrumb\"},\"inLanguage\":\"en-US\",\"potentialAction\":[{\"@type\":\"ReadAction\",\"target\":[\"https:\/\/sulsc.com\/index.php\/2024\/03\/04\/celesquiano-aposentado-morre-aos-71-anos-em-tubarao\/\"]}]},{\"@type\":\"BreadcrumbList\",\"@id\":\"https:\/\/sulsc.com\/index.php\/2024\/03\/04\/celesquiano-aposentado-morre-aos-71-anos-em-tubarao\/#breadcrumb\",\"itemListElement\":[{\"@type\":\"ListItem\",\"position\":1,\"name\":\"In\u00edcio\",\"item\":\"https:\/\/sulsc.com\/\"},{\"@type\":\"ListItem\",\"position\":2,\"name\":\"Celesquiano aposentado morre aos 71 anos, em Tubar\u00e3o\"}]},{\"@type\":\"WebSite\",\"@id\":\"https:\/\/sulsc.com\/#website\",\"url\":\"https:\/\/sulsc.com\/\",\"name\":\"\",\"description\":\"\",\"potentialAction\":[{\"@type\":\"SearchAction\",\"target\":{\"@type\":\"EntryPoint\",\"urlTemplate\":\"https:\/\/sulsc.com\/?s={search_term_string}\"},\"query-input\":\"required name=search_term_string\"}],\"inLanguage\":\"en-US\"},{\"@type\":\"Person\",\"@id\":\"https:\/\/sulsc.com\/#\/schema\/person\/84d2fc571684f6248ba83092f07750a3\",\"name\":\"Reda\u00e7\u00e3o Sul SC\",\"image\":{\"@type\":\"ImageObject\",\"inLanguage\":\"en-US\",\"@id\":\"https:\/\/sulsc.com\/#\/schema\/person\/image\/e08d7fe2cc4ed596372063bbe852b8d0\",\"url\":\"https:\/\/sulsc.com\/wp-content\/uploads\/2023\/09\/redacao.png\",\"contentUrl\":\"https:\/\/sulsc.com\/wp-content\/uploads\/2023\/09\/redacao.png\",\"caption\":\"Reda\u00e7\u00e3o Sul SC\"},\"description\":\"Foco em um jornalismo imparcial, voltado \u00e0 qualidade dos seus conte\u00fados e, assim, levar informa\u00e7\u00e3o de valor que agregue \u00e0 vida dos leitores. Esta \u00e9 grande miss\u00e3o do Portal de Not\u00edcias Sul SC. N\u00e3o \u00e9 quantidade que muda o mundo, sempre foi e seguir\u00e1 sendo qualidade!\",\"sameAs\":[\"https:\/\/sulsc.com\/\",\"https:\/\/www.facebook.com\/profile.php?id=61559278119680\",\"https:\/\/www.instagram.com\/sulscportal\/?hl=pt-br\",\"https:\/\/twitter.com\/https:\/\/twitter.com\/PortalSulSC\",\"https:\/\/www.youtube.com\/channel\/UCv_BE8GeySluDov2n8qhVmw\"],\"url\":\"https:\/\/sulsc.com\/index.php\/author\/redacao\/\"}]}<\/script>\n<!-- \/ Yoast SEO plugin. -->","yoast_head_json":{"title":"Celesquiano aposentado morre aos 71 anos, em Tubar\u00e3o -","description":"O vel\u00f3rio come\u00e7ou h\u00e1 pouco, \u00e0s 16h, na Funer\u00e1ria Santa Rita de C\u00e1ssia, no centro de Tubar\u00e3o. O sepultamento est\u00e1 agendado para as 11h desta ter\u00e7a (5), no Cemit\u00e9rio do bairro Congonhas, tamb\u00e9m na Cidade Azul.","robots":{"index":"index","follow":"follow","max-snippet":"max-snippet:-1","max-image-preview":"max-image-preview:large","max-video-preview":"max-video-preview:-1"},"canonical":"https:\/\/sulsc.com\/index.php\/2024\/03\/04\/celesquiano-aposentado-morre-aos-71-anos-em-tubarao\/","og_locale":"en_US","og_type":"article","og_title":"Celesquiano aposentado morre aos 71 anos, em Tubar\u00e3o -","og_description":"O vel\u00f3rio come\u00e7ou h\u00e1 pouco, \u00e0s 16h, na Funer\u00e1ria Santa Rita de C\u00e1ssia, no centro de Tubar\u00e3o. O sepultamento est\u00e1 agendado para as 11h desta ter\u00e7a (5), no Cemit\u00e9rio do bairro Congonhas, tamb\u00e9m na Cidade Azul.","og_url":"https:\/\/sulsc.com\/index.php\/2024\/03\/04\/celesquiano-aposentado-morre-aos-71-anos-em-tubarao\/","article_author":"https:\/\/www.facebook.com\/profile.php?id=61559278119680","article_published_time":"2024-03-04T19:40:04+00:00","article_modified_time":"2024-03-04T19:45:29+00:00","og_image":[{"width":860,"height":512,"url":"http:\/\/sulsc.com\/wp-content\/uploads\/2024\/03\/12.png","type":"image\/png"}],"author":"Reda\u00e7\u00e3o Sul SC","twitter_card":"summary_large_image","twitter_creator":"@https:\/\/twitter.com\/PortalSulSC","twitter_misc":{"Written by":"Reda\u00e7\u00e3o Sul SC","Est. reading time":"2 minutes"},"schema":{"@context":"https:\/\/schema.org","@graph":[{"@type":"WebPage","@id":"https:\/\/sulsc.com\/index.php\/2024\/03\/04\/celesquiano-aposentado-morre-aos-71-anos-em-tubarao\/","url":"https:\/\/sulsc.com\/index.php\/2024\/03\/04\/celesquiano-aposentado-morre-aos-71-anos-em-tubarao\/","name":"Celesquiano aposentado morre aos 71 anos, em Tubar\u00e3o -","isPartOf":{"@id":"https:\/\/sulsc.com\/#website"},"datePublished":"2024-03-04T19:40:04+00:00","dateModified":"2024-03-04T19:45:29+00:00","author":{"@id":"https:\/\/sulsc.com\/#\/schema\/person\/84d2fc571684f6248ba83092f07750a3"},"description":"O vel\u00f3rio come\u00e7ou h\u00e1 pouco, \u00e0s 16h, na Funer\u00e1ria Santa Rita de C\u00e1ssia, no centro de Tubar\u00e3o. O sepultamento est\u00e1 agendado para as 11h desta ter\u00e7a (5), no Cemit\u00e9rio do bairro Congonhas, tamb\u00e9m na Cidade Azul.","breadcrumb":{"@id":"https:\/\/sulsc.com\/index.php\/2024\/03\/04\/celesquiano-aposentado-morre-aos-71-anos-em-tubarao\/#breadcrumb"},"inLanguage":"en-US","potentialAction":[{"@type":"ReadAction","target":["https:\/\/sulsc.com\/index.php\/2024\/03\/04\/celesquiano-aposentado-morre-aos-71-anos-em-tubarao\/"]}]},{"@type":"BreadcrumbList","@id":"https:\/\/sulsc.com\/index.php\/2024\/03\/04\/celesquiano-aposentado-morre-aos-71-anos-em-tubarao\/#breadcrumb","itemListElement":[{"@type":"ListItem","position":1,"name":"In\u00edcio","item":"https:\/\/sulsc.com\/"},{"@type":"ListItem","position":2,"name":"Celesquiano aposentado morre aos 71 anos, em Tubar\u00e3o"}]},{"@type":"WebSite","@id":"https:\/\/sulsc.com\/#website","url":"https:\/\/sulsc.com\/","name":"","description":"","potentialAction":[{"@type":"SearchAction","target":{"@type":"EntryPoint","urlTemplate":"https:\/\/sulsc.com\/?s={search_term_string}"},"query-input":"required name=search_term_string"}],"inLanguage":"en-US"},{"@type":"Person","@id":"https:\/\/sulsc.com\/#\/schema\/person\/84d2fc571684f6248ba83092f07750a3","name":"Reda\u00e7\u00e3o Sul SC","image":{"@type":"ImageObject","inLanguage":"en-US","@id":"https:\/\/sulsc.com\/#\/schema\/person\/image\/e08d7fe2cc4ed596372063bbe852b8d0","url":"https:\/\/sulsc.com\/wp-content\/uploads\/2023\/09\/redacao.png","contentUrl":"https:\/\/sulsc.com\/wp-content\/uploads\/2023\/09\/redacao.png","caption":"Reda\u00e7\u00e3o Sul SC"},"description":"Foco em um jornalismo imparcial, voltado \u00e0 qualidade dos seus conte\u00fados e, assim, levar informa\u00e7\u00e3o de valor que agregue \u00e0 vida dos leitores. Esta \u00e9 grande miss\u00e3o do Portal de Not\u00edcias Sul SC. N\u00e3o \u00e9 quantidade que muda o mundo, sempre foi e seguir\u00e1 sendo qualidade!","sameAs":["https:\/\/sulsc.com\/","https:\/\/www.facebook.com\/profile.php?id=61559278119680","https:\/\/www.instagram.com\/sulscportal\/?hl=pt-br","https:\/\/twitter.com\/https:\/\/twitter.com\/PortalSulSC","https:\/\/www.youtube.com\/channel\/UCv_BE8GeySluDov2n8qhVmw"],"url":"https:\/\/sulsc.com\/index.php\/author\/redacao\/"}]}},"authors":[],"_links":{"self":[{"href":"https:\/\/sulsc.com\/index.php\/wp-json\/wp\/v2\/posts\/9625"}],"collection":[{"href":"https:\/\/sulsc.com\/index.php\/wp-json\/wp\/v2\/posts"}],"about":[{"href":"https:\/\/sulsc.com\/index.php\/wp-json\/wp\/v2\/types\/post"}],"author":[{"embeddable":true,"href":"https:\/\/sulsc.com\/index.php\/wp-json\/wp\/v2\/users\/3"}],"replies":[{"embeddable":true,"href":"https:\/\/sulsc.com\/index.php\/wp-json\/wp\/v2\/comments?post=9625"}],"version-history":[{"count":2,"href":"https:\/\/sulsc.com\/index.php\/wp-json\/wp\/v2\/posts\/9625\/revisions"}],"predecessor-version":[{"id":9631,"href":"https:\/\/sulsc.com\/index.php\/wp-json\/wp\/v2\/posts\/9625\/revisions\/9631"}],"wp:featuredmedia":[{"embeddable":true,"href":"https:\/\/sulsc.com\/index.php\/wp-json\/wp\/v2\/media\/9626"}],"wp:attachment":[{"href":"https:\/\/sulsc.com\/index.php\/wp-json\/wp\/v2\/media?parent=9625"}],"wp:term":[{"taxonomy":"category","embeddable":true,"href":"https:\/\/sulsc.com\/index.php\/wp-json\/wp\/v2\/categories?post=9625"},{"taxonomy":"post_tag","embeddable":true,"href":"https:\/\/sulsc.com\/index.php\/wp-json\/wp\/v2\/tags?post=9625"}],"curies":[{"name":"wp","href":"https:\/\/api.w.org\/{rel}","templated":true}]}}