{"id":9654,"date":"2024-03-05T09:46:28","date_gmt":"2024-03-05T12:46:28","guid":{"rendered":"https:\/\/sulsc.com\/?p=9654"},"modified":"2024-03-05T09:46:28","modified_gmt":"2024-03-05T12:46:28","slug":"nova-praga-de-frutiferas-em-sc-e-identificada-por-pesquisadores-da-epagri","status":"publish","type":"post","link":"https:\/\/sulsc.com\/index.php\/2024\/03\/05\/nova-praga-de-frutiferas-em-sc-e-identificada-por-pesquisadores-da-epagri\/","title":{"rendered":"Nova praga de frut\u00edferas em SC \u00e9 identificada por pesquisadores da Epagri"},"content":{"rendered":"<figure id=\"attachment_9655\" aria-describedby=\"caption-attachment-9655\" style=\"width: 934px\" class=\"wp-caption aligncenter\"><img fetchpriority=\"high\" decoding=\"async\" class=\"wp-image-9655 \" src=\"http:\/\/sulsc.com\/wp-content\/uploads\/2024\/03\/2-4.jpg\" alt=\"\" width=\"934\" height=\"595\" \/><figcaption id=\"caption-attachment-9655\" class=\"wp-caption-text\">Foto: Andr\u00e9 Sezerino\/Epagri\/Sul SC<\/figcaption><\/figure>\n<p>A equipe coordenada pela pesquisadora Jana\u00edna Pereira dos Santos, da Esta\u00e7\u00e3o Experimental da Epagri em Ca\u00e7ador, identificou um novo inseto-praga em Santa Catarina: o <em>Zaprionus tuberculatus (Diptera: Drosophilidae)<\/em>. Segundo Jana\u00edna, a presen\u00e7a de Z. tuberculatus no Brasil \u00e9 preocupante, pois essa esp\u00e9cie ocupa nichos semelhantes aos de outros dros\u00f3filos-praga, como <em>Zaprionus indianus e Drosophila suzukii<\/em>. A coexist\u00eancia dessas esp\u00e9cies no mesmo ambiente agr\u00edcola pode aumentar o potencial de infesta\u00e7\u00e3o e, consequentemente, os danos nos frutos. &#8220;Para a fruticultura, essa praga ex\u00f3tica representa um risco significativo, pois \u00e9 uma esp\u00e9cie generalista que explora eficientemente tanto frutas nativas quanto ex\u00f3ticas&#8221;, alerta a pesquisadora.<\/p>\n<p>A identifica\u00e7\u00e3o ocorreu em 2023 e foi documentada em um artigo publicado na edi\u00e7\u00e3o mais recente da revista Agropecu\u00e1ria Catarinense, uma publica\u00e7\u00e3o cient\u00edfica da Epagri. A descoberta foi feita durante um estudo coordenado por Jana\u00edna para identificar as esp\u00e9cies de dros\u00f3filos associadas \u00e0s frutas nativas e \u00e0 cultura do morangueiro na regi\u00e3o do Alto Vale do Rio do Peixe, com o objetivo de obter informa\u00e7\u00f5es para apoiar programas de manejo integrado de dros\u00f3filos-praga. &#8220;At\u00e9 o momento, os resultados da pesquisa refor\u00e7am a import\u00e2ncia de monitorar <em>Z. tuberculatus<\/em> no Estado, a fim de avaliar seus impactos, distribui\u00e7\u00e3o e estabelecer futuros programas de manejo da esp\u00e9cie&#8221;, detalha ela.<\/p>\n<p>Jana\u00edna relata que a primeira coleta de <em>Z. tuberculatus<\/em> ocorreu em mar\u00e7o de 2023, em morangos cultivados em Ca\u00e7ador e em frutos de goiaba-serrana e ara\u00e7\u00e1-amarelo coletados em Videira, munic\u00edpios do Alto Vale do Rio do Peixe. Em Ca\u00e7ador, a esp\u00e9cie tamb\u00e9m foi observada atacando frutos de ara\u00e7\u00e1-vermelho e em armadilhas de monitoramento em cultivos de ma\u00e7\u00e3s, peras e morangos. Os pesquisadores tamb\u00e9m avistaram o inseto-praga em uvas vin\u00edferas e amoras-pretas em Videira.<\/p>\n<p>Os registros em Santa Catarina ocorreram em Ca\u00e7ador e Videira. O primeiro registro no Brasil foi feito em 2020, em parques urbanos de Bras\u00edlia, marcando tamb\u00e9m o primeiro registro da praga no continente americano. A ocorr\u00eancia de <em>Z. tuberculatus<\/em> tamb\u00e9m foi documentada em S\u00e3o Paulo, Rio de Janeiro, Rio Grande do Sul e Minas Gerais. A esp\u00e9cie, pertencente ao grupo das moscas-das-frutas, \u00e9 conhecida como <em>vinegar fly<\/em> ou <em>pomace fly<\/em>, e \u00e9 origin\u00e1ria da regi\u00e3o tropical da \u00c1frica.<\/p>\n","protected":false},"excerpt":{"rendered":"<p>A equipe coordenada pela pesquisadora Jana\u00edna Pereira dos Santos, da Esta\u00e7\u00e3o Experimental da Epagri em Ca\u00e7ador, identificou um novo inseto-praga em Santa Catarina: o Zaprionus tuberculatus (Diptera: Drosophilidae). Segundo Jana\u00edna, a presen\u00e7a de Z. tuberculatus no Brasil \u00e9 preocupante, pois essa esp\u00e9cie ocupa nichos semelhantes aos de outros dros\u00f3filos-praga, como Zaprionus indianus e Drosophila suzukii. &hellip;<\/p>\n<p class=\"read-more\"> <a class=\"\" href=\"https:\/\/sulsc.com\/index.php\/2024\/03\/05\/nova-praga-de-frutiferas-em-sc-e-identificada-por-pesquisadores-da-epagri\/\"> <span class=\"screen-reader-text\">Nova praga de frut\u00edferas em SC \u00e9 identificada por pesquisadores da Epagri<\/span> Read More &raquo;<\/a><\/p>\n","protected":false},"author":3,"featured_media":9655,"comment_status":"open","ping_status":"open","sticky":false,"template":"","format":"standard","meta":{"site-sidebar-layout":"default","site-content-layout":"","ast-site-content-layout":"default","site-content-style":"default","site-sidebar-style":"default","ast-global-header-display":"","ast-banner-title-visibility":"","ast-main-header-display":"","ast-hfb-above-header-display":"","ast-hfb-below-header-display":"","ast-hfb-mobile-header-display":"","site-post-title":"","ast-breadcrumbs-content":"","ast-featured-img":"","footer-sml-layout":"","theme-transparent-header-meta":"default","adv-header-id-meta":"","stick-header-meta":"","header-above-stick-meta":"","header-main-stick-meta":"","header-below-stick-meta":"","astra-migrate-meta-layouts":"set","footnotes":""},"categories":[40],"tags":[826,202,1495],"yoast_head":"<!-- This site is optimized with the Yoast SEO plugin v21.4 - https:\/\/yoast.com\/wordpress\/plugins\/seo\/ -->\n<title>Nova praga de frut\u00edferas em SC \u00e9 identificada por pesquisadores da Epagri -<\/title>\n<meta name=\"description\" content=\"Os registros em Santa Catarina ocorreram em Ca\u00e7ador e Videira. O primeiro registro de Z. tuberculatus no Brasil foi feito em 2020, em parques urbanos de Bras\u00edlia\" \/>\n<meta name=\"robots\" content=\"index, follow, max-snippet:-1, max-image-preview:large, max-video-preview:-1\" \/>\n<link rel=\"canonical\" href=\"https:\/\/sulsc.com\/index.php\/2024\/03\/05\/nova-praga-de-frutiferas-em-sc-e-identificada-por-pesquisadores-da-epagri\/\" \/>\n<meta property=\"og:locale\" content=\"en_US\" \/>\n<meta property=\"og:type\" content=\"article\" \/>\n<meta property=\"og:title\" content=\"Nova praga de frut\u00edferas em SC \u00e9 identificada por pesquisadores da Epagri -\" \/>\n<meta property=\"og:description\" content=\"Os registros em Santa Catarina ocorreram em Ca\u00e7ador e Videira. O primeiro registro de Z. tuberculatus no Brasil foi feito em 2020, em parques urbanos de Bras\u00edlia\" \/>\n<meta property=\"og:url\" content=\"https:\/\/sulsc.com\/index.php\/2024\/03\/05\/nova-praga-de-frutiferas-em-sc-e-identificada-por-pesquisadores-da-epagri\/\" \/>\n<meta property=\"article:author\" content=\"https:\/\/www.facebook.com\/profile.php?id=61559278119680\" \/>\n<meta property=\"article:published_time\" content=\"2024-03-05T12:46:28+00:00\" \/>\n<meta property=\"og:image\" content=\"http:\/\/sulsc.com\/wp-content\/uploads\/2024\/03\/2-4.jpg\" \/>\n\t<meta property=\"og:image:width\" content=\"640\" \/>\n\t<meta property=\"og:image:height\" content=\"480\" \/>\n\t<meta property=\"og:image:type\" content=\"image\/jpeg\" \/>\n<meta name=\"author\" content=\"Reda\u00e7\u00e3o Sul SC\" \/>\n<meta name=\"twitter:card\" content=\"summary_large_image\" \/>\n<meta name=\"twitter:creator\" content=\"@https:\/\/twitter.com\/PortalSulSC\" \/>\n<meta name=\"twitter:label1\" content=\"Written by\" \/>\n\t<meta name=\"twitter:data1\" content=\"Reda\u00e7\u00e3o Sul SC\" \/>\n\t<meta name=\"twitter:label2\" content=\"Est. reading time\" \/>\n\t<meta name=\"twitter:data2\" content=\"3 minutes\" \/>\n<script type=\"application\/ld+json\" class=\"yoast-schema-graph\">{\"@context\":\"https:\/\/schema.org\",\"@graph\":[{\"@type\":\"WebPage\",\"@id\":\"https:\/\/sulsc.com\/index.php\/2024\/03\/05\/nova-praga-de-frutiferas-em-sc-e-identificada-por-pesquisadores-da-epagri\/\",\"url\":\"https:\/\/sulsc.com\/index.php\/2024\/03\/05\/nova-praga-de-frutiferas-em-sc-e-identificada-por-pesquisadores-da-epagri\/\",\"name\":\"Nova praga de frut\u00edferas em SC \u00e9 identificada por pesquisadores da Epagri -\",\"isPartOf\":{\"@id\":\"https:\/\/sulsc.com\/#website\"},\"datePublished\":\"2024-03-05T12:46:28+00:00\",\"dateModified\":\"2024-03-05T12:46:28+00:00\",\"author\":{\"@id\":\"https:\/\/sulsc.com\/#\/schema\/person\/84d2fc571684f6248ba83092f07750a3\"},\"description\":\"Os registros em Santa Catarina ocorreram em Ca\u00e7ador e Videira. O primeiro registro de Z. tuberculatus no Brasil foi feito em 2020, em parques urbanos de Bras\u00edlia\",\"breadcrumb\":{\"@id\":\"https:\/\/sulsc.com\/index.php\/2024\/03\/05\/nova-praga-de-frutiferas-em-sc-e-identificada-por-pesquisadores-da-epagri\/#breadcrumb\"},\"inLanguage\":\"en-US\",\"potentialAction\":[{\"@type\":\"ReadAction\",\"target\":[\"https:\/\/sulsc.com\/index.php\/2024\/03\/05\/nova-praga-de-frutiferas-em-sc-e-identificada-por-pesquisadores-da-epagri\/\"]}]},{\"@type\":\"BreadcrumbList\",\"@id\":\"https:\/\/sulsc.com\/index.php\/2024\/03\/05\/nova-praga-de-frutiferas-em-sc-e-identificada-por-pesquisadores-da-epagri\/#breadcrumb\",\"itemListElement\":[{\"@type\":\"ListItem\",\"position\":1,\"name\":\"In\u00edcio\",\"item\":\"https:\/\/sulsc.com\/\"},{\"@type\":\"ListItem\",\"position\":2,\"name\":\"Nova praga de frut\u00edferas em SC \u00e9 identificada por pesquisadores da Epagri\"}]},{\"@type\":\"WebSite\",\"@id\":\"https:\/\/sulsc.com\/#website\",\"url\":\"https:\/\/sulsc.com\/\",\"name\":\"\",\"description\":\"\",\"potentialAction\":[{\"@type\":\"SearchAction\",\"target\":{\"@type\":\"EntryPoint\",\"urlTemplate\":\"https:\/\/sulsc.com\/?s={search_term_string}\"},\"query-input\":\"required name=search_term_string\"}],\"inLanguage\":\"en-US\"},{\"@type\":\"Person\",\"@id\":\"https:\/\/sulsc.com\/#\/schema\/person\/84d2fc571684f6248ba83092f07750a3\",\"name\":\"Reda\u00e7\u00e3o Sul SC\",\"image\":{\"@type\":\"ImageObject\",\"inLanguage\":\"en-US\",\"@id\":\"https:\/\/sulsc.com\/#\/schema\/person\/image\/e08d7fe2cc4ed596372063bbe852b8d0\",\"url\":\"https:\/\/sulsc.com\/wp-content\/uploads\/2023\/09\/redacao.png\",\"contentUrl\":\"https:\/\/sulsc.com\/wp-content\/uploads\/2023\/09\/redacao.png\",\"caption\":\"Reda\u00e7\u00e3o Sul SC\"},\"description\":\"Foco em um jornalismo imparcial, voltado \u00e0 qualidade dos seus conte\u00fados e, assim, levar informa\u00e7\u00e3o de valor que agregue \u00e0 vida dos leitores. Esta \u00e9 grande miss\u00e3o do Portal de Not\u00edcias Sul SC. N\u00e3o \u00e9 quantidade que muda o mundo, sempre foi e seguir\u00e1 sendo qualidade!\",\"sameAs\":[\"https:\/\/sulsc.com\/\",\"https:\/\/www.facebook.com\/profile.php?id=61559278119680\",\"https:\/\/www.instagram.com\/sulscportal\/?hl=pt-br\",\"https:\/\/twitter.com\/https:\/\/twitter.com\/PortalSulSC\",\"https:\/\/www.youtube.com\/channel\/UCv_BE8GeySluDov2n8qhVmw\"],\"url\":\"https:\/\/sulsc.com\/index.php\/author\/redacao\/\"}]}<\/script>\n<!-- \/ Yoast SEO plugin. -->","yoast_head_json":{"title":"Nova praga de frut\u00edferas em SC \u00e9 identificada por pesquisadores da Epagri -","description":"Os registros em Santa Catarina ocorreram em Ca\u00e7ador e Videira. O primeiro registro de Z. tuberculatus no Brasil foi feito em 2020, em parques urbanos de Bras\u00edlia","robots":{"index":"index","follow":"follow","max-snippet":"max-snippet:-1","max-image-preview":"max-image-preview:large","max-video-preview":"max-video-preview:-1"},"canonical":"https:\/\/sulsc.com\/index.php\/2024\/03\/05\/nova-praga-de-frutiferas-em-sc-e-identificada-por-pesquisadores-da-epagri\/","og_locale":"en_US","og_type":"article","og_title":"Nova praga de frut\u00edferas em SC \u00e9 identificada por pesquisadores da Epagri -","og_description":"Os registros em Santa Catarina ocorreram em Ca\u00e7ador e Videira. O primeiro registro de Z. tuberculatus no Brasil foi feito em 2020, em parques urbanos de Bras\u00edlia","og_url":"https:\/\/sulsc.com\/index.php\/2024\/03\/05\/nova-praga-de-frutiferas-em-sc-e-identificada-por-pesquisadores-da-epagri\/","article_author":"https:\/\/www.facebook.com\/profile.php?id=61559278119680","article_published_time":"2024-03-05T12:46:28+00:00","og_image":[{"width":640,"height":480,"url":"http:\/\/sulsc.com\/wp-content\/uploads\/2024\/03\/2-4.jpg","type":"image\/jpeg"}],"author":"Reda\u00e7\u00e3o Sul SC","twitter_card":"summary_large_image","twitter_creator":"@https:\/\/twitter.com\/PortalSulSC","twitter_misc":{"Written by":"Reda\u00e7\u00e3o Sul SC","Est. reading time":"3 minutes"},"schema":{"@context":"https:\/\/schema.org","@graph":[{"@type":"WebPage","@id":"https:\/\/sulsc.com\/index.php\/2024\/03\/05\/nova-praga-de-frutiferas-em-sc-e-identificada-por-pesquisadores-da-epagri\/","url":"https:\/\/sulsc.com\/index.php\/2024\/03\/05\/nova-praga-de-frutiferas-em-sc-e-identificada-por-pesquisadores-da-epagri\/","name":"Nova praga de frut\u00edferas em SC \u00e9 identificada por pesquisadores da Epagri -","isPartOf":{"@id":"https:\/\/sulsc.com\/#website"},"datePublished":"2024-03-05T12:46:28+00:00","dateModified":"2024-03-05T12:46:28+00:00","author":{"@id":"https:\/\/sulsc.com\/#\/schema\/person\/84d2fc571684f6248ba83092f07750a3"},"description":"Os registros em Santa Catarina ocorreram em Ca\u00e7ador e Videira. O primeiro registro de Z. tuberculatus no Brasil foi feito em 2020, em parques urbanos de Bras\u00edlia","breadcrumb":{"@id":"https:\/\/sulsc.com\/index.php\/2024\/03\/05\/nova-praga-de-frutiferas-em-sc-e-identificada-por-pesquisadores-da-epagri\/#breadcrumb"},"inLanguage":"en-US","potentialAction":[{"@type":"ReadAction","target":["https:\/\/sulsc.com\/index.php\/2024\/03\/05\/nova-praga-de-frutiferas-em-sc-e-identificada-por-pesquisadores-da-epagri\/"]}]},{"@type":"BreadcrumbList","@id":"https:\/\/sulsc.com\/index.php\/2024\/03\/05\/nova-praga-de-frutiferas-em-sc-e-identificada-por-pesquisadores-da-epagri\/#breadcrumb","itemListElement":[{"@type":"ListItem","position":1,"name":"In\u00edcio","item":"https:\/\/sulsc.com\/"},{"@type":"ListItem","position":2,"name":"Nova praga de frut\u00edferas em SC \u00e9 identificada por pesquisadores da Epagri"}]},{"@type":"WebSite","@id":"https:\/\/sulsc.com\/#website","url":"https:\/\/sulsc.com\/","name":"","description":"","potentialAction":[{"@type":"SearchAction","target":{"@type":"EntryPoint","urlTemplate":"https:\/\/sulsc.com\/?s={search_term_string}"},"query-input":"required name=search_term_string"}],"inLanguage":"en-US"},{"@type":"Person","@id":"https:\/\/sulsc.com\/#\/schema\/person\/84d2fc571684f6248ba83092f07750a3","name":"Reda\u00e7\u00e3o Sul SC","image":{"@type":"ImageObject","inLanguage":"en-US","@id":"https:\/\/sulsc.com\/#\/schema\/person\/image\/e08d7fe2cc4ed596372063bbe852b8d0","url":"https:\/\/sulsc.com\/wp-content\/uploads\/2023\/09\/redacao.png","contentUrl":"https:\/\/sulsc.com\/wp-content\/uploads\/2023\/09\/redacao.png","caption":"Reda\u00e7\u00e3o Sul SC"},"description":"Foco em um jornalismo imparcial, voltado \u00e0 qualidade dos seus conte\u00fados e, assim, levar informa\u00e7\u00e3o de valor que agregue \u00e0 vida dos leitores. Esta \u00e9 grande miss\u00e3o do Portal de Not\u00edcias Sul SC. N\u00e3o \u00e9 quantidade que muda o mundo, sempre foi e seguir\u00e1 sendo qualidade!","sameAs":["https:\/\/sulsc.com\/","https:\/\/www.facebook.com\/profile.php?id=61559278119680","https:\/\/www.instagram.com\/sulscportal\/?hl=pt-br","https:\/\/twitter.com\/https:\/\/twitter.com\/PortalSulSC","https:\/\/www.youtube.com\/channel\/UCv_BE8GeySluDov2n8qhVmw"],"url":"https:\/\/sulsc.com\/index.php\/author\/redacao\/"}]}},"authors":[],"_links":{"self":[{"href":"https:\/\/sulsc.com\/index.php\/wp-json\/wp\/v2\/posts\/9654"}],"collection":[{"href":"https:\/\/sulsc.com\/index.php\/wp-json\/wp\/v2\/posts"}],"about":[{"href":"https:\/\/sulsc.com\/index.php\/wp-json\/wp\/v2\/types\/post"}],"author":[{"embeddable":true,"href":"https:\/\/sulsc.com\/index.php\/wp-json\/wp\/v2\/users\/3"}],"replies":[{"embeddable":true,"href":"https:\/\/sulsc.com\/index.php\/wp-json\/wp\/v2\/comments?post=9654"}],"version-history":[{"count":1,"href":"https:\/\/sulsc.com\/index.php\/wp-json\/wp\/v2\/posts\/9654\/revisions"}],"predecessor-version":[{"id":9656,"href":"https:\/\/sulsc.com\/index.php\/wp-json\/wp\/v2\/posts\/9654\/revisions\/9656"}],"wp:featuredmedia":[{"embeddable":true,"href":"https:\/\/sulsc.com\/index.php\/wp-json\/wp\/v2\/media\/9655"}],"wp:attachment":[{"href":"https:\/\/sulsc.com\/index.php\/wp-json\/wp\/v2\/media?parent=9654"}],"wp:term":[{"taxonomy":"category","embeddable":true,"href":"https:\/\/sulsc.com\/index.php\/wp-json\/wp\/v2\/categories?post=9654"},{"taxonomy":"post_tag","embeddable":true,"href":"https:\/\/sulsc.com\/index.php\/wp-json\/wp\/v2\/tags?post=9654"}],"curies":[{"name":"wp","href":"https:\/\/api.w.org\/{rel}","templated":true}]}}