{"id":9658,"date":"2024-03-05T10:19:44","date_gmt":"2024-03-05T13:19:44","guid":{"rendered":"https:\/\/sulsc.com\/?p=9658"},"modified":"2024-03-05T10:19:44","modified_gmt":"2024-03-05T13:19:44","slug":"maria-da-penha-gestante-e-gravemente-agredida-em-braco-do-norte","status":"publish","type":"post","link":"https:\/\/sulsc.com\/index.php\/2024\/03\/05\/maria-da-penha-gestante-e-gravemente-agredida-em-braco-do-norte\/","title":{"rendered":"Maria da Penha: Gestante \u00e9 gravemente agredida em Bra\u00e7o do Norte"},"content":{"rendered":"<div class=\"flex-1 overflow-hidden\">\n<div class=\"react-scroll-to-bottom--css-abpzr-79elbk h-full\">\n<div class=\"react-scroll-to-bottom--css-abpzr-1n7m0yu\">\n<div class=\"flex flex-col text-sm pb-9\">\n<div class=\"w-full text-token-text-primary\" data-testid=\"conversation-turn-2\">\n<div class=\"px-4 py-2 justify-center text-base md:gap-6 m-auto\">\n<div class=\"flex flex-1 text-base mx-auto gap-3 md:px-5 lg:px-1 xl:px-5 md:max-w-3xl lg:max-w-[40rem] xl:max-w-[48rem] group final-completion\">\n<div class=\"relative flex w-full flex-col agent-turn\">\n<div class=\"flex-col gap-1 md:gap-3\">\n<div class=\"flex flex-grow flex-col max-w-full\">\n<div class=\"min-h-[20px] text-message flex flex-col items-start gap-3 whitespace-pre-wrap break-words [.text-message+&amp;]:mt-5 overflow-x-auto\" data-message-author-role=\"assistant\" data-message-id=\"2832e362-aeda-4f96-9dfe-40bfe6c6def0\">\n<div class=\"markdown prose w-full break-words dark:prose-invert dark\">\n<figure id=\"attachment_9659\" aria-describedby=\"caption-attachment-9659\" style=\"width: 880px\" class=\"wp-caption aligncenter\"><img fetchpriority=\"high\" decoding=\"async\" class=\" wp-image-9659\" src=\"http:\/\/sulsc.com\/wp-content\/uploads\/2024\/03\/3-6.jpg\" alt=\"\" width=\"880\" height=\"559\" \/><figcaption id=\"caption-attachment-9659\" class=\"wp-caption-text\">Imagem meramente ilustrativa\/Arquivo Sul SC<\/figcaption><\/figure>\n<p>Um grave agress\u00e3o dom\u00e9stica foi registrada no in\u00edcio da noite desta segunda-feira (4), no bairro Santa Augusta, em <strong>Bra\u00e7o do Norte. <\/strong>Os policias confirmaram que se tratava de um crime previsto na Lei Maria da Penha, e deixou uma gestante em estado cr\u00edtico e um rastro de indigna\u00e7\u00e3o na comunidade.<\/p>\n<p>O crime ocorreu na resid\u00eancia da v\u00edtima. Ao chegar ao local, a Pol\u00edcia Militar encontrou o agressor, visivelmente alterado, no p\u00e1tio da casa. Mas o verdadeiro horror estava dentro, onde a mulher clamava por socorro.<\/p>\n<p>Ela est\u00e1 no quarto m\u00eas de gesta\u00e7\u00e3o, apresentava cortes profundos nos superc\u00edlios, resultado de v\u00e1rios socos. Gra\u00e7as \u00e0 r\u00e1pida interven\u00e7\u00e3o da equipe do Samu, os primeiros socorros foram prestados e a v\u00edtima foi encaminhada com urg\u00eancia ao Hospital Santa Terezinha.<\/p>\n<p>A gravidade da situa\u00e7\u00e3o n\u00e3o podia ser ignorada. A gestante, al\u00e9m de enfrentar as consequ\u00eancias f\u00edsicas do ataque do companheiro, tamb\u00e9m sofria com as dores na barriga. Enquanto isso, o agressor, que apresentava uma les\u00e3o na m\u00e3o direita, foi prontamente detido e levado ao Instituto M\u00e9dico-Legal antes de ser encaminhado \u00e0 Delegacia de Pol\u00edcia de <strong>Tubar\u00e3o<\/strong>, onde foi lavrado o flagrante.<\/p>\n<p>Este n\u00e3o \u00e9 o primeiro incidente de viol\u00eancia dom\u00e9stica registrado nesta localidade. A ocorr\u00eancia de brigas e agress\u00f5es \u00e9 uma triste realidade para muitas do Santa Augusta.<\/p>\n<\/div>\n<\/div>\n<\/div>\n<\/div>\n<\/div>\n<\/div>\n<\/div>\n<\/div>\n<\/div>\n<\/div>\n<\/div>\n<\/div>\n","protected":false},"excerpt":{"rendered":"<p>Um grave agress\u00e3o dom\u00e9stica foi registrada no in\u00edcio da noite desta segunda-feira (4), no bairro Santa Augusta, em Bra\u00e7o do Norte. Os policias confirmaram que se tratava de um crime previsto na Lei Maria da Penha, e deixou uma gestante em estado cr\u00edtico e um rastro de indigna\u00e7\u00e3o na comunidade. O crime ocorreu na resid\u00eancia &hellip;<\/p>\n<p class=\"read-more\"> <a class=\"\" href=\"https:\/\/sulsc.com\/index.php\/2024\/03\/05\/maria-da-penha-gestante-e-gravemente-agredida-em-braco-do-norte\/\"> <span class=\"screen-reader-text\">Maria da Penha: Gestante \u00e9 gravemente agredida em Bra\u00e7o do Norte<\/span> Read More &raquo;<\/a><\/p>\n","protected":false},"author":3,"featured_media":9659,"comment_status":"open","ping_status":"open","sticky":false,"template":"","format":"standard","meta":{"site-sidebar-layout":"default","site-content-layout":"","ast-site-content-layout":"default","site-content-style":"default","site-sidebar-style":"default","ast-global-header-display":"","ast-banner-title-visibility":"","ast-main-header-display":"","ast-hfb-above-header-display":"","ast-hfb-below-header-display":"","ast-hfb-mobile-header-display":"","site-post-title":"","ast-breadcrumbs-content":"","ast-featured-img":"","footer-sml-layout":"","theme-transparent-header-meta":"default","adv-header-id-meta":"","stick-header-meta":"","header-above-stick-meta":"","header-main-stick-meta":"","header-below-stick-meta":"","astra-migrate-meta-layouts":"set","footnotes":""},"categories":[8],"tags":[135,1496,93,1481],"yoast_head":"<!-- This site is optimized with the Yoast SEO plugin v21.4 - https:\/\/yoast.com\/wordpress\/plugins\/seo\/ -->\n<title>Maria da Penha: Gestante \u00e9 gravemente agredida em Bra\u00e7o do Norte -<\/title>\n<meta name=\"description\" content=\"Este n\u00e3o \u00e9 o primeiro incidente de viol\u00eancia dom\u00e9stica registrado nesta localidade. A ocorr\u00eancia de brigas e agress\u00f5es \u00e9 uma triste realidade para muitas do Santa Augusta.\" \/>\n<meta name=\"robots\" content=\"index, follow, max-snippet:-1, max-image-preview:large, max-video-preview:-1\" \/>\n<link rel=\"canonical\" href=\"https:\/\/sulsc.com\/index.php\/2024\/03\/05\/maria-da-penha-gestante-e-gravemente-agredida-em-braco-do-norte\/\" \/>\n<meta property=\"og:locale\" content=\"en_US\" \/>\n<meta property=\"og:type\" content=\"article\" \/>\n<meta property=\"og:title\" content=\"Maria da Penha: Gestante \u00e9 gravemente agredida em Bra\u00e7o do Norte -\" \/>\n<meta property=\"og:description\" content=\"Este n\u00e3o \u00e9 o primeiro incidente de viol\u00eancia dom\u00e9stica registrado nesta localidade. A ocorr\u00eancia de brigas e agress\u00f5es \u00e9 uma triste realidade para muitas do Santa Augusta.\" \/>\n<meta property=\"og:url\" content=\"https:\/\/sulsc.com\/index.php\/2024\/03\/05\/maria-da-penha-gestante-e-gravemente-agredida-em-braco-do-norte\/\" \/>\n<meta property=\"article:author\" content=\"https:\/\/www.facebook.com\/profile.php?id=61559278119680\" \/>\n<meta property=\"article:published_time\" content=\"2024-03-05T13:19:44+00:00\" \/>\n<meta property=\"og:image\" content=\"http:\/\/sulsc.com\/wp-content\/uploads\/2024\/03\/3-6.jpg\" \/>\n\t<meta property=\"og:image:width\" content=\"750\" \/>\n\t<meta property=\"og:image:height\" content=\"492\" \/>\n\t<meta property=\"og:image:type\" content=\"image\/jpeg\" \/>\n<meta name=\"author\" content=\"Reda\u00e7\u00e3o Sul SC\" \/>\n<meta name=\"twitter:card\" content=\"summary_large_image\" \/>\n<meta name=\"twitter:creator\" content=\"@https:\/\/twitter.com\/PortalSulSC\" \/>\n<meta name=\"twitter:label1\" content=\"Written by\" \/>\n\t<meta name=\"twitter:data1\" content=\"Reda\u00e7\u00e3o Sul SC\" \/>\n\t<meta name=\"twitter:label2\" content=\"Est. reading time\" \/>\n\t<meta name=\"twitter:data2\" content=\"2 minutes\" \/>\n<script type=\"application\/ld+json\" class=\"yoast-schema-graph\">{\"@context\":\"https:\/\/schema.org\",\"@graph\":[{\"@type\":\"WebPage\",\"@id\":\"https:\/\/sulsc.com\/index.php\/2024\/03\/05\/maria-da-penha-gestante-e-gravemente-agredida-em-braco-do-norte\/\",\"url\":\"https:\/\/sulsc.com\/index.php\/2024\/03\/05\/maria-da-penha-gestante-e-gravemente-agredida-em-braco-do-norte\/\",\"name\":\"Maria da Penha: Gestante \u00e9 gravemente agredida em Bra\u00e7o do Norte -\",\"isPartOf\":{\"@id\":\"https:\/\/sulsc.com\/#website\"},\"datePublished\":\"2024-03-05T13:19:44+00:00\",\"dateModified\":\"2024-03-05T13:19:44+00:00\",\"author\":{\"@id\":\"https:\/\/sulsc.com\/#\/schema\/person\/84d2fc571684f6248ba83092f07750a3\"},\"description\":\"Este n\u00e3o \u00e9 o primeiro incidente de viol\u00eancia dom\u00e9stica registrado nesta localidade. A ocorr\u00eancia de brigas e agress\u00f5es \u00e9 uma triste realidade para muitas do Santa Augusta.\",\"breadcrumb\":{\"@id\":\"https:\/\/sulsc.com\/index.php\/2024\/03\/05\/maria-da-penha-gestante-e-gravemente-agredida-em-braco-do-norte\/#breadcrumb\"},\"inLanguage\":\"en-US\",\"potentialAction\":[{\"@type\":\"ReadAction\",\"target\":[\"https:\/\/sulsc.com\/index.php\/2024\/03\/05\/maria-da-penha-gestante-e-gravemente-agredida-em-braco-do-norte\/\"]}]},{\"@type\":\"BreadcrumbList\",\"@id\":\"https:\/\/sulsc.com\/index.php\/2024\/03\/05\/maria-da-penha-gestante-e-gravemente-agredida-em-braco-do-norte\/#breadcrumb\",\"itemListElement\":[{\"@type\":\"ListItem\",\"position\":1,\"name\":\"In\u00edcio\",\"item\":\"https:\/\/sulsc.com\/\"},{\"@type\":\"ListItem\",\"position\":2,\"name\":\"Maria da Penha: Gestante \u00e9 gravemente agredida em Bra\u00e7o do Norte\"}]},{\"@type\":\"WebSite\",\"@id\":\"https:\/\/sulsc.com\/#website\",\"url\":\"https:\/\/sulsc.com\/\",\"name\":\"\",\"description\":\"\",\"potentialAction\":[{\"@type\":\"SearchAction\",\"target\":{\"@type\":\"EntryPoint\",\"urlTemplate\":\"https:\/\/sulsc.com\/?s={search_term_string}\"},\"query-input\":\"required name=search_term_string\"}],\"inLanguage\":\"en-US\"},{\"@type\":\"Person\",\"@id\":\"https:\/\/sulsc.com\/#\/schema\/person\/84d2fc571684f6248ba83092f07750a3\",\"name\":\"Reda\u00e7\u00e3o Sul SC\",\"image\":{\"@type\":\"ImageObject\",\"inLanguage\":\"en-US\",\"@id\":\"https:\/\/sulsc.com\/#\/schema\/person\/image\/e08d7fe2cc4ed596372063bbe852b8d0\",\"url\":\"https:\/\/sulsc.com\/wp-content\/uploads\/2023\/09\/redacao.png\",\"contentUrl\":\"https:\/\/sulsc.com\/wp-content\/uploads\/2023\/09\/redacao.png\",\"caption\":\"Reda\u00e7\u00e3o Sul SC\"},\"description\":\"Foco em um jornalismo imparcial, voltado \u00e0 qualidade dos seus conte\u00fados e, assim, levar informa\u00e7\u00e3o de valor que agregue \u00e0 vida dos leitores. Esta \u00e9 grande miss\u00e3o do Portal de Not\u00edcias Sul SC. N\u00e3o \u00e9 quantidade que muda o mundo, sempre foi e seguir\u00e1 sendo qualidade!\",\"sameAs\":[\"https:\/\/sulsc.com\/\",\"https:\/\/www.facebook.com\/profile.php?id=61559278119680\",\"https:\/\/www.instagram.com\/sulscportal\/?hl=pt-br\",\"https:\/\/twitter.com\/https:\/\/twitter.com\/PortalSulSC\",\"https:\/\/www.youtube.com\/channel\/UCv_BE8GeySluDov2n8qhVmw\"],\"url\":\"https:\/\/sulsc.com\/index.php\/author\/redacao\/\"}]}<\/script>\n<!-- \/ Yoast SEO plugin. -->","yoast_head_json":{"title":"Maria da Penha: Gestante \u00e9 gravemente agredida em Bra\u00e7o do Norte -","description":"Este n\u00e3o \u00e9 o primeiro incidente de viol\u00eancia dom\u00e9stica registrado nesta localidade. A ocorr\u00eancia de brigas e agress\u00f5es \u00e9 uma triste realidade para muitas do Santa Augusta.","robots":{"index":"index","follow":"follow","max-snippet":"max-snippet:-1","max-image-preview":"max-image-preview:large","max-video-preview":"max-video-preview:-1"},"canonical":"https:\/\/sulsc.com\/index.php\/2024\/03\/05\/maria-da-penha-gestante-e-gravemente-agredida-em-braco-do-norte\/","og_locale":"en_US","og_type":"article","og_title":"Maria da Penha: Gestante \u00e9 gravemente agredida em Bra\u00e7o do Norte -","og_description":"Este n\u00e3o \u00e9 o primeiro incidente de viol\u00eancia dom\u00e9stica registrado nesta localidade. A ocorr\u00eancia de brigas e agress\u00f5es \u00e9 uma triste realidade para muitas do Santa Augusta.","og_url":"https:\/\/sulsc.com\/index.php\/2024\/03\/05\/maria-da-penha-gestante-e-gravemente-agredida-em-braco-do-norte\/","article_author":"https:\/\/www.facebook.com\/profile.php?id=61559278119680","article_published_time":"2024-03-05T13:19:44+00:00","og_image":[{"width":750,"height":492,"url":"http:\/\/sulsc.com\/wp-content\/uploads\/2024\/03\/3-6.jpg","type":"image\/jpeg"}],"author":"Reda\u00e7\u00e3o Sul SC","twitter_card":"summary_large_image","twitter_creator":"@https:\/\/twitter.com\/PortalSulSC","twitter_misc":{"Written by":"Reda\u00e7\u00e3o Sul SC","Est. reading time":"2 minutes"},"schema":{"@context":"https:\/\/schema.org","@graph":[{"@type":"WebPage","@id":"https:\/\/sulsc.com\/index.php\/2024\/03\/05\/maria-da-penha-gestante-e-gravemente-agredida-em-braco-do-norte\/","url":"https:\/\/sulsc.com\/index.php\/2024\/03\/05\/maria-da-penha-gestante-e-gravemente-agredida-em-braco-do-norte\/","name":"Maria da Penha: Gestante \u00e9 gravemente agredida em Bra\u00e7o do Norte -","isPartOf":{"@id":"https:\/\/sulsc.com\/#website"},"datePublished":"2024-03-05T13:19:44+00:00","dateModified":"2024-03-05T13:19:44+00:00","author":{"@id":"https:\/\/sulsc.com\/#\/schema\/person\/84d2fc571684f6248ba83092f07750a3"},"description":"Este n\u00e3o \u00e9 o primeiro incidente de viol\u00eancia dom\u00e9stica registrado nesta localidade. A ocorr\u00eancia de brigas e agress\u00f5es \u00e9 uma triste realidade para muitas do Santa Augusta.","breadcrumb":{"@id":"https:\/\/sulsc.com\/index.php\/2024\/03\/05\/maria-da-penha-gestante-e-gravemente-agredida-em-braco-do-norte\/#breadcrumb"},"inLanguage":"en-US","potentialAction":[{"@type":"ReadAction","target":["https:\/\/sulsc.com\/index.php\/2024\/03\/05\/maria-da-penha-gestante-e-gravemente-agredida-em-braco-do-norte\/"]}]},{"@type":"BreadcrumbList","@id":"https:\/\/sulsc.com\/index.php\/2024\/03\/05\/maria-da-penha-gestante-e-gravemente-agredida-em-braco-do-norte\/#breadcrumb","itemListElement":[{"@type":"ListItem","position":1,"name":"In\u00edcio","item":"https:\/\/sulsc.com\/"},{"@type":"ListItem","position":2,"name":"Maria da Penha: Gestante \u00e9 gravemente agredida em Bra\u00e7o do Norte"}]},{"@type":"WebSite","@id":"https:\/\/sulsc.com\/#website","url":"https:\/\/sulsc.com\/","name":"","description":"","potentialAction":[{"@type":"SearchAction","target":{"@type":"EntryPoint","urlTemplate":"https:\/\/sulsc.com\/?s={search_term_string}"},"query-input":"required name=search_term_string"}],"inLanguage":"en-US"},{"@type":"Person","@id":"https:\/\/sulsc.com\/#\/schema\/person\/84d2fc571684f6248ba83092f07750a3","name":"Reda\u00e7\u00e3o Sul SC","image":{"@type":"ImageObject","inLanguage":"en-US","@id":"https:\/\/sulsc.com\/#\/schema\/person\/image\/e08d7fe2cc4ed596372063bbe852b8d0","url":"https:\/\/sulsc.com\/wp-content\/uploads\/2023\/09\/redacao.png","contentUrl":"https:\/\/sulsc.com\/wp-content\/uploads\/2023\/09\/redacao.png","caption":"Reda\u00e7\u00e3o Sul SC"},"description":"Foco em um jornalismo imparcial, voltado \u00e0 qualidade dos seus conte\u00fados e, assim, levar informa\u00e7\u00e3o de valor que agregue \u00e0 vida dos leitores. Esta \u00e9 grande miss\u00e3o do Portal de Not\u00edcias Sul SC. N\u00e3o \u00e9 quantidade que muda o mundo, sempre foi e seguir\u00e1 sendo qualidade!","sameAs":["https:\/\/sulsc.com\/","https:\/\/www.facebook.com\/profile.php?id=61559278119680","https:\/\/www.instagram.com\/sulscportal\/?hl=pt-br","https:\/\/twitter.com\/https:\/\/twitter.com\/PortalSulSC","https:\/\/www.youtube.com\/channel\/UCv_BE8GeySluDov2n8qhVmw"],"url":"https:\/\/sulsc.com\/index.php\/author\/redacao\/"}]}},"authors":[],"_links":{"self":[{"href":"https:\/\/sulsc.com\/index.php\/wp-json\/wp\/v2\/posts\/9658"}],"collection":[{"href":"https:\/\/sulsc.com\/index.php\/wp-json\/wp\/v2\/posts"}],"about":[{"href":"https:\/\/sulsc.com\/index.php\/wp-json\/wp\/v2\/types\/post"}],"author":[{"embeddable":true,"href":"https:\/\/sulsc.com\/index.php\/wp-json\/wp\/v2\/users\/3"}],"replies":[{"embeddable":true,"href":"https:\/\/sulsc.com\/index.php\/wp-json\/wp\/v2\/comments?post=9658"}],"version-history":[{"count":1,"href":"https:\/\/sulsc.com\/index.php\/wp-json\/wp\/v2\/posts\/9658\/revisions"}],"predecessor-version":[{"id":9660,"href":"https:\/\/sulsc.com\/index.php\/wp-json\/wp\/v2\/posts\/9658\/revisions\/9660"}],"wp:featuredmedia":[{"embeddable":true,"href":"https:\/\/sulsc.com\/index.php\/wp-json\/wp\/v2\/media\/9659"}],"wp:attachment":[{"href":"https:\/\/sulsc.com\/index.php\/wp-json\/wp\/v2\/media?parent=9658"}],"wp:term":[{"taxonomy":"category","embeddable":true,"href":"https:\/\/sulsc.com\/index.php\/wp-json\/wp\/v2\/categories?post=9658"},{"taxonomy":"post_tag","embeddable":true,"href":"https:\/\/sulsc.com\/index.php\/wp-json\/wp\/v2\/tags?post=9658"}],"curies":[{"name":"wp","href":"https:\/\/api.w.org\/{rel}","templated":true}]}}