{"id":9733,"date":"2024-03-06T14:13:28","date_gmt":"2024-03-06T17:13:28","guid":{"rendered":"https:\/\/sulsc.com\/?p=9733"},"modified":"2024-03-06T14:13:28","modified_gmt":"2024-03-06T17:13:28","slug":"alimentos-da-agricultura-familiar-serao-doados-para-combater-a-fome-em-tb","status":"publish","type":"post","link":"https:\/\/sulsc.com\/index.php\/2024\/03\/06\/alimentos-da-agricultura-familiar-serao-doados-para-combater-a-fome-em-tb\/","title":{"rendered":"Alimentos da agricultura familiar ser\u00e3o doados para combater a fome em TB"},"content":{"rendered":"<p><img fetchpriority=\"high\" decoding=\"async\" class=\"aligncenter size-full wp-image-9734\" src=\"http:\/\/sulsc.com\/wp-content\/uploads\/2024\/03\/24.jpeg\" alt=\"\" width=\"1280\" height=\"958\" srcset=\"https:\/\/sulsc.com\/wp-content\/uploads\/2024\/03\/24.jpeg 1280w, https:\/\/sulsc.com\/wp-content\/uploads\/2024\/03\/24-300x225.jpeg 300w, https:\/\/sulsc.com\/wp-content\/uploads\/2024\/03\/24-1024x766.jpeg 1024w, https:\/\/sulsc.com\/wp-content\/uploads\/2024\/03\/24-768x575.jpeg 768w\" sizes=\"(max-width: 1280px) 100vw, 1280px\" \/><\/p>\n<p><strong>Tubar\u00e3o<\/strong> est\u00e1 habilitado para participar do Programa de Aquisi\u00e7\u00e3o de Alimentos (PAA). O processo ocorreu por meio de Chamamento P\u00fablico realizado pela Secretaria de Estado de Assist\u00eancia Social, Mulher e Fam\u00edlia &#8211; conforme o Edital de Chamamento P\u00fablico n\u00ba 004\/2023.<\/p>\n<p>O Programa de Aquisi\u00e7\u00e3o de Alimentos (PAA) possibilitar\u00e1 o acesso \u00e0 alimenta\u00e7\u00e3o adequada para pessoas em situa\u00e7\u00e3o de inseguran\u00e7a alimentar no munic\u00edpio, al\u00e9m de promover a inclus\u00e3o econ\u00f4mica por meio do apoio \u00e0 agricultura familiar. &#8220;Por meio do programa, ocorre a aquisi\u00e7\u00e3o direta dos produtos junto aos agricultores e a doa\u00e7\u00e3o para aqueles que mais necessitam. A novidade deste ano \u00e9 que cada agricultor familiar poder\u00e1 fornecer at\u00e9 R$ 15 mil em produtos&#8221;, esclarece a secret\u00e1ria da Secretaria Municipal de Desenvolvimento Social, Kelly Botega Fortunato.<\/p>\n<p>Em 2021, a Secretaria Municipal de Desenvolvimento Social executou dois Programas de Aquisi\u00e7\u00e3o de Alimentos (PAA) por meio da modalidade de compra com doa\u00e7\u00e3o simult\u00e2nea (CDS), um por ades\u00e3o junto \u00e0 Secretaria de Estado de Assist\u00eancia Social e outro pela Companhia Nacional de Abastecimento (Conab). Ao todo, 30 agricultores familiares foram beneficiados, fornecendo 18.657 quilos de alimentos para pessoas e fam\u00edlias atendidas pelos Cras, Creas, Servi\u00e7os de Acolhimento Institucional Bem-Viver e entidades de Tubar\u00e3o.<\/p>\n<p>A pr\u00f3xima etapa ser\u00e1 o cadastramento dos agricultores\u00a0 interessados em participar do programa, que ocorrer\u00e1 ap\u00f3s o lan\u00e7amento de um novo edital pelo governo do Estado.<\/p>\n","protected":false},"excerpt":{"rendered":"<p>Tubar\u00e3o est\u00e1 habilitado para participar do Programa de Aquisi\u00e7\u00e3o de Alimentos (PAA). O processo ocorreu por meio de Chamamento P\u00fablico realizado pela Secretaria de Estado de Assist\u00eancia Social, Mulher e Fam\u00edlia &#8211; conforme o Edital de Chamamento P\u00fablico n\u00ba 004\/2023. O Programa de Aquisi\u00e7\u00e3o de Alimentos (PAA) possibilitar\u00e1 o acesso \u00e0 alimenta\u00e7\u00e3o adequada para pessoas &hellip;<\/p>\n<p class=\"read-more\"> <a class=\"\" href=\"https:\/\/sulsc.com\/index.php\/2024\/03\/06\/alimentos-da-agricultura-familiar-serao-doados-para-combater-a-fome-em-tb\/\"> <span class=\"screen-reader-text\">Alimentos da agricultura familiar ser\u00e3o doados para combater a fome em TB<\/span> Read More &raquo;<\/a><\/p>\n","protected":false},"author":3,"featured_media":9734,"comment_status":"open","ping_status":"open","sticky":false,"template":"","format":"standard","meta":{"site-sidebar-layout":"default","site-content-layout":"","ast-site-content-layout":"default","site-content-style":"default","site-sidebar-style":"default","ast-global-header-display":"","ast-banner-title-visibility":"","ast-main-header-display":"","ast-hfb-above-header-display":"","ast-hfb-below-header-display":"","ast-hfb-mobile-header-display":"","site-post-title":"","ast-breadcrumbs-content":"","ast-featured-img":"","footer-sml-layout":"","theme-transparent-header-meta":"default","adv-header-id-meta":"","stick-header-meta":"","header-above-stick-meta":"","header-main-stick-meta":"","header-below-stick-meta":"","astra-migrate-meta-layouts":"set","footnotes":""},"categories":[1],"tags":[1514,1515,1516,72],"yoast_head":"<!-- This site is optimized with the Yoast SEO plugin v21.4 - https:\/\/yoast.com\/wordpress\/plugins\/seo\/ -->\n<title>Alimentos da agricultura familiar ser\u00e3o doados para combater a fome em TB -<\/title>\n<meta name=\"description\" content=\"O Programa de Aquisi\u00e7\u00e3o de Alimentos (PAA) possibilitar\u00e1 o acesso \u00e0 alimenta\u00e7\u00e3o adequada para pessoas em situa\u00e7\u00e3o de inseguran\u00e7a alimentar no munic\u00edpio\" \/>\n<meta name=\"robots\" content=\"index, follow, max-snippet:-1, max-image-preview:large, max-video-preview:-1\" \/>\n<link rel=\"canonical\" href=\"https:\/\/sulsc.com\/index.php\/2024\/03\/06\/alimentos-da-agricultura-familiar-serao-doados-para-combater-a-fome-em-tb\/\" \/>\n<meta property=\"og:locale\" content=\"en_US\" \/>\n<meta property=\"og:type\" content=\"article\" \/>\n<meta property=\"og:title\" content=\"Alimentos da agricultura familiar ser\u00e3o doados para combater a fome em TB -\" \/>\n<meta property=\"og:description\" content=\"O Programa de Aquisi\u00e7\u00e3o de Alimentos (PAA) possibilitar\u00e1 o acesso \u00e0 alimenta\u00e7\u00e3o adequada para pessoas em situa\u00e7\u00e3o de inseguran\u00e7a alimentar no munic\u00edpio\" \/>\n<meta property=\"og:url\" content=\"https:\/\/sulsc.com\/index.php\/2024\/03\/06\/alimentos-da-agricultura-familiar-serao-doados-para-combater-a-fome-em-tb\/\" \/>\n<meta property=\"article:author\" content=\"https:\/\/www.facebook.com\/profile.php?id=61559278119680\" \/>\n<meta property=\"article:published_time\" content=\"2024-03-06T17:13:28+00:00\" \/>\n<meta property=\"og:image\" content=\"http:\/\/sulsc.com\/wp-content\/uploads\/2024\/03\/24.jpeg\" \/>\n\t<meta property=\"og:image:width\" content=\"1280\" \/>\n\t<meta property=\"og:image:height\" content=\"958\" \/>\n\t<meta property=\"og:image:type\" content=\"image\/jpeg\" \/>\n<meta name=\"author\" content=\"Reda\u00e7\u00e3o Sul SC\" \/>\n<meta name=\"twitter:card\" content=\"summary_large_image\" \/>\n<meta name=\"twitter:creator\" content=\"@https:\/\/twitter.com\/PortalSulSC\" \/>\n<meta name=\"twitter:label1\" content=\"Written by\" \/>\n\t<meta name=\"twitter:data1\" content=\"Reda\u00e7\u00e3o Sul SC\" \/>\n\t<meta name=\"twitter:label2\" content=\"Est. reading time\" \/>\n\t<meta name=\"twitter:data2\" content=\"2 minutes\" \/>\n<script type=\"application\/ld+json\" class=\"yoast-schema-graph\">{\"@context\":\"https:\/\/schema.org\",\"@graph\":[{\"@type\":\"WebPage\",\"@id\":\"https:\/\/sulsc.com\/index.php\/2024\/03\/06\/alimentos-da-agricultura-familiar-serao-doados-para-combater-a-fome-em-tb\/\",\"url\":\"https:\/\/sulsc.com\/index.php\/2024\/03\/06\/alimentos-da-agricultura-familiar-serao-doados-para-combater-a-fome-em-tb\/\",\"name\":\"Alimentos da agricultura familiar ser\u00e3o doados para combater a fome em TB -\",\"isPartOf\":{\"@id\":\"https:\/\/sulsc.com\/#website\"},\"datePublished\":\"2024-03-06T17:13:28+00:00\",\"dateModified\":\"2024-03-06T17:13:28+00:00\",\"author\":{\"@id\":\"https:\/\/sulsc.com\/#\/schema\/person\/84d2fc571684f6248ba83092f07750a3\"},\"description\":\"O Programa de Aquisi\u00e7\u00e3o de Alimentos (PAA) possibilitar\u00e1 o acesso \u00e0 alimenta\u00e7\u00e3o adequada para pessoas em situa\u00e7\u00e3o de inseguran\u00e7a alimentar no munic\u00edpio\",\"breadcrumb\":{\"@id\":\"https:\/\/sulsc.com\/index.php\/2024\/03\/06\/alimentos-da-agricultura-familiar-serao-doados-para-combater-a-fome-em-tb\/#breadcrumb\"},\"inLanguage\":\"en-US\",\"potentialAction\":[{\"@type\":\"ReadAction\",\"target\":[\"https:\/\/sulsc.com\/index.php\/2024\/03\/06\/alimentos-da-agricultura-familiar-serao-doados-para-combater-a-fome-em-tb\/\"]}]},{\"@type\":\"BreadcrumbList\",\"@id\":\"https:\/\/sulsc.com\/index.php\/2024\/03\/06\/alimentos-da-agricultura-familiar-serao-doados-para-combater-a-fome-em-tb\/#breadcrumb\",\"itemListElement\":[{\"@type\":\"ListItem\",\"position\":1,\"name\":\"In\u00edcio\",\"item\":\"https:\/\/sulsc.com\/\"},{\"@type\":\"ListItem\",\"position\":2,\"name\":\"Alimentos da agricultura familiar ser\u00e3o doados para combater a fome em TB\"}]},{\"@type\":\"WebSite\",\"@id\":\"https:\/\/sulsc.com\/#website\",\"url\":\"https:\/\/sulsc.com\/\",\"name\":\"\",\"description\":\"\",\"potentialAction\":[{\"@type\":\"SearchAction\",\"target\":{\"@type\":\"EntryPoint\",\"urlTemplate\":\"https:\/\/sulsc.com\/?s={search_term_string}\"},\"query-input\":\"required name=search_term_string\"}],\"inLanguage\":\"en-US\"},{\"@type\":\"Person\",\"@id\":\"https:\/\/sulsc.com\/#\/schema\/person\/84d2fc571684f6248ba83092f07750a3\",\"name\":\"Reda\u00e7\u00e3o Sul SC\",\"image\":{\"@type\":\"ImageObject\",\"inLanguage\":\"en-US\",\"@id\":\"https:\/\/sulsc.com\/#\/schema\/person\/image\/e08d7fe2cc4ed596372063bbe852b8d0\",\"url\":\"https:\/\/sulsc.com\/wp-content\/uploads\/2023\/09\/redacao.png\",\"contentUrl\":\"https:\/\/sulsc.com\/wp-content\/uploads\/2023\/09\/redacao.png\",\"caption\":\"Reda\u00e7\u00e3o Sul SC\"},\"description\":\"Foco em um jornalismo imparcial, voltado \u00e0 qualidade dos seus conte\u00fados e, assim, levar informa\u00e7\u00e3o de valor que agregue \u00e0 vida dos leitores. Esta \u00e9 grande miss\u00e3o do Portal de Not\u00edcias Sul SC. N\u00e3o \u00e9 quantidade que muda o mundo, sempre foi e seguir\u00e1 sendo qualidade!\",\"sameAs\":[\"https:\/\/sulsc.com\/\",\"https:\/\/www.facebook.com\/profile.php?id=61559278119680\",\"https:\/\/www.instagram.com\/sulscportal\/?hl=pt-br\",\"https:\/\/twitter.com\/https:\/\/twitter.com\/PortalSulSC\",\"https:\/\/www.youtube.com\/channel\/UCv_BE8GeySluDov2n8qhVmw\"],\"url\":\"https:\/\/sulsc.com\/index.php\/author\/redacao\/\"}]}<\/script>\n<!-- \/ Yoast SEO plugin. -->","yoast_head_json":{"title":"Alimentos da agricultura familiar ser\u00e3o doados para combater a fome em TB -","description":"O Programa de Aquisi\u00e7\u00e3o de Alimentos (PAA) possibilitar\u00e1 o acesso \u00e0 alimenta\u00e7\u00e3o adequada para pessoas em situa\u00e7\u00e3o de inseguran\u00e7a alimentar no munic\u00edpio","robots":{"index":"index","follow":"follow","max-snippet":"max-snippet:-1","max-image-preview":"max-image-preview:large","max-video-preview":"max-video-preview:-1"},"canonical":"https:\/\/sulsc.com\/index.php\/2024\/03\/06\/alimentos-da-agricultura-familiar-serao-doados-para-combater-a-fome-em-tb\/","og_locale":"en_US","og_type":"article","og_title":"Alimentos da agricultura familiar ser\u00e3o doados para combater a fome em TB -","og_description":"O Programa de Aquisi\u00e7\u00e3o de Alimentos (PAA) possibilitar\u00e1 o acesso \u00e0 alimenta\u00e7\u00e3o adequada para pessoas em situa\u00e7\u00e3o de inseguran\u00e7a alimentar no munic\u00edpio","og_url":"https:\/\/sulsc.com\/index.php\/2024\/03\/06\/alimentos-da-agricultura-familiar-serao-doados-para-combater-a-fome-em-tb\/","article_author":"https:\/\/www.facebook.com\/profile.php?id=61559278119680","article_published_time":"2024-03-06T17:13:28+00:00","og_image":[{"width":1280,"height":958,"url":"http:\/\/sulsc.com\/wp-content\/uploads\/2024\/03\/24.jpeg","type":"image\/jpeg"}],"author":"Reda\u00e7\u00e3o Sul SC","twitter_card":"summary_large_image","twitter_creator":"@https:\/\/twitter.com\/PortalSulSC","twitter_misc":{"Written by":"Reda\u00e7\u00e3o Sul SC","Est. reading time":"2 minutes"},"schema":{"@context":"https:\/\/schema.org","@graph":[{"@type":"WebPage","@id":"https:\/\/sulsc.com\/index.php\/2024\/03\/06\/alimentos-da-agricultura-familiar-serao-doados-para-combater-a-fome-em-tb\/","url":"https:\/\/sulsc.com\/index.php\/2024\/03\/06\/alimentos-da-agricultura-familiar-serao-doados-para-combater-a-fome-em-tb\/","name":"Alimentos da agricultura familiar ser\u00e3o doados para combater a fome em TB -","isPartOf":{"@id":"https:\/\/sulsc.com\/#website"},"datePublished":"2024-03-06T17:13:28+00:00","dateModified":"2024-03-06T17:13:28+00:00","author":{"@id":"https:\/\/sulsc.com\/#\/schema\/person\/84d2fc571684f6248ba83092f07750a3"},"description":"O Programa de Aquisi\u00e7\u00e3o de Alimentos (PAA) possibilitar\u00e1 o acesso \u00e0 alimenta\u00e7\u00e3o adequada para pessoas em situa\u00e7\u00e3o de inseguran\u00e7a alimentar no munic\u00edpio","breadcrumb":{"@id":"https:\/\/sulsc.com\/index.php\/2024\/03\/06\/alimentos-da-agricultura-familiar-serao-doados-para-combater-a-fome-em-tb\/#breadcrumb"},"inLanguage":"en-US","potentialAction":[{"@type":"ReadAction","target":["https:\/\/sulsc.com\/index.php\/2024\/03\/06\/alimentos-da-agricultura-familiar-serao-doados-para-combater-a-fome-em-tb\/"]}]},{"@type":"BreadcrumbList","@id":"https:\/\/sulsc.com\/index.php\/2024\/03\/06\/alimentos-da-agricultura-familiar-serao-doados-para-combater-a-fome-em-tb\/#breadcrumb","itemListElement":[{"@type":"ListItem","position":1,"name":"In\u00edcio","item":"https:\/\/sulsc.com\/"},{"@type":"ListItem","position":2,"name":"Alimentos da agricultura familiar ser\u00e3o doados para combater a fome em TB"}]},{"@type":"WebSite","@id":"https:\/\/sulsc.com\/#website","url":"https:\/\/sulsc.com\/","name":"","description":"","potentialAction":[{"@type":"SearchAction","target":{"@type":"EntryPoint","urlTemplate":"https:\/\/sulsc.com\/?s={search_term_string}"},"query-input":"required name=search_term_string"}],"inLanguage":"en-US"},{"@type":"Person","@id":"https:\/\/sulsc.com\/#\/schema\/person\/84d2fc571684f6248ba83092f07750a3","name":"Reda\u00e7\u00e3o Sul SC","image":{"@type":"ImageObject","inLanguage":"en-US","@id":"https:\/\/sulsc.com\/#\/schema\/person\/image\/e08d7fe2cc4ed596372063bbe852b8d0","url":"https:\/\/sulsc.com\/wp-content\/uploads\/2023\/09\/redacao.png","contentUrl":"https:\/\/sulsc.com\/wp-content\/uploads\/2023\/09\/redacao.png","caption":"Reda\u00e7\u00e3o Sul SC"},"description":"Foco em um jornalismo imparcial, voltado \u00e0 qualidade dos seus conte\u00fados e, assim, levar informa\u00e7\u00e3o de valor que agregue \u00e0 vida dos leitores. Esta \u00e9 grande miss\u00e3o do Portal de Not\u00edcias Sul SC. N\u00e3o \u00e9 quantidade que muda o mundo, sempre foi e seguir\u00e1 sendo qualidade!","sameAs":["https:\/\/sulsc.com\/","https:\/\/www.facebook.com\/profile.php?id=61559278119680","https:\/\/www.instagram.com\/sulscportal\/?hl=pt-br","https:\/\/twitter.com\/https:\/\/twitter.com\/PortalSulSC","https:\/\/www.youtube.com\/channel\/UCv_BE8GeySluDov2n8qhVmw"],"url":"https:\/\/sulsc.com\/index.php\/author\/redacao\/"}]}},"authors":[],"_links":{"self":[{"href":"https:\/\/sulsc.com\/index.php\/wp-json\/wp\/v2\/posts\/9733"}],"collection":[{"href":"https:\/\/sulsc.com\/index.php\/wp-json\/wp\/v2\/posts"}],"about":[{"href":"https:\/\/sulsc.com\/index.php\/wp-json\/wp\/v2\/types\/post"}],"author":[{"embeddable":true,"href":"https:\/\/sulsc.com\/index.php\/wp-json\/wp\/v2\/users\/3"}],"replies":[{"embeddable":true,"href":"https:\/\/sulsc.com\/index.php\/wp-json\/wp\/v2\/comments?post=9733"}],"version-history":[{"count":1,"href":"https:\/\/sulsc.com\/index.php\/wp-json\/wp\/v2\/posts\/9733\/revisions"}],"predecessor-version":[{"id":9735,"href":"https:\/\/sulsc.com\/index.php\/wp-json\/wp\/v2\/posts\/9733\/revisions\/9735"}],"wp:featuredmedia":[{"embeddable":true,"href":"https:\/\/sulsc.com\/index.php\/wp-json\/wp\/v2\/media\/9734"}],"wp:attachment":[{"href":"https:\/\/sulsc.com\/index.php\/wp-json\/wp\/v2\/media?parent=9733"}],"wp:term":[{"taxonomy":"category","embeddable":true,"href":"https:\/\/sulsc.com\/index.php\/wp-json\/wp\/v2\/categories?post=9733"},{"taxonomy":"post_tag","embeddable":true,"href":"https:\/\/sulsc.com\/index.php\/wp-json\/wp\/v2\/tags?post=9733"}],"curies":[{"name":"wp","href":"https:\/\/api.w.org\/{rel}","templated":true}]}}