{"id":9820,"date":"2024-03-08T11:32:19","date_gmt":"2024-03-08T14:32:19","guid":{"rendered":"https:\/\/sulsc.com\/?p=9820"},"modified":"2024-03-08T11:32:19","modified_gmt":"2024-03-08T14:32:19","slug":"criciuma-apresenta-dispositivo-de-emergencia-instalado-em-escolas-da-rede-municipal","status":"publish","type":"post","link":"https:\/\/sulsc.com\/index.php\/2024\/03\/08\/criciuma-apresenta-dispositivo-de-emergencia-instalado-em-escolas-da-rede-municipal\/","title":{"rendered":"Crici\u00fama apresenta &#8220;dispositivo de emerg\u00eancia\u201d instalado em escolas da rede municipal"},"content":{"rendered":"<p><img fetchpriority=\"high\" decoding=\"async\" class=\"aligncenter  wp-image-9821\" src=\"http:\/\/sulsc.com\/wp-content\/uploads\/2024\/03\/745.jpg\" alt=\"\" width=\"899\" height=\"607\" \/><\/p>\n<p>O \u201cdispositivo de emerg\u00eancia\u201d, instalado nas escolas da rede municipal, foi apresentado pela Prefeitura de <strong>Crici\u00fama<\/strong>, por meio da Secretaria Municipal de Educa\u00e7\u00e3o e da Defesa Civil, apresentou, nesta quinta-feira (7), o funcionamento do equipamento, que integra o Plano Municipal de Seguran\u00e7a Escolar, que tem o objetivo de otimizar o processo de identifica\u00e7\u00e3o, preven\u00e7\u00e3o e aux\u00edlio em poss\u00edveis riscos nas unidades educacionais criciumenses.<\/p>\n<p>Durante a cerim\u00f4nia, que contou com a presen\u00e7a do prefeito Cl\u00e9sio Salvaro, dos senadores Marcos Pontes e Esperidi\u00e3o Amin, al\u00e9m de autoridades municipais e da imprensa, a Secretaria Municipal de Educa\u00e7\u00e3o realizou a entrega dos itens aos gestores das 62 escolas da rede municipal de ensino de Crici\u00fama. \u201cEssa iniciativa \u00e9 fundamental para garantir a seguran\u00e7a das nossas crian\u00e7as, porque a partir do monitoramento em tempo real de todas as escolas, os \u00f3rg\u00e3os de seguran\u00e7a podem agir de forma mais \u00e1gil em situa\u00e7\u00f5es adversas. Crici\u00fama \u00e9 exemplo para Santa Catarina e para o Brasil\u201d, afirmou Salvaro.<\/p>\n<p>As 62 escolas da rede municipal de ensino j\u00e1 possuem o \u201cdispositivo de emerg\u00eancia\u201d conectado diretamente \u00e0s for\u00e7as de seguran\u00e7a e aos \u00f3rg\u00e3os municipais, monitorado em tempo real pelo Centro de Controle e Opera\u00e7\u00e3o (CCO), coordenado pela Defesa Civil. Outras institui\u00e7\u00f5es de ensino do munic\u00edpio podem ter suas c\u00e2meras monitoradas em tempo real pelo CCO, desde que atendam aos requisitos estabelecidos pela Defesa Civil.<\/p>\n<p>\u201cEssa jun\u00e7\u00e3o de esfor\u00e7os vai servir como exemplo para outras cidades brasileiras. \u00c9 uma \u00f3tima iniciativa para preservar a seguran\u00e7a dos nossos estudantes\u201d, contou Pontes, o primeiro e \u00fanico astronauta brasileiro. O senador visitou, ainda, o Parque Astron\u00f4mico Albert Einstein E=mc\u00b2, onde conduziu uma palestra aos estudantes da rede municipal de ensino de Crici\u00fama.<\/p>\n<p>A Secretaria promoveu uma forma\u00e7\u00e3o sobre a utiliza\u00e7\u00e3o da ferramenta. A a\u00e7\u00e3o contemplou dois profissionais de cada escola municipal, sendo que estes ser\u00e3o os respons\u00e1veis pelo crach\u00e1 de acesso ao sistema de emerg\u00eancia. A forma\u00e7\u00e3o teve como objetivo principal apresentar o sistema inovador aos profissionais da rede, al\u00e9m de instruir sobre a utiliza\u00e7\u00e3o do sistema a partir do crach\u00e1 de acesso e como identificar e agir em situa\u00e7\u00f5es de poss\u00edveis riscos.<\/p>\n<p>\u201cEssa forma\u00e7\u00e3o foi feita para garantir que os profissionais saibam como agir em situa\u00e7\u00f5es que apresentem riscos aos nossos estudantes, trabalhando, sempre, para que o tempo-resposta do CCO seja o menor poss\u00edvel\u201d, contou o secret\u00e1rio municipal de Educa\u00e7\u00e3o, Celito Cardoso.<\/p>\n<p><strong>Escolas mais seguras<\/strong><br \/>\nAl\u00e9m do aux\u00edlio do CCO de Crici\u00fama, todas as escolas da rede municipal de ensino devem receber a cobertura de concertinas, dispositivo que dificulta a entrada de pessoas mal intencionadas. As escolas municipais possuem, ainda, circuitos fechados de TV (CFTV) e sensores de presen\u00e7a com alarmes para monitoramento e vigil\u00e2ncia patrimonial. A entrega anual de kits de uniformes escolares contribui, tamb\u00e9m, para a seguran\u00e7a dos estudantes, uma vez que a uniformiza\u00e7\u00e3o facilita a identifica\u00e7\u00e3o dos alunos e agiliza o aux\u00edlio em situa\u00e7\u00f5es adversas.<\/p>\n<p><strong>CCO de Crici\u00fama<\/strong><br \/>\nImplantado pela Administra\u00e7\u00e3o Municipal em 2023, o CCO de Crici\u00fama \u00e9 uma unidade interna equipada com 18 telas de 65 polegadas, que monitoram mais de 264 c\u00e2meras instaladas estrategicamente nas escolas municipais e nas creches da Associa\u00e7\u00e3o Feminina de Assist\u00eancia Social de Crici\u00fama (Afasc). Em casos de emerg\u00eancia, entre outras situa\u00e7\u00f5es incomuns no ambiente escolar, \u00e9 o CCO que deve oferecer suporte direto \u00e0s escolas.<\/p>\n","protected":false},"excerpt":{"rendered":"<p>O \u201cdispositivo de emerg\u00eancia\u201d, instalado nas escolas da rede municipal, foi apresentado pela Prefeitura de Crici\u00fama, por meio da Secretaria Municipal de Educa\u00e7\u00e3o e da Defesa Civil, apresentou, nesta quinta-feira (7), o funcionamento do equipamento, que integra o Plano Municipal de Seguran\u00e7a Escolar, que tem o objetivo de otimizar o processo de identifica\u00e7\u00e3o, preven\u00e7\u00e3o e &hellip;<\/p>\n<p class=\"read-more\"> <a class=\"\" href=\"https:\/\/sulsc.com\/index.php\/2024\/03\/08\/criciuma-apresenta-dispositivo-de-emergencia-instalado-em-escolas-da-rede-municipal\/\"> <span class=\"screen-reader-text\">Crici\u00fama apresenta &#8220;dispositivo de emerg\u00eancia\u201d instalado em escolas da rede municipal<\/span> Read More &raquo;<\/a><\/p>\n","protected":false},"author":3,"featured_media":9821,"comment_status":"open","ping_status":"open","sticky":false,"template":"","format":"standard","meta":{"site-sidebar-layout":"default","site-content-layout":"","ast-site-content-layout":"default","site-content-style":"default","site-sidebar-style":"default","ast-global-header-display":"","ast-banner-title-visibility":"","ast-main-header-display":"","ast-hfb-above-header-display":"","ast-hfb-below-header-display":"","ast-hfb-mobile-header-display":"","site-post-title":"","ast-breadcrumbs-content":"","ast-featured-img":"","footer-sml-layout":"","theme-transparent-header-meta":"default","adv-header-id-meta":"","stick-header-meta":"","header-above-stick-meta":"","header-main-stick-meta":"","header-below-stick-meta":"","astra-migrate-meta-layouts":"set","footnotes":""},"categories":[23],"tags":[92,1530,1532,1531,1529],"yoast_head":"<!-- This site is optimized with the Yoast SEO plugin v21.4 - https:\/\/yoast.com\/wordpress\/plugins\/seo\/ -->\n<title>Crici\u00fama apresenta &quot;dispositivo de emerg\u00eancia\u201d instalado em escolas da rede municipal -<\/title>\n<meta name=\"description\" content=\"Ferramenta integra o Plano Municipal de Seguran\u00e7a Escolar, que visa otimizar o processo de identifica\u00e7\u00e3o, preven\u00e7\u00e3o e aux\u00edlio em poss\u00edveis riscos\" \/>\n<meta name=\"robots\" content=\"index, follow, max-snippet:-1, max-image-preview:large, max-video-preview:-1\" \/>\n<link rel=\"canonical\" href=\"https:\/\/sulsc.com\/index.php\/2024\/03\/08\/criciuma-apresenta-dispositivo-de-emergencia-instalado-em-escolas-da-rede-municipal\/\" \/>\n<meta property=\"og:locale\" content=\"en_US\" \/>\n<meta property=\"og:type\" content=\"article\" \/>\n<meta property=\"og:title\" content=\"Crici\u00fama apresenta &quot;dispositivo de emerg\u00eancia\u201d instalado em escolas da rede municipal -\" \/>\n<meta property=\"og:description\" content=\"Ferramenta integra o Plano Municipal de Seguran\u00e7a Escolar, que visa otimizar o processo de identifica\u00e7\u00e3o, preven\u00e7\u00e3o e aux\u00edlio em poss\u00edveis riscos\" \/>\n<meta property=\"og:url\" content=\"https:\/\/sulsc.com\/index.php\/2024\/03\/08\/criciuma-apresenta-dispositivo-de-emergencia-instalado-em-escolas-da-rede-municipal\/\" \/>\n<meta property=\"article:author\" content=\"https:\/\/www.facebook.com\/profile.php?id=61559278119680\" \/>\n<meta property=\"article:published_time\" content=\"2024-03-08T14:32:19+00:00\" \/>\n<meta property=\"og:image\" content=\"http:\/\/sulsc.com\/wp-content\/uploads\/2024\/03\/745.jpg\" \/>\n\t<meta property=\"og:image:width\" content=\"800\" \/>\n\t<meta property=\"og:image:height\" content=\"547\" \/>\n\t<meta property=\"og:image:type\" content=\"image\/jpeg\" \/>\n<meta name=\"author\" content=\"Reda\u00e7\u00e3o Sul SC\" \/>\n<meta name=\"twitter:card\" content=\"summary_large_image\" \/>\n<meta name=\"twitter:creator\" content=\"@https:\/\/twitter.com\/PortalSulSC\" \/>\n<meta name=\"twitter:label1\" content=\"Written by\" \/>\n\t<meta name=\"twitter:data1\" content=\"Reda\u00e7\u00e3o Sul SC\" \/>\n\t<meta name=\"twitter:label2\" content=\"Est. reading time\" \/>\n\t<meta name=\"twitter:data2\" content=\"4 minutes\" \/>\n<script type=\"application\/ld+json\" class=\"yoast-schema-graph\">{\"@context\":\"https:\/\/schema.org\",\"@graph\":[{\"@type\":\"WebPage\",\"@id\":\"https:\/\/sulsc.com\/index.php\/2024\/03\/08\/criciuma-apresenta-dispositivo-de-emergencia-instalado-em-escolas-da-rede-municipal\/\",\"url\":\"https:\/\/sulsc.com\/index.php\/2024\/03\/08\/criciuma-apresenta-dispositivo-de-emergencia-instalado-em-escolas-da-rede-municipal\/\",\"name\":\"Crici\u00fama apresenta \\\"dispositivo de emerg\u00eancia\u201d instalado em escolas da rede municipal -\",\"isPartOf\":{\"@id\":\"https:\/\/sulsc.com\/#website\"},\"datePublished\":\"2024-03-08T14:32:19+00:00\",\"dateModified\":\"2024-03-08T14:32:19+00:00\",\"author\":{\"@id\":\"https:\/\/sulsc.com\/#\/schema\/person\/84d2fc571684f6248ba83092f07750a3\"},\"description\":\"Ferramenta integra o Plano Municipal de Seguran\u00e7a Escolar, que visa otimizar o processo de identifica\u00e7\u00e3o, preven\u00e7\u00e3o e aux\u00edlio em poss\u00edveis riscos\",\"breadcrumb\":{\"@id\":\"https:\/\/sulsc.com\/index.php\/2024\/03\/08\/criciuma-apresenta-dispositivo-de-emergencia-instalado-em-escolas-da-rede-municipal\/#breadcrumb\"},\"inLanguage\":\"en-US\",\"potentialAction\":[{\"@type\":\"ReadAction\",\"target\":[\"https:\/\/sulsc.com\/index.php\/2024\/03\/08\/criciuma-apresenta-dispositivo-de-emergencia-instalado-em-escolas-da-rede-municipal\/\"]}]},{\"@type\":\"BreadcrumbList\",\"@id\":\"https:\/\/sulsc.com\/index.php\/2024\/03\/08\/criciuma-apresenta-dispositivo-de-emergencia-instalado-em-escolas-da-rede-municipal\/#breadcrumb\",\"itemListElement\":[{\"@type\":\"ListItem\",\"position\":1,\"name\":\"In\u00edcio\",\"item\":\"https:\/\/sulsc.com\/\"},{\"@type\":\"ListItem\",\"position\":2,\"name\":\"Crici\u00fama apresenta &#8220;dispositivo de emerg\u00eancia\u201d instalado em escolas da rede municipal\"}]},{\"@type\":\"WebSite\",\"@id\":\"https:\/\/sulsc.com\/#website\",\"url\":\"https:\/\/sulsc.com\/\",\"name\":\"\",\"description\":\"\",\"potentialAction\":[{\"@type\":\"SearchAction\",\"target\":{\"@type\":\"EntryPoint\",\"urlTemplate\":\"https:\/\/sulsc.com\/?s={search_term_string}\"},\"query-input\":\"required name=search_term_string\"}],\"inLanguage\":\"en-US\"},{\"@type\":\"Person\",\"@id\":\"https:\/\/sulsc.com\/#\/schema\/person\/84d2fc571684f6248ba83092f07750a3\",\"name\":\"Reda\u00e7\u00e3o Sul SC\",\"image\":{\"@type\":\"ImageObject\",\"inLanguage\":\"en-US\",\"@id\":\"https:\/\/sulsc.com\/#\/schema\/person\/image\/e08d7fe2cc4ed596372063bbe852b8d0\",\"url\":\"https:\/\/sulsc.com\/wp-content\/uploads\/2023\/09\/redacao.png\",\"contentUrl\":\"https:\/\/sulsc.com\/wp-content\/uploads\/2023\/09\/redacao.png\",\"caption\":\"Reda\u00e7\u00e3o Sul SC\"},\"description\":\"Foco em um jornalismo imparcial, voltado \u00e0 qualidade dos seus conte\u00fados e, assim, levar informa\u00e7\u00e3o de valor que agregue \u00e0 vida dos leitores. Esta \u00e9 grande miss\u00e3o do Portal de Not\u00edcias Sul SC. N\u00e3o \u00e9 quantidade que muda o mundo, sempre foi e seguir\u00e1 sendo qualidade!\",\"sameAs\":[\"https:\/\/sulsc.com\/\",\"https:\/\/www.facebook.com\/profile.php?id=61559278119680\",\"https:\/\/www.instagram.com\/sulscportal\/?hl=pt-br\",\"https:\/\/twitter.com\/https:\/\/twitter.com\/PortalSulSC\",\"https:\/\/www.youtube.com\/channel\/UCv_BE8GeySluDov2n8qhVmw\"],\"url\":\"https:\/\/sulsc.com\/index.php\/author\/redacao\/\"}]}<\/script>\n<!-- \/ Yoast SEO plugin. -->","yoast_head_json":{"title":"Crici\u00fama apresenta \"dispositivo de emerg\u00eancia\u201d instalado em escolas da rede municipal -","description":"Ferramenta integra o Plano Municipal de Seguran\u00e7a Escolar, que visa otimizar o processo de identifica\u00e7\u00e3o, preven\u00e7\u00e3o e aux\u00edlio em poss\u00edveis riscos","robots":{"index":"index","follow":"follow","max-snippet":"max-snippet:-1","max-image-preview":"max-image-preview:large","max-video-preview":"max-video-preview:-1"},"canonical":"https:\/\/sulsc.com\/index.php\/2024\/03\/08\/criciuma-apresenta-dispositivo-de-emergencia-instalado-em-escolas-da-rede-municipal\/","og_locale":"en_US","og_type":"article","og_title":"Crici\u00fama apresenta \"dispositivo de emerg\u00eancia\u201d instalado em escolas da rede municipal -","og_description":"Ferramenta integra o Plano Municipal de Seguran\u00e7a Escolar, que visa otimizar o processo de identifica\u00e7\u00e3o, preven\u00e7\u00e3o e aux\u00edlio em poss\u00edveis riscos","og_url":"https:\/\/sulsc.com\/index.php\/2024\/03\/08\/criciuma-apresenta-dispositivo-de-emergencia-instalado-em-escolas-da-rede-municipal\/","article_author":"https:\/\/www.facebook.com\/profile.php?id=61559278119680","article_published_time":"2024-03-08T14:32:19+00:00","og_image":[{"width":800,"height":547,"url":"http:\/\/sulsc.com\/wp-content\/uploads\/2024\/03\/745.jpg","type":"image\/jpeg"}],"author":"Reda\u00e7\u00e3o Sul SC","twitter_card":"summary_large_image","twitter_creator":"@https:\/\/twitter.com\/PortalSulSC","twitter_misc":{"Written by":"Reda\u00e7\u00e3o Sul SC","Est. reading time":"4 minutes"},"schema":{"@context":"https:\/\/schema.org","@graph":[{"@type":"WebPage","@id":"https:\/\/sulsc.com\/index.php\/2024\/03\/08\/criciuma-apresenta-dispositivo-de-emergencia-instalado-em-escolas-da-rede-municipal\/","url":"https:\/\/sulsc.com\/index.php\/2024\/03\/08\/criciuma-apresenta-dispositivo-de-emergencia-instalado-em-escolas-da-rede-municipal\/","name":"Crici\u00fama apresenta \"dispositivo de emerg\u00eancia\u201d instalado em escolas da rede municipal -","isPartOf":{"@id":"https:\/\/sulsc.com\/#website"},"datePublished":"2024-03-08T14:32:19+00:00","dateModified":"2024-03-08T14:32:19+00:00","author":{"@id":"https:\/\/sulsc.com\/#\/schema\/person\/84d2fc571684f6248ba83092f07750a3"},"description":"Ferramenta integra o Plano Municipal de Seguran\u00e7a Escolar, que visa otimizar o processo de identifica\u00e7\u00e3o, preven\u00e7\u00e3o e aux\u00edlio em poss\u00edveis riscos","breadcrumb":{"@id":"https:\/\/sulsc.com\/index.php\/2024\/03\/08\/criciuma-apresenta-dispositivo-de-emergencia-instalado-em-escolas-da-rede-municipal\/#breadcrumb"},"inLanguage":"en-US","potentialAction":[{"@type":"ReadAction","target":["https:\/\/sulsc.com\/index.php\/2024\/03\/08\/criciuma-apresenta-dispositivo-de-emergencia-instalado-em-escolas-da-rede-municipal\/"]}]},{"@type":"BreadcrumbList","@id":"https:\/\/sulsc.com\/index.php\/2024\/03\/08\/criciuma-apresenta-dispositivo-de-emergencia-instalado-em-escolas-da-rede-municipal\/#breadcrumb","itemListElement":[{"@type":"ListItem","position":1,"name":"In\u00edcio","item":"https:\/\/sulsc.com\/"},{"@type":"ListItem","position":2,"name":"Crici\u00fama apresenta &#8220;dispositivo de emerg\u00eancia\u201d instalado em escolas da rede municipal"}]},{"@type":"WebSite","@id":"https:\/\/sulsc.com\/#website","url":"https:\/\/sulsc.com\/","name":"","description":"","potentialAction":[{"@type":"SearchAction","target":{"@type":"EntryPoint","urlTemplate":"https:\/\/sulsc.com\/?s={search_term_string}"},"query-input":"required name=search_term_string"}],"inLanguage":"en-US"},{"@type":"Person","@id":"https:\/\/sulsc.com\/#\/schema\/person\/84d2fc571684f6248ba83092f07750a3","name":"Reda\u00e7\u00e3o Sul SC","image":{"@type":"ImageObject","inLanguage":"en-US","@id":"https:\/\/sulsc.com\/#\/schema\/person\/image\/e08d7fe2cc4ed596372063bbe852b8d0","url":"https:\/\/sulsc.com\/wp-content\/uploads\/2023\/09\/redacao.png","contentUrl":"https:\/\/sulsc.com\/wp-content\/uploads\/2023\/09\/redacao.png","caption":"Reda\u00e7\u00e3o Sul SC"},"description":"Foco em um jornalismo imparcial, voltado \u00e0 qualidade dos seus conte\u00fados e, assim, levar informa\u00e7\u00e3o de valor que agregue \u00e0 vida dos leitores. Esta \u00e9 grande miss\u00e3o do Portal de Not\u00edcias Sul SC. N\u00e3o \u00e9 quantidade que muda o mundo, sempre foi e seguir\u00e1 sendo qualidade!","sameAs":["https:\/\/sulsc.com\/","https:\/\/www.facebook.com\/profile.php?id=61559278119680","https:\/\/www.instagram.com\/sulscportal\/?hl=pt-br","https:\/\/twitter.com\/https:\/\/twitter.com\/PortalSulSC","https:\/\/www.youtube.com\/channel\/UCv_BE8GeySluDov2n8qhVmw"],"url":"https:\/\/sulsc.com\/index.php\/author\/redacao\/"}]}},"authors":[],"_links":{"self":[{"href":"https:\/\/sulsc.com\/index.php\/wp-json\/wp\/v2\/posts\/9820"}],"collection":[{"href":"https:\/\/sulsc.com\/index.php\/wp-json\/wp\/v2\/posts"}],"about":[{"href":"https:\/\/sulsc.com\/index.php\/wp-json\/wp\/v2\/types\/post"}],"author":[{"embeddable":true,"href":"https:\/\/sulsc.com\/index.php\/wp-json\/wp\/v2\/users\/3"}],"replies":[{"embeddable":true,"href":"https:\/\/sulsc.com\/index.php\/wp-json\/wp\/v2\/comments?post=9820"}],"version-history":[{"count":1,"href":"https:\/\/sulsc.com\/index.php\/wp-json\/wp\/v2\/posts\/9820\/revisions"}],"predecessor-version":[{"id":9822,"href":"https:\/\/sulsc.com\/index.php\/wp-json\/wp\/v2\/posts\/9820\/revisions\/9822"}],"wp:featuredmedia":[{"embeddable":true,"href":"https:\/\/sulsc.com\/index.php\/wp-json\/wp\/v2\/media\/9821"}],"wp:attachment":[{"href":"https:\/\/sulsc.com\/index.php\/wp-json\/wp\/v2\/media?parent=9820"}],"wp:term":[{"taxonomy":"category","embeddable":true,"href":"https:\/\/sulsc.com\/index.php\/wp-json\/wp\/v2\/categories?post=9820"},{"taxonomy":"post_tag","embeddable":true,"href":"https:\/\/sulsc.com\/index.php\/wp-json\/wp\/v2\/tags?post=9820"}],"curies":[{"name":"wp","href":"https:\/\/api.w.org\/{rel}","templated":true}]}}