{"id":9877,"date":"2024-03-10T11:00:45","date_gmt":"2024-03-10T14:00:45","guid":{"rendered":"https:\/\/sulsc.com\/?p=9877"},"modified":"2024-03-10T11:00:45","modified_gmt":"2024-03-10T14:00:45","slug":"artigo-fcf-manda-arrombar-sala-privada-sem-mandado-de-busca-e-apreensao","status":"publish","type":"post","link":"https:\/\/sulsc.com\/index.php\/2024\/03\/10\/artigo-fcf-manda-arrombar-sala-privada-sem-mandado-de-busca-e-apreensao\/","title":{"rendered":"ARTIGO: FCF manda arrombar sala privada sem mandado de busca e apreens\u00e3o"},"content":{"rendered":"<p><img fetchpriority=\"high\" decoding=\"async\" class=\"aligncenter size-full wp-image-9878\" src=\"http:\/\/sulsc.com\/wp-content\/uploads\/2024\/03\/8-2-scaled.jpg\" alt=\"\" width=\"2560\" height=\"1981\" srcset=\"https:\/\/sulsc.com\/wp-content\/uploads\/2024\/03\/8-2-scaled.jpg 2560w, https:\/\/sulsc.com\/wp-content\/uploads\/2024\/03\/8-2-300x232.jpg 300w, https:\/\/sulsc.com\/wp-content\/uploads\/2024\/03\/8-2-1024x792.jpg 1024w, https:\/\/sulsc.com\/wp-content\/uploads\/2024\/03\/8-2-768x594.jpg 768w, https:\/\/sulsc.com\/wp-content\/uploads\/2024\/03\/8-2-1536x1189.jpg 1536w, https:\/\/sulsc.com\/wp-content\/uploads\/2024\/03\/8-2-2048x1585.jpg 2048w\" sizes=\"(max-width: 2560px) 100vw, 2560px\" \/><\/p>\n<p>A censura da Federa\u00e7\u00e3o Catarinense de Futebol (FCF) e o poss\u00edvel ato criminoso deles em querer arrombar a porta de instrumentos, faixas e apetrechos da Torcida Organizada Imp\u00e9rio Vermelho (TOIV), do Herc\u00edlio Luz, no in\u00edcio do primeiro tempo do jogo deste s\u00e1bado (9), no Est\u00e1dio An\u00edbal Torres Costa, em Tubar\u00e3o, precisa ser explicitada. O motivo alegado pelos seguran\u00e7as da FCF seria apreender uma faixa de dez metros com os dizeres &#8220;Fora Rubinho&#8221;, erguida durante a cerim\u00f4nia do hino nacional brasileiro e hino de Santa Catarina antes da partida entre Le\u00e3o do Sul e Tigre.<\/p>\n<p>Membros da TOIV garantem que o protesto foi pac\u00edfico por parte dos torcedores e seria apenas para manifestar a imposi\u00e7\u00e3o feita pela Federa\u00e7\u00e3o em rela\u00e7\u00e3o ao VAR, arbitrando o uso do equipamento, mesmo que, segundo dirigentes colorados prometido, na \u00faltima segunda-feira (4), em reuni\u00e3o com o presidente da entidade m\u00e1xima do futebol barriga-verde, Rubinho Angelotti, que o equipamento n\u00e3o seria utilizado, pois n\u00e3o era a intens\u00e3o do clube mandante e tamb\u00e9m concordado pelo pr\u00f3prio cartola da FCF, que j\u00e1 presidiu o Crici\u00fama, que n\u00e3o teria VAR.<\/p>\n<p>Dentre essas situa\u00e7\u00f5es e uma nota oficial da entidade ameando punir o clube e\/ou o presidente do Herc\u00edlio Luz SAF, Vinicius Gaidzinski, levando o caso ao Tribunal de Justi\u00e7a Desportiva (TJD), em Florian\u00f3polis. A cereja do bolo foi que a cabine do VAR chegou a An\u00edbal Costa na carroceria de um ve\u00edculo plotado com logos do clube carvoeiro e por funcion\u00e1rios do Tigre, o que foi um tapa na cara do apaixonado torcedor hercilista.<\/p>\n<p>\u00c9 importante frisar que a tal faixa de nada denegria o nome de Rubinho ou continha palavras de baixo cal\u00e3o e que o ato arbitrado de tentativa de invas\u00e3o da sala da Organizada n\u00e3o tem a\u00e7\u00e3o legal, pelo contr\u00e1rio, a FCF a equipe da seguran\u00e7a privada provavelmente incorreram ao crime previsto no artigo 150 do C\u00f3digo Penal, o qual comete o delito nele previsto aquele que entra ou permanece, clandestina ou astuciosamente, ou contra a vontade expressa ou t\u00e1cita de quem direito, em casa alheia ou em suas depend\u00eancias privadas de qualquer pessoa f\u00edsica ou jur\u00eddica.<\/p>\n<p>A TOIV \u00e9 uma institui\u00e7\u00e3o consolidada no cen\u00e1rio catarinense, completar\u00e1 15 anos de funda\u00e7\u00e3o no pr\u00f3ximo dia 30, \u00e9 reconhecida como empresa associativista, com membros diretivos como presidente, vice-presidente, tesoureiro, dentre outros. Um boletim de ocorr\u00eancia teria sido feito contra o ato de tentativa de arrombamento. \u00c9 importante frisar que para tal seria necess\u00e1rio a aquisi\u00e7\u00e3o de mandado de busca e apreens\u00e3o, como rege a lei.<\/p>\n<p>N\u00e3o conseguindo serrar o cadeado da porta da torcida, tanto FCF quanto seguran\u00e7as privados solicitaram apoio da Pol\u00edcia Militar de Tubar\u00e3o, que teria obrigado membros da Imp\u00e9rio Vermelho a abrir a porta e confiscar tal faixa &#8220;Fora Rubinho&#8221;, ou seja, tamb\u00e9m possivelmente incorrendo ou sendo c\u00famplice ao crime previsto no art. 150 do C\u00f3digo Penal Brasileiro (CPB). \u00c9 hora de dizer basta \u00e0 censura da FCF! Chega de censura! O futebol \u00e9 do povo e vivemos em um pa\u00eds livre&#8230; Ainda.<\/p>\n","protected":false},"excerpt":{"rendered":"<p>A censura da Federa\u00e7\u00e3o Catarinense de Futebol (FCF) e o poss\u00edvel ato criminoso deles em querer arrombar a porta de instrumentos, faixas e apetrechos da Torcida Organizada Imp\u00e9rio Vermelho (TOIV), do Herc\u00edlio Luz, no in\u00edcio do primeiro tempo do jogo deste s\u00e1bado (9), no Est\u00e1dio An\u00edbal Torres Costa, em Tubar\u00e3o, precisa ser explicitada. O motivo &hellip;<\/p>\n<p class=\"read-more\"> <a class=\"\" href=\"https:\/\/sulsc.com\/index.php\/2024\/03\/10\/artigo-fcf-manda-arrombar-sala-privada-sem-mandado-de-busca-e-apreensao\/\"> <span class=\"screen-reader-text\">ARTIGO: FCF manda arrombar sala privada sem mandado de busca e apreens\u00e3o<\/span> Read More &raquo;<\/a><\/p>\n","protected":false},"author":3,"featured_media":9878,"comment_status":"open","ping_status":"open","sticky":false,"template":"","format":"standard","meta":{"site-sidebar-layout":"default","site-content-layout":"","ast-site-content-layout":"default","site-content-style":"default","site-sidebar-style":"default","ast-global-header-display":"","ast-banner-title-visibility":"","ast-main-header-display":"","ast-hfb-above-header-display":"","ast-hfb-below-header-display":"","ast-hfb-mobile-header-display":"","site-post-title":"","ast-breadcrumbs-content":"","ast-featured-img":"","footer-sml-layout":"","theme-transparent-header-meta":"default","adv-header-id-meta":"","stick-header-meta":"","header-above-stick-meta":"","header-main-stick-meta":"","header-below-stick-meta":"","astra-migrate-meta-layouts":"set","footnotes":""},"categories":[694],"tags":[],"yoast_head":"<!-- This site is optimized with the Yoast SEO plugin v21.4 - https:\/\/yoast.com\/wordpress\/plugins\/seo\/ -->\n<title>ARTIGO: FCF manda arrombar sala privada sem mandado de busca e apreens\u00e3o -<\/title>\n<meta name=\"description\" content=\"\u00c9 importante frisar que a tal faixa de nada denegria o nome de Rubinho ou continha palavras de baixo cal\u00e3o e que o ato arbitrado de tentativa de invas\u00e3o da sala da Organizada n\u00e3o tem a\u00e7\u00e3o legal\" \/>\n<meta name=\"robots\" content=\"index, follow, max-snippet:-1, max-image-preview:large, max-video-preview:-1\" \/>\n<link rel=\"canonical\" href=\"https:\/\/sulsc.com\/index.php\/2024\/03\/10\/artigo-fcf-manda-arrombar-sala-privada-sem-mandado-de-busca-e-apreensao\/\" \/>\n<meta property=\"og:locale\" content=\"en_US\" \/>\n<meta property=\"og:type\" content=\"article\" \/>\n<meta property=\"og:title\" content=\"ARTIGO: FCF manda arrombar sala privada sem mandado de busca e apreens\u00e3o -\" \/>\n<meta property=\"og:description\" content=\"\u00c9 importante frisar que a tal faixa de nada denegria o nome de Rubinho ou continha palavras de baixo cal\u00e3o e que o ato arbitrado de tentativa de invas\u00e3o da sala da Organizada n\u00e3o tem a\u00e7\u00e3o legal\" \/>\n<meta property=\"og:url\" content=\"https:\/\/sulsc.com\/index.php\/2024\/03\/10\/artigo-fcf-manda-arrombar-sala-privada-sem-mandado-de-busca-e-apreensao\/\" \/>\n<meta property=\"article:author\" content=\"https:\/\/www.facebook.com\/profile.php?id=61559278119680\" \/>\n<meta property=\"article:published_time\" content=\"2024-03-10T14:00:45+00:00\" \/>\n<meta property=\"og:image\" content=\"http:\/\/sulsc.com\/wp-content\/uploads\/2024\/03\/8-2-scaled.jpg\" \/>\n\t<meta property=\"og:image:width\" content=\"2560\" \/>\n\t<meta property=\"og:image:height\" content=\"1981\" \/>\n\t<meta property=\"og:image:type\" content=\"image\/jpeg\" \/>\n<meta name=\"author\" content=\"Reda\u00e7\u00e3o Sul SC\" \/>\n<meta name=\"twitter:card\" content=\"summary_large_image\" \/>\n<meta name=\"twitter:creator\" content=\"@https:\/\/twitter.com\/PortalSulSC\" \/>\n<meta name=\"twitter:label1\" content=\"Written by\" \/>\n\t<meta name=\"twitter:data1\" content=\"Reda\u00e7\u00e3o Sul SC\" \/>\n\t<meta name=\"twitter:label2\" content=\"Est. reading time\" \/>\n\t<meta name=\"twitter:data2\" content=\"3 minutes\" \/>\n<script type=\"application\/ld+json\" class=\"yoast-schema-graph\">{\"@context\":\"https:\/\/schema.org\",\"@graph\":[{\"@type\":\"WebPage\",\"@id\":\"https:\/\/sulsc.com\/index.php\/2024\/03\/10\/artigo-fcf-manda-arrombar-sala-privada-sem-mandado-de-busca-e-apreensao\/\",\"url\":\"https:\/\/sulsc.com\/index.php\/2024\/03\/10\/artigo-fcf-manda-arrombar-sala-privada-sem-mandado-de-busca-e-apreensao\/\",\"name\":\"ARTIGO: FCF manda arrombar sala privada sem mandado de busca e apreens\u00e3o -\",\"isPartOf\":{\"@id\":\"https:\/\/sulsc.com\/#website\"},\"datePublished\":\"2024-03-10T14:00:45+00:00\",\"dateModified\":\"2024-03-10T14:00:45+00:00\",\"author\":{\"@id\":\"https:\/\/sulsc.com\/#\/schema\/person\/84d2fc571684f6248ba83092f07750a3\"},\"description\":\"\u00c9 importante frisar que a tal faixa de nada denegria o nome de Rubinho ou continha palavras de baixo cal\u00e3o e que o ato arbitrado de tentativa de invas\u00e3o da sala da Organizada n\u00e3o tem a\u00e7\u00e3o legal\",\"breadcrumb\":{\"@id\":\"https:\/\/sulsc.com\/index.php\/2024\/03\/10\/artigo-fcf-manda-arrombar-sala-privada-sem-mandado-de-busca-e-apreensao\/#breadcrumb\"},\"inLanguage\":\"en-US\",\"potentialAction\":[{\"@type\":\"ReadAction\",\"target\":[\"https:\/\/sulsc.com\/index.php\/2024\/03\/10\/artigo-fcf-manda-arrombar-sala-privada-sem-mandado-de-busca-e-apreensao\/\"]}]},{\"@type\":\"BreadcrumbList\",\"@id\":\"https:\/\/sulsc.com\/index.php\/2024\/03\/10\/artigo-fcf-manda-arrombar-sala-privada-sem-mandado-de-busca-e-apreensao\/#breadcrumb\",\"itemListElement\":[{\"@type\":\"ListItem\",\"position\":1,\"name\":\"In\u00edcio\",\"item\":\"https:\/\/sulsc.com\/\"},{\"@type\":\"ListItem\",\"position\":2,\"name\":\"ARTIGO: FCF manda arrombar sala privada sem mandado de busca e apreens\u00e3o\"}]},{\"@type\":\"WebSite\",\"@id\":\"https:\/\/sulsc.com\/#website\",\"url\":\"https:\/\/sulsc.com\/\",\"name\":\"\",\"description\":\"\",\"potentialAction\":[{\"@type\":\"SearchAction\",\"target\":{\"@type\":\"EntryPoint\",\"urlTemplate\":\"https:\/\/sulsc.com\/?s={search_term_string}\"},\"query-input\":\"required name=search_term_string\"}],\"inLanguage\":\"en-US\"},{\"@type\":\"Person\",\"@id\":\"https:\/\/sulsc.com\/#\/schema\/person\/84d2fc571684f6248ba83092f07750a3\",\"name\":\"Reda\u00e7\u00e3o Sul SC\",\"image\":{\"@type\":\"ImageObject\",\"inLanguage\":\"en-US\",\"@id\":\"https:\/\/sulsc.com\/#\/schema\/person\/image\/e08d7fe2cc4ed596372063bbe852b8d0\",\"url\":\"https:\/\/sulsc.com\/wp-content\/uploads\/2023\/09\/redacao.png\",\"contentUrl\":\"https:\/\/sulsc.com\/wp-content\/uploads\/2023\/09\/redacao.png\",\"caption\":\"Reda\u00e7\u00e3o Sul SC\"},\"description\":\"Foco em um jornalismo imparcial, voltado \u00e0 qualidade dos seus conte\u00fados e, assim, levar informa\u00e7\u00e3o de valor que agregue \u00e0 vida dos leitores. Esta \u00e9 grande miss\u00e3o do Portal de Not\u00edcias Sul SC. N\u00e3o \u00e9 quantidade que muda o mundo, sempre foi e seguir\u00e1 sendo qualidade!\",\"sameAs\":[\"https:\/\/sulsc.com\/\",\"https:\/\/www.facebook.com\/profile.php?id=61559278119680\",\"https:\/\/www.instagram.com\/sulscportal\/?hl=pt-br\",\"https:\/\/twitter.com\/https:\/\/twitter.com\/PortalSulSC\",\"https:\/\/www.youtube.com\/channel\/UCv_BE8GeySluDov2n8qhVmw\"],\"url\":\"https:\/\/sulsc.com\/index.php\/author\/redacao\/\"}]}<\/script>\n<!-- \/ Yoast SEO plugin. -->","yoast_head_json":{"title":"ARTIGO: FCF manda arrombar sala privada sem mandado de busca e apreens\u00e3o -","description":"\u00c9 importante frisar que a tal faixa de nada denegria o nome de Rubinho ou continha palavras de baixo cal\u00e3o e que o ato arbitrado de tentativa de invas\u00e3o da sala da Organizada n\u00e3o tem a\u00e7\u00e3o legal","robots":{"index":"index","follow":"follow","max-snippet":"max-snippet:-1","max-image-preview":"max-image-preview:large","max-video-preview":"max-video-preview:-1"},"canonical":"https:\/\/sulsc.com\/index.php\/2024\/03\/10\/artigo-fcf-manda-arrombar-sala-privada-sem-mandado-de-busca-e-apreensao\/","og_locale":"en_US","og_type":"article","og_title":"ARTIGO: FCF manda arrombar sala privada sem mandado de busca e apreens\u00e3o -","og_description":"\u00c9 importante frisar que a tal faixa de nada denegria o nome de Rubinho ou continha palavras de baixo cal\u00e3o e que o ato arbitrado de tentativa de invas\u00e3o da sala da Organizada n\u00e3o tem a\u00e7\u00e3o legal","og_url":"https:\/\/sulsc.com\/index.php\/2024\/03\/10\/artigo-fcf-manda-arrombar-sala-privada-sem-mandado-de-busca-e-apreensao\/","article_author":"https:\/\/www.facebook.com\/profile.php?id=61559278119680","article_published_time":"2024-03-10T14:00:45+00:00","og_image":[{"width":2560,"height":1981,"url":"http:\/\/sulsc.com\/wp-content\/uploads\/2024\/03\/8-2-scaled.jpg","type":"image\/jpeg"}],"author":"Reda\u00e7\u00e3o Sul SC","twitter_card":"summary_large_image","twitter_creator":"@https:\/\/twitter.com\/PortalSulSC","twitter_misc":{"Written by":"Reda\u00e7\u00e3o Sul SC","Est. reading time":"3 minutes"},"schema":{"@context":"https:\/\/schema.org","@graph":[{"@type":"WebPage","@id":"https:\/\/sulsc.com\/index.php\/2024\/03\/10\/artigo-fcf-manda-arrombar-sala-privada-sem-mandado-de-busca-e-apreensao\/","url":"https:\/\/sulsc.com\/index.php\/2024\/03\/10\/artigo-fcf-manda-arrombar-sala-privada-sem-mandado-de-busca-e-apreensao\/","name":"ARTIGO: FCF manda arrombar sala privada sem mandado de busca e apreens\u00e3o -","isPartOf":{"@id":"https:\/\/sulsc.com\/#website"},"datePublished":"2024-03-10T14:00:45+00:00","dateModified":"2024-03-10T14:00:45+00:00","author":{"@id":"https:\/\/sulsc.com\/#\/schema\/person\/84d2fc571684f6248ba83092f07750a3"},"description":"\u00c9 importante frisar que a tal faixa de nada denegria o nome de Rubinho ou continha palavras de baixo cal\u00e3o e que o ato arbitrado de tentativa de invas\u00e3o da sala da Organizada n\u00e3o tem a\u00e7\u00e3o legal","breadcrumb":{"@id":"https:\/\/sulsc.com\/index.php\/2024\/03\/10\/artigo-fcf-manda-arrombar-sala-privada-sem-mandado-de-busca-e-apreensao\/#breadcrumb"},"inLanguage":"en-US","potentialAction":[{"@type":"ReadAction","target":["https:\/\/sulsc.com\/index.php\/2024\/03\/10\/artigo-fcf-manda-arrombar-sala-privada-sem-mandado-de-busca-e-apreensao\/"]}]},{"@type":"BreadcrumbList","@id":"https:\/\/sulsc.com\/index.php\/2024\/03\/10\/artigo-fcf-manda-arrombar-sala-privada-sem-mandado-de-busca-e-apreensao\/#breadcrumb","itemListElement":[{"@type":"ListItem","position":1,"name":"In\u00edcio","item":"https:\/\/sulsc.com\/"},{"@type":"ListItem","position":2,"name":"ARTIGO: FCF manda arrombar sala privada sem mandado de busca e apreens\u00e3o"}]},{"@type":"WebSite","@id":"https:\/\/sulsc.com\/#website","url":"https:\/\/sulsc.com\/","name":"","description":"","potentialAction":[{"@type":"SearchAction","target":{"@type":"EntryPoint","urlTemplate":"https:\/\/sulsc.com\/?s={search_term_string}"},"query-input":"required name=search_term_string"}],"inLanguage":"en-US"},{"@type":"Person","@id":"https:\/\/sulsc.com\/#\/schema\/person\/84d2fc571684f6248ba83092f07750a3","name":"Reda\u00e7\u00e3o Sul SC","image":{"@type":"ImageObject","inLanguage":"en-US","@id":"https:\/\/sulsc.com\/#\/schema\/person\/image\/e08d7fe2cc4ed596372063bbe852b8d0","url":"https:\/\/sulsc.com\/wp-content\/uploads\/2023\/09\/redacao.png","contentUrl":"https:\/\/sulsc.com\/wp-content\/uploads\/2023\/09\/redacao.png","caption":"Reda\u00e7\u00e3o Sul SC"},"description":"Foco em um jornalismo imparcial, voltado \u00e0 qualidade dos seus conte\u00fados e, assim, levar informa\u00e7\u00e3o de valor que agregue \u00e0 vida dos leitores. Esta \u00e9 grande miss\u00e3o do Portal de Not\u00edcias Sul SC. N\u00e3o \u00e9 quantidade que muda o mundo, sempre foi e seguir\u00e1 sendo qualidade!","sameAs":["https:\/\/sulsc.com\/","https:\/\/www.facebook.com\/profile.php?id=61559278119680","https:\/\/www.instagram.com\/sulscportal\/?hl=pt-br","https:\/\/twitter.com\/https:\/\/twitter.com\/PortalSulSC","https:\/\/www.youtube.com\/channel\/UCv_BE8GeySluDov2n8qhVmw"],"url":"https:\/\/sulsc.com\/index.php\/author\/redacao\/"}]}},"authors":[],"_links":{"self":[{"href":"https:\/\/sulsc.com\/index.php\/wp-json\/wp\/v2\/posts\/9877"}],"collection":[{"href":"https:\/\/sulsc.com\/index.php\/wp-json\/wp\/v2\/posts"}],"about":[{"href":"https:\/\/sulsc.com\/index.php\/wp-json\/wp\/v2\/types\/post"}],"author":[{"embeddable":true,"href":"https:\/\/sulsc.com\/index.php\/wp-json\/wp\/v2\/users\/3"}],"replies":[{"embeddable":true,"href":"https:\/\/sulsc.com\/index.php\/wp-json\/wp\/v2\/comments?post=9877"}],"version-history":[{"count":1,"href":"https:\/\/sulsc.com\/index.php\/wp-json\/wp\/v2\/posts\/9877\/revisions"}],"predecessor-version":[{"id":9879,"href":"https:\/\/sulsc.com\/index.php\/wp-json\/wp\/v2\/posts\/9877\/revisions\/9879"}],"wp:featuredmedia":[{"embeddable":true,"href":"https:\/\/sulsc.com\/index.php\/wp-json\/wp\/v2\/media\/9878"}],"wp:attachment":[{"href":"https:\/\/sulsc.com\/index.php\/wp-json\/wp\/v2\/media?parent=9877"}],"wp:term":[{"taxonomy":"category","embeddable":true,"href":"https:\/\/sulsc.com\/index.php\/wp-json\/wp\/v2\/categories?post=9877"},{"taxonomy":"post_tag","embeddable":true,"href":"https:\/\/sulsc.com\/index.php\/wp-json\/wp\/v2\/tags?post=9877"}],"curies":[{"name":"wp","href":"https:\/\/api.w.org\/{rel}","templated":true}]}}