{"id":995,"date":"2023-09-12T07:30:00","date_gmt":"2023-09-12T10:30:00","guid":{"rendered":"https:\/\/sulsc.com\/?p=995"},"modified":"2023-09-12T07:03:48","modified_gmt":"2023-09-12T10:03:48","slug":"empresa-e-parcialmente-interditada-apos-vistoria-conjunta-em-imbituba","status":"publish","type":"post","link":"https:\/\/sulsc.com\/index.php\/2023\/09\/12\/empresa-e-parcialmente-interditada-apos-vistoria-conjunta-em-imbituba\/","title":{"rendered":"Empresa \u00e9 parcialmente interditada ap\u00f3s vistoria conjunta, em Imbituba"},"content":{"rendered":"<p>A pedido do Promotor de Justi\u00e7a Marcus Vinicius dos Santos, da 3\u00aa Promotoria de Justi\u00e7a da Comarca de Imbituba, o Instituto do Meio Ambiente (IMA) de Santa Catarina, a Vigil\u00e2ncia Sanit\u00e1ria &#8211; estadual e municipal &#8211; e as Secretarias de Sa\u00fade e do Meio Ambiente de Imbituba vistoriaram uma empresa cerealista e de armazenagem localizada em uma \u00e1rea residencial do munic\u00edpio, no bairro Nova Bras\u00edlia. A a\u00e7\u00e3o ocorreu nesta segunda-feira (11).<\/p>\n<p>A ind\u00fastria operava com carv\u00e3o coque, em quatro galp\u00f5es de lona, sem autoriza\u00e7\u00e3o. Confirmada a irregularidade, a Prefeitura de Imbituba, ent\u00e3o, interditou parcialmente o local, que segue somente com opera\u00e7\u00e3o de farelo de milho.\u00a0A partir desta ter\u00e7a-feira, a empresa tem 30 dias para paralisar totalmente as atividades carbon\u00edferas e, durante esse per\u00edodo, deve suspender qualquer recebimento do material, bem como retir\u00e1-lo dos galp\u00f5es.<\/p>\n<p>O ato foi um dos desdobramentos de uma not\u00edcia de fato instaurada pela 3\u00aa Promotoria de Justi\u00e7a da Comarca de Imbituba ap\u00f3s den\u00fancias de moradores do bairro sobre os danos causados pela atividade, devido \u00e0 proximidade com resid\u00eancias.\u00a0Segundo o Promotor de Justi\u00e7a, a empresa tinha somente autoriza\u00e7\u00e3o para operar com gr\u00e3os, em galp\u00e3o de alvenaria, mas acabou ampliando mais quatro galp\u00f5es de lona para a atividade carbon\u00edfera.<\/p>\n<p>&#8220;O cotidiano da comunidade est\u00e1 um caos. A poeira oriunda de res\u00edduos de carv\u00e3o, e tamb\u00e9m de farelo de milho, estava invadindo as casas, e a popula\u00e7\u00e3o, especialmente crian\u00e7as e idosos, vem sofrendo com problemas respirat\u00f3rios. Al\u00e9m do mais, n\u00e3o h\u00e1 o tratamento adequado dos efluentes e havia reclama\u00e7\u00f5es quanto aos ru\u00eddos, incluindo \u00e0 noite e madrugada, e odor extremamente forte&#8221;, colocou.<\/p>\n<p>Um relat\u00f3rio de fiscaliza\u00e7\u00e3o emitido pela Secretaria Municipal de Meio Ambiente j\u00e1 havia constatado diversos problemas de higieniza\u00e7\u00e3o das casas em raz\u00e3o do deslocamento pelo vento dos materiais expelidos pela empresa, em especial o carv\u00e3o coque, n\u00e3o autorizado para uso. A conduta foi classificada pela divis\u00e3o de fiscaliza\u00e7\u00e3o como grave e como potencial causadora de risco \u00e0 sa\u00fade humana.<\/p>\n<p>Os moradores j\u00e1 haviam feito um abaixo-assinado e o local havia sido multado e notificado com um auto de infra\u00e7\u00e3o ambiental pela Secretaria Municipal de Meio Ambiente. A Promotoria de Justi\u00e7a avalia, ainda, a altera\u00e7\u00e3o do Plano Diretor que permitiu o exerc\u00edcio da atividade, pois o Munic\u00edpio n\u00e3o poderia ter concedido licen\u00e7a de funcionamento dentro do per\u00edmetro urbano a um estabelecimento que possa prejudicar a sa\u00fade p\u00fablica.<\/p>\n<p><img fetchpriority=\"high\" decoding=\"async\" class=\"alignnone size-medium wp-image-996\" src=\"http:\/\/sulsc.com\/wp-content\/uploads\/2023\/09\/MPSC_Imbituba-2-300x226.jpeg\" alt=\"\" width=\"300\" height=\"226\" srcset=\"https:\/\/sulsc.com\/wp-content\/uploads\/2023\/09\/MPSC_Imbituba-2-300x226.jpeg 300w, https:\/\/sulsc.com\/wp-content\/uploads\/2023\/09\/MPSC_Imbituba-2-768x578.jpeg 768w, https:\/\/sulsc.com\/wp-content\/uploads\/2023\/09\/MPSC_Imbituba-2.jpeg 951w\" sizes=\"(max-width: 300px) 100vw, 300px\" \/><\/p>\n<p>Fonte: MPSC<\/p>\n","protected":false},"excerpt":{"rendered":"<p>A pedido do Promotor de Justi\u00e7a Marcus Vinicius dos Santos, da 3\u00aa Promotoria de Justi\u00e7a da Comarca de Imbituba, o Instituto do Meio Ambiente (IMA) de Santa Catarina, a Vigil\u00e2ncia Sanit\u00e1ria &#8211; estadual e municipal &#8211; e as Secretarias de Sa\u00fade e do Meio Ambiente de Imbituba vistoriaram uma empresa cerealista e de armazenagem localizada &hellip;<\/p>\n<p class=\"read-more\"> <a class=\"\" href=\"https:\/\/sulsc.com\/index.php\/2023\/09\/12\/empresa-e-parcialmente-interditada-apos-vistoria-conjunta-em-imbituba\/\"> <span class=\"screen-reader-text\">Empresa \u00e9 parcialmente interditada ap\u00f3s vistoria conjunta, em Imbituba<\/span> Read More &raquo;<\/a><\/p>\n","protected":false},"author":3,"featured_media":997,"comment_status":"open","ping_status":"open","sticky":false,"template":"","format":"standard","meta":{"site-sidebar-layout":"default","site-content-layout":"default","ast-site-content-layout":"","site-content-style":"default","site-sidebar-style":"default","ast-global-header-display":"","ast-banner-title-visibility":"","ast-main-header-display":"","ast-hfb-above-header-display":"","ast-hfb-below-header-display":"","ast-hfb-mobile-header-display":"","site-post-title":"","ast-breadcrumbs-content":"","ast-featured-img":"","footer-sml-layout":"","theme-transparent-header-meta":"default","adv-header-id-meta":"","stick-header-meta":"","header-above-stick-meta":"","header-main-stick-meta":"","header-below-stick-meta":"","astra-migrate-meta-layouts":"","footnotes":""},"categories":[41,17,8],"tags":[],"yoast_head":"<!-- This site is optimized with the Yoast SEO plugin v21.4 - https:\/\/yoast.com\/wordpress\/plugins\/seo\/ -->\n<title>Empresa \u00e9 parcialmente interditada ap\u00f3s vistoria conjunta, em Imbituba -<\/title>\n<meta name=\"robots\" content=\"index, follow, max-snippet:-1, max-image-preview:large, max-video-preview:-1\" \/>\n<link rel=\"canonical\" href=\"https:\/\/sulsc.com\/index.php\/2023\/09\/12\/empresa-e-parcialmente-interditada-apos-vistoria-conjunta-em-imbituba\/\" \/>\n<meta property=\"og:locale\" content=\"en_US\" \/>\n<meta property=\"og:type\" content=\"article\" \/>\n<meta property=\"og:title\" content=\"Empresa \u00e9 parcialmente interditada ap\u00f3s vistoria conjunta, em Imbituba -\" \/>\n<meta property=\"og:description\" content=\"A pedido do Promotor de Justi\u00e7a Marcus Vinicius dos Santos, da 3\u00aa Promotoria de Justi\u00e7a da Comarca de Imbituba, o Instituto do Meio Ambiente (IMA) de Santa Catarina, a Vigil\u00e2ncia Sanit\u00e1ria &#8211; estadual e municipal &#8211; e as Secretarias de Sa\u00fade e do Meio Ambiente de Imbituba vistoriaram uma empresa cerealista e de armazenagem localizada &hellip; Empresa \u00e9 parcialmente interditada ap\u00f3s vistoria conjunta, em Imbituba Read More &raquo;\" \/>\n<meta property=\"og:url\" content=\"https:\/\/sulsc.com\/index.php\/2023\/09\/12\/empresa-e-parcialmente-interditada-apos-vistoria-conjunta-em-imbituba\/\" \/>\n<meta property=\"article:author\" content=\"https:\/\/www.facebook.com\/profile.php?id=61559278119680\" \/>\n<meta property=\"article:published_time\" content=\"2023-09-12T10:30:00+00:00\" \/>\n<meta property=\"article:modified_time\" content=\"2023-09-12T10:03:48+00:00\" \/>\n<meta property=\"og:image\" content=\"https:\/\/sulsc.com\/wp-content\/uploads\/2023\/09\/MPSC_Imbituba.png\" \/>\n\t<meta property=\"og:image:width\" content=\"570\" \/>\n\t<meta property=\"og:image:height\" content=\"400\" \/>\n\t<meta property=\"og:image:type\" content=\"image\/png\" \/>\n<meta name=\"author\" content=\"Reda\u00e7\u00e3o Sul SC\" \/>\n<meta name=\"twitter:card\" content=\"summary_large_image\" \/>\n<meta name=\"twitter:creator\" content=\"@https:\/\/twitter.com\/PortalSulSC\" \/>\n<meta name=\"twitter:label1\" content=\"Written by\" \/>\n\t<meta name=\"twitter:data1\" content=\"Reda\u00e7\u00e3o Sul SC\" \/>\n\t<meta name=\"twitter:label2\" content=\"Est. reading time\" \/>\n\t<meta name=\"twitter:data2\" content=\"2 minutes\" \/>\n<script type=\"application\/ld+json\" class=\"yoast-schema-graph\">{\"@context\":\"https:\/\/schema.org\",\"@graph\":[{\"@type\":\"WebPage\",\"@id\":\"https:\/\/sulsc.com\/index.php\/2023\/09\/12\/empresa-e-parcialmente-interditada-apos-vistoria-conjunta-em-imbituba\/\",\"url\":\"https:\/\/sulsc.com\/index.php\/2023\/09\/12\/empresa-e-parcialmente-interditada-apos-vistoria-conjunta-em-imbituba\/\",\"name\":\"Empresa \u00e9 parcialmente interditada ap\u00f3s vistoria conjunta, em Imbituba -\",\"isPartOf\":{\"@id\":\"https:\/\/sulsc.com\/#website\"},\"datePublished\":\"2023-09-12T10:30:00+00:00\",\"dateModified\":\"2023-09-12T10:03:48+00:00\",\"author\":{\"@id\":\"https:\/\/sulsc.com\/#\/schema\/person\/84d2fc571684f6248ba83092f07750a3\"},\"breadcrumb\":{\"@id\":\"https:\/\/sulsc.com\/index.php\/2023\/09\/12\/empresa-e-parcialmente-interditada-apos-vistoria-conjunta-em-imbituba\/#breadcrumb\"},\"inLanguage\":\"en-US\",\"potentialAction\":[{\"@type\":\"ReadAction\",\"target\":[\"https:\/\/sulsc.com\/index.php\/2023\/09\/12\/empresa-e-parcialmente-interditada-apos-vistoria-conjunta-em-imbituba\/\"]}]},{\"@type\":\"BreadcrumbList\",\"@id\":\"https:\/\/sulsc.com\/index.php\/2023\/09\/12\/empresa-e-parcialmente-interditada-apos-vistoria-conjunta-em-imbituba\/#breadcrumb\",\"itemListElement\":[{\"@type\":\"ListItem\",\"position\":1,\"name\":\"In\u00edcio\",\"item\":\"https:\/\/sulsc.com\/\"},{\"@type\":\"ListItem\",\"position\":2,\"name\":\"Empresa \u00e9 parcialmente interditada ap\u00f3s vistoria conjunta, em Imbituba\"}]},{\"@type\":\"WebSite\",\"@id\":\"https:\/\/sulsc.com\/#website\",\"url\":\"https:\/\/sulsc.com\/\",\"name\":\"\",\"description\":\"\",\"potentialAction\":[{\"@type\":\"SearchAction\",\"target\":{\"@type\":\"EntryPoint\",\"urlTemplate\":\"https:\/\/sulsc.com\/?s={search_term_string}\"},\"query-input\":\"required name=search_term_string\"}],\"inLanguage\":\"en-US\"},{\"@type\":\"Person\",\"@id\":\"https:\/\/sulsc.com\/#\/schema\/person\/84d2fc571684f6248ba83092f07750a3\",\"name\":\"Reda\u00e7\u00e3o Sul SC\",\"image\":{\"@type\":\"ImageObject\",\"inLanguage\":\"en-US\",\"@id\":\"https:\/\/sulsc.com\/#\/schema\/person\/image\/e08d7fe2cc4ed596372063bbe852b8d0\",\"url\":\"https:\/\/sulsc.com\/wp-content\/uploads\/2023\/09\/redacao.png\",\"contentUrl\":\"https:\/\/sulsc.com\/wp-content\/uploads\/2023\/09\/redacao.png\",\"caption\":\"Reda\u00e7\u00e3o Sul SC\"},\"description\":\"Foco em um jornalismo imparcial, voltado \u00e0 qualidade dos seus conte\u00fados e, assim, levar informa\u00e7\u00e3o de valor que agregue \u00e0 vida dos leitores. Esta \u00e9 grande miss\u00e3o do Portal de Not\u00edcias Sul SC. N\u00e3o \u00e9 quantidade que muda o mundo, sempre foi e seguir\u00e1 sendo qualidade!\",\"sameAs\":[\"https:\/\/sulsc.com\/\",\"https:\/\/www.facebook.com\/profile.php?id=61559278119680\",\"https:\/\/www.instagram.com\/sulscportal\/?hl=pt-br\",\"https:\/\/twitter.com\/https:\/\/twitter.com\/PortalSulSC\",\"https:\/\/www.youtube.com\/channel\/UCv_BE8GeySluDov2n8qhVmw\"],\"url\":\"https:\/\/sulsc.com\/index.php\/author\/redacao\/\"}]}<\/script>\n<!-- \/ Yoast SEO plugin. -->","yoast_head_json":{"title":"Empresa \u00e9 parcialmente interditada ap\u00f3s vistoria conjunta, em Imbituba -","robots":{"index":"index","follow":"follow","max-snippet":"max-snippet:-1","max-image-preview":"max-image-preview:large","max-video-preview":"max-video-preview:-1"},"canonical":"https:\/\/sulsc.com\/index.php\/2023\/09\/12\/empresa-e-parcialmente-interditada-apos-vistoria-conjunta-em-imbituba\/","og_locale":"en_US","og_type":"article","og_title":"Empresa \u00e9 parcialmente interditada ap\u00f3s vistoria conjunta, em Imbituba -","og_description":"A pedido do Promotor de Justi\u00e7a Marcus Vinicius dos Santos, da 3\u00aa Promotoria de Justi\u00e7a da Comarca de Imbituba, o Instituto do Meio Ambiente (IMA) de Santa Catarina, a Vigil\u00e2ncia Sanit\u00e1ria &#8211; estadual e municipal &#8211; e as Secretarias de Sa\u00fade e do Meio Ambiente de Imbituba vistoriaram uma empresa cerealista e de armazenagem localizada &hellip; Empresa \u00e9 parcialmente interditada ap\u00f3s vistoria conjunta, em Imbituba Read More &raquo;","og_url":"https:\/\/sulsc.com\/index.php\/2023\/09\/12\/empresa-e-parcialmente-interditada-apos-vistoria-conjunta-em-imbituba\/","article_author":"https:\/\/www.facebook.com\/profile.php?id=61559278119680","article_published_time":"2023-09-12T10:30:00+00:00","article_modified_time":"2023-09-12T10:03:48+00:00","og_image":[{"width":570,"height":400,"url":"https:\/\/sulsc.com\/wp-content\/uploads\/2023\/09\/MPSC_Imbituba.png","type":"image\/png"}],"author":"Reda\u00e7\u00e3o Sul SC","twitter_card":"summary_large_image","twitter_creator":"@https:\/\/twitter.com\/PortalSulSC","twitter_misc":{"Written by":"Reda\u00e7\u00e3o Sul SC","Est. reading time":"2 minutes"},"schema":{"@context":"https:\/\/schema.org","@graph":[{"@type":"WebPage","@id":"https:\/\/sulsc.com\/index.php\/2023\/09\/12\/empresa-e-parcialmente-interditada-apos-vistoria-conjunta-em-imbituba\/","url":"https:\/\/sulsc.com\/index.php\/2023\/09\/12\/empresa-e-parcialmente-interditada-apos-vistoria-conjunta-em-imbituba\/","name":"Empresa \u00e9 parcialmente interditada ap\u00f3s vistoria conjunta, em Imbituba -","isPartOf":{"@id":"https:\/\/sulsc.com\/#website"},"datePublished":"2023-09-12T10:30:00+00:00","dateModified":"2023-09-12T10:03:48+00:00","author":{"@id":"https:\/\/sulsc.com\/#\/schema\/person\/84d2fc571684f6248ba83092f07750a3"},"breadcrumb":{"@id":"https:\/\/sulsc.com\/index.php\/2023\/09\/12\/empresa-e-parcialmente-interditada-apos-vistoria-conjunta-em-imbituba\/#breadcrumb"},"inLanguage":"en-US","potentialAction":[{"@type":"ReadAction","target":["https:\/\/sulsc.com\/index.php\/2023\/09\/12\/empresa-e-parcialmente-interditada-apos-vistoria-conjunta-em-imbituba\/"]}]},{"@type":"BreadcrumbList","@id":"https:\/\/sulsc.com\/index.php\/2023\/09\/12\/empresa-e-parcialmente-interditada-apos-vistoria-conjunta-em-imbituba\/#breadcrumb","itemListElement":[{"@type":"ListItem","position":1,"name":"In\u00edcio","item":"https:\/\/sulsc.com\/"},{"@type":"ListItem","position":2,"name":"Empresa \u00e9 parcialmente interditada ap\u00f3s vistoria conjunta, em Imbituba"}]},{"@type":"WebSite","@id":"https:\/\/sulsc.com\/#website","url":"https:\/\/sulsc.com\/","name":"","description":"","potentialAction":[{"@type":"SearchAction","target":{"@type":"EntryPoint","urlTemplate":"https:\/\/sulsc.com\/?s={search_term_string}"},"query-input":"required name=search_term_string"}],"inLanguage":"en-US"},{"@type":"Person","@id":"https:\/\/sulsc.com\/#\/schema\/person\/84d2fc571684f6248ba83092f07750a3","name":"Reda\u00e7\u00e3o Sul SC","image":{"@type":"ImageObject","inLanguage":"en-US","@id":"https:\/\/sulsc.com\/#\/schema\/person\/image\/e08d7fe2cc4ed596372063bbe852b8d0","url":"https:\/\/sulsc.com\/wp-content\/uploads\/2023\/09\/redacao.png","contentUrl":"https:\/\/sulsc.com\/wp-content\/uploads\/2023\/09\/redacao.png","caption":"Reda\u00e7\u00e3o Sul SC"},"description":"Foco em um jornalismo imparcial, voltado \u00e0 qualidade dos seus conte\u00fados e, assim, levar informa\u00e7\u00e3o de valor que agregue \u00e0 vida dos leitores. Esta \u00e9 grande miss\u00e3o do Portal de Not\u00edcias Sul SC. N\u00e3o \u00e9 quantidade que muda o mundo, sempre foi e seguir\u00e1 sendo qualidade!","sameAs":["https:\/\/sulsc.com\/","https:\/\/www.facebook.com\/profile.php?id=61559278119680","https:\/\/www.instagram.com\/sulscportal\/?hl=pt-br","https:\/\/twitter.com\/https:\/\/twitter.com\/PortalSulSC","https:\/\/www.youtube.com\/channel\/UCv_BE8GeySluDov2n8qhVmw"],"url":"https:\/\/sulsc.com\/index.php\/author\/redacao\/"}]}},"authors":[],"_links":{"self":[{"href":"https:\/\/sulsc.com\/index.php\/wp-json\/wp\/v2\/posts\/995"}],"collection":[{"href":"https:\/\/sulsc.com\/index.php\/wp-json\/wp\/v2\/posts"}],"about":[{"href":"https:\/\/sulsc.com\/index.php\/wp-json\/wp\/v2\/types\/post"}],"author":[{"embeddable":true,"href":"https:\/\/sulsc.com\/index.php\/wp-json\/wp\/v2\/users\/3"}],"replies":[{"embeddable":true,"href":"https:\/\/sulsc.com\/index.php\/wp-json\/wp\/v2\/comments?post=995"}],"version-history":[{"count":1,"href":"https:\/\/sulsc.com\/index.php\/wp-json\/wp\/v2\/posts\/995\/revisions"}],"predecessor-version":[{"id":998,"href":"https:\/\/sulsc.com\/index.php\/wp-json\/wp\/v2\/posts\/995\/revisions\/998"}],"wp:featuredmedia":[{"embeddable":true,"href":"https:\/\/sulsc.com\/index.php\/wp-json\/wp\/v2\/media\/997"}],"wp:attachment":[{"href":"https:\/\/sulsc.com\/index.php\/wp-json\/wp\/v2\/media?parent=995"}],"wp:term":[{"taxonomy":"category","embeddable":true,"href":"https:\/\/sulsc.com\/index.php\/wp-json\/wp\/v2\/categories?post=995"},{"taxonomy":"post_tag","embeddable":true,"href":"https:\/\/sulsc.com\/index.php\/wp-json\/wp\/v2\/tags?post=995"}],"curies":[{"name":"wp","href":"https:\/\/api.w.org\/{rel}","templated":true}]}}